{"id":487393,"date":"2021-11-26T12:44:15","date_gmt":"2021-11-26T11:44:15","guid":{"rendered":"https:\/\/www.hashtag.al\/?p=487393"},"modified":"2021-11-26T12:44:15","modified_gmt":"2021-11-26T11:44:15","slug":"kurti-sot-nenshkruam-13-marreveshje-bashkepunimi-do-te-forcoje-dy-shtetet-tona","status":"publish","type":"post","link":"https:\/\/www.hashtag.al\/index.php\/2021\/11\/26\/kurti-sot-nenshkruam-13-marreveshje-bashkepunimi-do-te-forcoje-dy-shtetet-tona\/","title":{"rendered":"Kurti: Sot n\u00ebnshkruam 13 marr\u00ebveshje, bashk\u00ebpunimi do t\u00eb forcoj\u00eb dy shtetet tona","gt_translate_keys":[{"key":"rendered","format":"text"}]},"content":{"rendered":"<p><span style=\"color: #000000;\"><a href=\"https:\/\/www.hashtag.al\/wp-content\/uploads\/2021\/11\/KURTI-3.jpg\"><img loading=\"lazy\" decoding=\"async\" class=\"aligncenter size-full wp-image-487394\" src=\"https:\/\/www.hashtag.al\/wp-content\/uploads\/2021\/11\/KURTI-3.jpg\" alt=\"\" width=\"905\" height=\"535\" srcset=\"https:\/\/www.hashtag.al\/wp-content\/uploads\/2021\/11\/KURTI-3.jpg 905w, https:\/\/www.hashtag.al\/wp-content\/uploads\/2021\/11\/KURTI-3-300x177.jpg 300w, https:\/\/www.hashtag.al\/wp-content\/uploads\/2021\/11\/KURTI-3-768x454.jpg 768w\" sizes=\"auto, (max-width: 905px) 100vw, 905px\" \/><\/a><\/span><\/p>\n<p><span style=\"color: #000000;\">Kryeministri i Kosov\u00ebs Albin Kurti, n\u00eb konferenc\u00ebn e p\u00ebrbashk\u00ebt me homologun e tij Edi Rama tha se marr\u00ebveshjet ne n\u00ebnshkruara dit\u00ebn e sotme mes dy qeverive do t\u00eb forcojn\u00eb m\u00eb shum\u00eb t\u00eb dy shtetet. Sipas tij, b\u00ebhet fjal\u00eb p\u00ebr 13 marr\u00ebveshje.<\/span><\/p>\n<p><span style=\"color: #000000;\">\u00a0<em>\u201cI dashur Edi ne po mbjellim s\u00eb bashku, dhe do t\u00eb na duhet edhe diell edhe shi, q\u00eb t\u00eb vjelim frytet p\u00ebr qytetar\u00ebt tan\u00eb. Jam i g\u00ebzuar p\u00ebr mbledhjen e 7-t\u00eb mes dy qeverive tona, kemi n\u00ebnshkruar 13 marr\u00ebveshje sot, duke e rritur m\u00eb tej bashk\u00ebpunimin p\u00ebr m\u00eb shum\u00eb drejt\u00ebsi, zhvillim dhe mir\u00ebq\u00ebnie p\u00ebr shqiptar\u00ebt n\u00eb t\u00eb dy an\u00ebt e kufirit.<\/em><\/span><\/p>\n<p><span style=\"color: #000000;\"><em>N\u00ebp\u00ebrmjet marr\u00ebveshjeve t\u00eb n\u00ebnshkruara do t\u00eb rrisim edhe m\u00eb tej bashk\u00ebpunimin p\u00ebr m\u00eb shum\u00eb drejt\u00ebsi, barazi, zhvillim e mir\u00ebqenie Marr\u00ebveshjet jan\u00eb me r\u00ebnd\u00ebsi ekonomike e kulturore. Bashk\u00ebpunimi do t\u00eb forcojm\u00eb marr\u00ebdh\u00ebniet tona. marr\u00ebveshjet jan\u00eb n\u00eb horizontin e integrimit europian, i cili \u00ebsht\u00eb fati yn\u00eb. Marr\u00ebveshje si k\u00ebto sot do mund\u00ebsojn\u00eb q\u00eb vizionet dhe programet e t\u00eb dy qeverive t\u2019i p\u00ebrkthejm\u00eb n\u00eb veprime konkrete. Gjithashtu gjat\u00eb dit\u00ebs s\u00eb sotme do t\u00eb diskutojm\u00eb p\u00ebr veprime konkrete p\u00ebr t\u00eb vler\u00ebsuar bashk\u00ebpunimin ekonomik t\u00eb deritanish\u00ebm. Lidhshm\u00ebria jan\u00eb gjuh\u00ebsore, kulturore jan\u00eb nyje t\u00eb forta historike.\u201d-<\/em>tha Kurti.<\/span><\/p>\n","protected":false,"gt_translate_keys":[{"key":"rendered","format":"html"}]},"excerpt":{"rendered":"<p>Kryeministri i Kosov\u00ebs Albin Kurti, n\u00eb konferenc\u00ebn e p\u00ebrbashk\u00ebt me homologun e tij Edi Rama tha se marr\u00ebveshjet ne n\u00ebnshkruara dit\u00ebn e sotme mes dy qeverive do t\u00eb forcojn\u00eb m\u00eb shum\u00eb t\u00eb dy shtetet. Sipas tij, b\u00ebhet fjal\u00eb p\u00ebr 13 marr\u00ebveshje. \u00a0\u201cI dashur Edi ne po mbjellim s\u00eb bashku, dhe do t\u00eb na duhet edhe [&hellip;]<\/p>\n","protected":false,"gt_translate_keys":[{"key":"rendered","format":"html"}]},"author":30,"featured_media":487394,"comment_status":"closed","ping_status":"closed","sticky":false,"template":"","format":"standard","meta":{"footnotes":""},"categories":[65,13],"tags":[],"class_list":["post-487393","post","type-post","status-publish","format-standard","has-post-thumbnail","hentry","category-lajme","category-te-fundit"],"gt_translate_keys":[{"key":"link","format":"url"}],"_links":{"self":[{"href":"https:\/\/www.hashtag.al\/index.php\/wp-json\/wp\/v2\/posts\/487393","targetHints":{"allow":["GET"]}}],"collection":[{"href":"https:\/\/www.hashtag.al\/index.php\/wp-json\/wp\/v2\/posts"}],"about":[{"href":"https:\/\/www.hashtag.al\/index.php\/wp-json\/wp\/v2\/types\/post"}],"author":[{"embeddable":true,"href":"https:\/\/www.hashtag.al\/index.php\/wp-json\/wp\/v2\/users\/30"}],"replies":[{"embeddable":true,"href":"https:\/\/www.hashtag.al\/index.php\/wp-json\/wp\/v2\/comments?post=487393"}],"version-history":[{"count":0,"href":"https:\/\/www.hashtag.al\/index.php\/wp-json\/wp\/v2\/posts\/487393\/revisions"}],"wp:featuredmedia":[{"embeddable":true,"href":"https:\/\/www.hashtag.al\/index.php\/wp-json\/wp\/v2\/media\/487394"}],"wp:attachment":[{"href":"https:\/\/www.hashtag.al\/index.php\/wp-json\/wp\/v2\/media?parent=487393"}],"wp:term":[{"taxonomy":"category","embeddable":true,"href":"https:\/\/www.hashtag.al\/index.php\/wp-json\/wp\/v2\/categories?post=487393"},{"taxonomy":"post_tag","embeddable":true,"href":"https:\/\/www.hashtag.al\/index.php\/wp-json\/wp\/v2\/tags?post=487393"}],"curies":[{"name":"wp","href":"https:\/\/api.w.org\/{rel}","templated":true}]}}