{"id":487388,"date":"2021-11-26T12:27:23","date_gmt":"2021-11-26T11:27:23","guid":{"rendered":"https:\/\/www.hashtag.al\/?p=487388"},"modified":"2021-11-26T12:27:23","modified_gmt":"2021-11-26T11:27:23","slug":"rama-ne-krah-te-kurtit-ne-konference-regjim-i-ri-ne-dogana-monitorim-me-kamera-ne-kufi-dhe-pa-kontrolle-fizike","status":"publish","type":"post","link":"https:\/\/www.hashtag.al\/index.php\/2021\/11\/26\/rama-ne-krah-te-kurtit-ne-konference-regjim-i-ri-ne-dogana-monitorim-me-kamera-ne-kufi-dhe-pa-kontrolle-fizike\/","title":{"rendered":"Rama n\u00eb krah t\u00eb Kurtit n\u00eb Konferenc\u00eb: Regjim i ri n\u00eb dogana, monitorim me kamera n\u00eb kufi dhe pa kontrolle fizike","gt_translate_keys":[{"key":"rendered","format":"text"}]},"content":{"rendered":"<p><span style=\"color: #000000;\"><a href=\"https:\/\/www.hashtag.al\/wp-content\/uploads\/2021\/11\/ramaa-2.jpg\"><img loading=\"lazy\" decoding=\"async\" class=\"aligncenter size-full wp-image-487389\" src=\"https:\/\/www.hashtag.al\/wp-content\/uploads\/2021\/11\/ramaa-2.jpg\" alt=\"\" width=\"926\" height=\"474\" srcset=\"https:\/\/www.hashtag.al\/wp-content\/uploads\/2021\/11\/ramaa-2.jpg 926w, https:\/\/www.hashtag.al\/wp-content\/uploads\/2021\/11\/ramaa-2-300x154.jpg 300w, https:\/\/www.hashtag.al\/wp-content\/uploads\/2021\/11\/ramaa-2-768x393.jpg 768w, https:\/\/www.hashtag.al\/wp-content\/uploads\/2021\/11\/ramaa-2-568x290.jpg 568w\" sizes=\"auto, (max-width: 926px) 100vw, 926px\" \/><\/a><\/span><\/p>\n<p><span style=\"color: #000000;\">Gjat\u00eb konferenc\u00ebs s\u00eb p\u00ebrbashk\u00ebt nd\u00ebrmjet dy qeverive t\u00eb Shqip\u00ebris\u00eb dhe t\u00eb Kosov\u00ebs, kryeministri Edi Rama tha se do t\u00eb krijohet nj\u00eb manual i ri i p\u00ebrbashk\u00ebt p\u00ebr procedurat standarde n\u00eb Portin e Durr\u00ebsit.<\/span><\/p>\n<p><span style=\"color: #000000;\">Po ashtu, ai deklaroi se n\u00eb kufi do t\u00eb krijohet nj\u00eb sistem alternativ me kamera n\u00eb kufi, p\u00ebr kontrollin e makinave pa ndaluar por me monitorim p\u00ebrmes kamerave dhe pa kontrolle fizike.<\/span><\/p>\n<p><em><span style=\"color: #000000;\">\u00a0\u201cKemi firmosur nj\u00eb s\u00ebr\u00eb marr\u00ebveshjesh konkrete, ku pa dashur q\u00eb t\u00eb marr\u00eb koh\u00eb t\u00eb tep\u00ebrt, t\u00eb n\u00ebnvizoja marr\u00ebveshjen e b\u00ebr\u00eb p\u00ebr studimin e fizibilitetit t\u00eb hekurudh\u00ebs Durr\u00ebs-Prishtin\u00eb. T\u00eb dyja qeverit\u00eb kan\u00eb p\u00ebrcaktuar n\u00eb buxhetin e 2022-it, nj\u00eb fond, t\u00eb dyja ministrit\u00eb kan\u00eb dakord\u00ebsuar p\u00ebr ngritjen e ekipit t\u00eb p\u00ebrbashk\u00ebt t\u00eb pun\u00ebs. Po ashtu dua t\u00eb n\u00ebnvizoj\u00eb marr\u00ebveshjen q\u00eb \u00e7on n\u00eb nj\u00eb nivel t\u00eb ri bashk\u00ebpunimin doganor, nj\u00eb k\u00ebrkes\u00eb legjitime e kahershme e koh\u00ebs, e eksportuesve dhe importuesve n\u00eb t\u00eb dy an\u00ebt e kufirit, t\u00eb cil\u00ebt do t\u00eb jen\u00eb p\u00ebrfituesit e drejtp\u00ebrdrejt\u00eb. M\u00eb tutje n\u00ebnvizoj se eliminimi i procedurave t\u00eb dyfishta \u00ebsht\u00eb objektiv i yni n\u00eb t\u00eb gjith\u00eb sektor\u00ebt. Krijimi i manualit t\u00eb ri p\u00ebr operimin n\u00eb dogan\u00ebn e Durr\u00ebsit, \u00ebsht\u00eb ky\u00e7i p\u00ebr t\u00eb ngritur n\u00eb nj\u00eb nivel tjet\u00ebr l\u00ebvizjen e lir\u00eb. E treta dua t\u00eb n\u00ebnvizoj\u00eb, pasi \u00ebsht\u00eb dhe lajm i mir\u00eb p\u00ebr t\u00eb gjith\u00eb qytetar\u00ebt nga t\u00eb dy an\u00ebt, ve\u00e7an\u00ebrisht p\u00ebr qytetar\u00ebt e Kosov\u00ebs t\u00eb cil\u00ebt v\u00ebrshojn\u00eb n\u00eb dit\u00eb festash apo n\u00eb sezon veror n\u00eb Shqip\u00ebri, \u00ebsht\u00eb dakord\u00ebsuar nj\u00eb regjim i ri doganor p\u00ebr ta n\u00eb kufi, duke parasysh q\u00eb mos t\u00eb ket\u00eb radh\u00eb t\u00eb dyfisht\u00eb.<\/span><\/em><\/p>\n<p><span style=\"color: #000000;\"><em>Po punohet p\u00ebr nj\u00eb sistem alternativ monitorimi t\u00eb pikave kufitare me kamera, pa kontrolle fizike, duke e b\u00ebr\u00eb kufirin krejt\u00ebsisht fluid. Dua t\u00eb n\u00ebnvizoj edhe at\u00eb q\u00eb \u00ebsht\u00eb nj\u00eb objektiv i p\u00ebrbashk\u00ebt i dy qeverive, por edhe personalisht i Albinit dhe i imi, p\u00ebr t\u00eb shtrir\u00eb sa m\u00eb shum\u00eb rrjetin e sh\u00ebrbimeve konsullore t\u00eb p\u00ebrbashk\u00ebta, duke u bazuar te disa modele pozitive, si Milano, Munich. Dua t\u00eb fal\u00ebnderoj personalisht Albinin p\u00ebr ritmin e ri q\u00eb ka marr\u00eb ky proces. Nj\u00eb pjes\u00eb t\u00eb k\u00ebtyre marr\u00ebveshjeve jan\u00eb n\u00eb zbatim. Problematika e zbritjes nga niveli m\u00eb i larte te administrata, mund t\u00eb kthehet n\u00eb problematik\u00eb bllokuese. Krijimi i sekretariatit p\u00ebr koordinimin e t\u00eb dy qeverive, n\u00eb funksion t\u00eb t\u00eb dy marr\u00ebveshjeve, si mekaniz\u00ebm i ri funksional, q\u00eb raporton dhe orientohet nga zyrat e kryeministrave. Albin miku im, shum\u00eb faleminderit p\u00ebr mundimin p\u00ebr t\u00eb ardhur deri k\u00ebtu, Do kishim dashur q\u00eb t\u2019ju prisnim me diell, por megjithat\u00eb mbase ky shi q\u00eb vazhdon e instiston \u00ebsht\u00eb nj\u00eb bereqet. Bashkimi dhe intensifikimi i sa m\u00eb shum\u00eb t\u00eb t\u00eb gjith\u00eb hap\u00ebsir\u00ebs dhe nd\u00ebrveprimi i t\u00eb dy shteteve, p\u00ebr t\u00eb punuar q\u00eb t\u00eb kthejm\u00eb kufirin n\u00eb normalitet, dhe jo si nj\u00eb mur p\u00ebr nd\u00ebrveprimet t\u00eb t\u00eb dy bashk\u00ebsive q\u00eb kemi nderin e madh n\u00eb k\u00ebt\u00eb faz\u00eb t\u00eb udh\u00ebheqim.<\/em>\u201d- tha Rama.<\/span><\/p>\n","protected":false,"gt_translate_keys":[{"key":"rendered","format":"html"}]},"excerpt":{"rendered":"<p>Gjat\u00eb konferenc\u00ebs s\u00eb p\u00ebrbashk\u00ebt nd\u00ebrmjet dy qeverive t\u00eb Shqip\u00ebris\u00eb dhe t\u00eb Kosov\u00ebs, kryeministri Edi Rama tha se do t\u00eb krijohet nj\u00eb manual i ri i p\u00ebrbashk\u00ebt p\u00ebr procedurat standarde n\u00eb Portin e Durr\u00ebsit. Po ashtu, ai deklaroi se n\u00eb kufi do t\u00eb krijohet nj\u00eb sistem alternativ me kamera n\u00eb kufi, p\u00ebr kontrollin e makinave pa [&hellip;]<\/p>\n","protected":false,"gt_translate_keys":[{"key":"rendered","format":"html"}]},"author":30,"featured_media":487389,"comment_status":"closed","ping_status":"closed","sticky":false,"template":"","format":"standard","meta":{"footnotes":""},"categories":[65,13],"tags":[],"class_list":["post-487388","post","type-post","status-publish","format-standard","has-post-thumbnail","hentry","category-lajme","category-te-fundit"],"gt_translate_keys":[{"key":"link","format":"url"}],"_links":{"self":[{"href":"https:\/\/www.hashtag.al\/index.php\/wp-json\/wp\/v2\/posts\/487388","targetHints":{"allow":["GET"]}}],"collection":[{"href":"https:\/\/www.hashtag.al\/index.php\/wp-json\/wp\/v2\/posts"}],"about":[{"href":"https:\/\/www.hashtag.al\/index.php\/wp-json\/wp\/v2\/types\/post"}],"author":[{"embeddable":true,"href":"https:\/\/www.hashtag.al\/index.php\/wp-json\/wp\/v2\/users\/30"}],"replies":[{"embeddable":true,"href":"https:\/\/www.hashtag.al\/index.php\/wp-json\/wp\/v2\/comments?post=487388"}],"version-history":[{"count":0,"href":"https:\/\/www.hashtag.al\/index.php\/wp-json\/wp\/v2\/posts\/487388\/revisions"}],"wp:featuredmedia":[{"embeddable":true,"href":"https:\/\/www.hashtag.al\/index.php\/wp-json\/wp\/v2\/media\/487389"}],"wp:attachment":[{"href":"https:\/\/www.hashtag.al\/index.php\/wp-json\/wp\/v2\/media?parent=487388"}],"wp:term":[{"taxonomy":"category","embeddable":true,"href":"https:\/\/www.hashtag.al\/index.php\/wp-json\/wp\/v2\/categories?post=487388"},{"taxonomy":"post_tag","embeddable":true,"href":"https:\/\/www.hashtag.al\/index.php\/wp-json\/wp\/v2\/tags?post=487388"}],"curies":[{"name":"wp","href":"https:\/\/api.w.org\/{rel}","templated":true}]}}