{"id":487321,"date":"2021-11-26T09:49:39","date_gmt":"2021-11-26T08:49:39","guid":{"rendered":"https:\/\/www.hashtag.al\/?p=487321"},"modified":"2021-11-26T09:55:48","modified_gmt":"2021-11-26T08:55:48","slug":"nuk-kam-kohe-rama-i-del-ne-krah-bora-muzhaqit-thjesht-ska-eksperience","status":"publish","type":"post","link":"https:\/\/www.hashtag.al\/index.php\/2021\/11\/26\/nuk-kam-kohe-rama-i-del-ne-krah-bora-muzhaqit-thjesht-ska-eksperience\/","title":{"rendered":"\u201cNuk kam koh\u00eb\u201d &#8211; Rama i del n\u00eb krah Bora Muzhaqit: Thjesht s\u2019ka eksperienc\u00eb","gt_translate_keys":[{"key":"rendered","format":"text"}]},"content":{"rendered":"<p><span style=\"color: #000000;\"><a href=\"https:\/\/www.hashtag.al\/wp-content\/uploads\/2021\/11\/erama-4.jpg\"><img loading=\"lazy\" decoding=\"async\" class=\"aligncenter size-full wp-image-487322\" src=\"https:\/\/www.hashtag.al\/wp-content\/uploads\/2021\/11\/erama-4.jpg\" alt=\"\" width=\"842\" height=\"460\" srcset=\"https:\/\/www.hashtag.al\/wp-content\/uploads\/2021\/11\/erama-4.jpg 842w, https:\/\/www.hashtag.al\/wp-content\/uploads\/2021\/11\/erama-4-300x164.jpg 300w, https:\/\/www.hashtag.al\/wp-content\/uploads\/2021\/11\/erama-4-768x420.jpg 768w\" sizes=\"auto, (max-width: 842px) 100vw, 842px\" \/><\/a><\/span><\/p>\n<p><span style=\"color: #000000;\">Kryeministri Edi Rama gjat\u00eb nj\u00eb interviste mbr\u00ebmjen e kaluar, ka marr\u00eb n\u00eb mbrojtje ministren Bora Muzhaqi, p\u00ebr sjelljen e saj kur u pyet nga gazetar\u00ebt lidhur me ngjarjen e r\u00ebnd\u00eb n\u00eb Fier, t\u00eb vrasjes s\u00eb nj\u00eb f\u00ebmije 8-vje\u00e7ar.<\/span><\/p>\n<p><span style=\"color: #000000;\">I pyetur n\u00eb emisionin \u201cT\u00eb Paekspozuarit\u201d p\u00ebr ministren, Rama e justifikoi duke th\u00ebn\u00eb se Muzhaqi thjesht nuk kishte eksperienc\u00eb me mediet.<\/span><\/p>\n<p><em><span style=\"color: #000000;\">&#8220;E para e pun\u00ebs nj\u00ebher\u00eb ajo \u00ebsht\u00eb thjesht munges\u00eb eksperience kur t\u00eb gjenden gazetar\u00ebt p\u00ebrball\u00eb n\u00eb momentin e par\u00eb. Nuk ka problem. Nuk \u00ebsht\u00eb katapultim fare.<\/span><\/em><\/p>\n<p><em><span style=\"color: #000000;\">Ajo \u00ebsht\u00eb ministre e Rinis\u00eb dhe e F\u00ebmij\u00ebve, ishte n\u00eb list\u00ebn ton\u00eb t\u00eb deputet\u00ebve pas nj\u00eb seleksionimi shum\u00eb t\u00eb gjer\u00eb q\u00eb u b\u00eb, ajo po punon dhe un\u00eb kam shum\u00eb besim se ajo do t\u00eb b\u00ebj\u00eb nj\u00eb pun\u00eb shum\u00eb t\u00eb mir\u00eb.<\/span><\/em><\/p>\n<p><span style=\"color: #000000;\"><em>Momente fatkeqe me mediat iu ndodhin edhe njer\u00ebzve me shum\u00eb eksperienc\u00eb, \u00ebsht\u00eb thjesht munges\u00eb eksperience.&#8221;<\/em>&#8211; tha Rama.<\/span><\/p>\n<p><span style=\"color: #000000;\">Kujtojm\u00eb se Ministrja p\u00ebr Rinin\u00eb dhe F\u00ebmij\u00ebt Bora Muzhaqi, kur gazetar\u00ebt e pyet\u00ebn p\u00ebr ngjarjen e r\u00ebnd\u00eb n\u00eb Fier u kujtua se nuk kishte koh\u00eb t\u00eb p\u00ebrgjigjej. Por nd\u00ebrkoh\u00eb u p\u00ebrgjigj duke iu th\u00ebn\u00eb gazetar\u00ebve t\u00eb lexojn\u00eb VKM-n\u00eb q\u00eb p\u00ebrcakton kompetencat e saj.<\/span><\/p>\n","protected":false,"gt_translate_keys":[{"key":"rendered","format":"html"}]},"excerpt":{"rendered":"<p>Kryeministri Edi Rama gjat\u00eb nj\u00eb interviste mbr\u00ebmjen e kaluar, ka marr\u00eb n\u00eb mbrojtje ministren Bora Muzhaqi, p\u00ebr sjelljen e saj kur u pyet nga gazetar\u00ebt lidhur me ngjarjen e r\u00ebnd\u00eb n\u00eb Fier, t\u00eb vrasjes s\u00eb nj\u00eb f\u00ebmije 8-vje\u00e7ar. I pyetur n\u00eb emisionin \u201cT\u00eb Paekspozuarit\u201d p\u00ebr ministren, Rama e justifikoi duke th\u00ebn\u00eb se Muzhaqi thjesht nuk [&hellip;]<\/p>\n","protected":false,"gt_translate_keys":[{"key":"rendered","format":"html"}]},"author":30,"featured_media":487322,"comment_status":"closed","ping_status":"closed","sticky":false,"template":"","format":"standard","meta":{"footnotes":""},"categories":[65,13],"tags":[],"class_list":["post-487321","post","type-post","status-publish","format-standard","has-post-thumbnail","hentry","category-lajme","category-te-fundit"],"gt_translate_keys":[{"key":"link","format":"url"}],"_links":{"self":[{"href":"https:\/\/www.hashtag.al\/index.php\/wp-json\/wp\/v2\/posts\/487321","targetHints":{"allow":["GET"]}}],"collection":[{"href":"https:\/\/www.hashtag.al\/index.php\/wp-json\/wp\/v2\/posts"}],"about":[{"href":"https:\/\/www.hashtag.al\/index.php\/wp-json\/wp\/v2\/types\/post"}],"author":[{"embeddable":true,"href":"https:\/\/www.hashtag.al\/index.php\/wp-json\/wp\/v2\/users\/30"}],"replies":[{"embeddable":true,"href":"https:\/\/www.hashtag.al\/index.php\/wp-json\/wp\/v2\/comments?post=487321"}],"version-history":[{"count":0,"href":"https:\/\/www.hashtag.al\/index.php\/wp-json\/wp\/v2\/posts\/487321\/revisions"}],"wp:featuredmedia":[{"embeddable":true,"href":"https:\/\/www.hashtag.al\/index.php\/wp-json\/wp\/v2\/media\/487322"}],"wp:attachment":[{"href":"https:\/\/www.hashtag.al\/index.php\/wp-json\/wp\/v2\/media?parent=487321"}],"wp:term":[{"taxonomy":"category","embeddable":true,"href":"https:\/\/www.hashtag.al\/index.php\/wp-json\/wp\/v2\/categories?post=487321"},{"taxonomy":"post_tag","embeddable":true,"href":"https:\/\/www.hashtag.al\/index.php\/wp-json\/wp\/v2\/tags?post=487321"}],"curies":[{"name":"wp","href":"https:\/\/api.w.org\/{rel}","templated":true}]}}