{"id":487304,"date":"2021-11-26T00:00:32","date_gmt":"2021-11-25T23:00:32","guid":{"rendered":"https:\/\/www.hashtag.al\/?p=487304"},"modified":"2021-11-26T00:00:32","modified_gmt":"2021-11-25T23:00:32","slug":"basha-foltorja-e-berishes-ka-degraduar-nuk-e-vendos-ai-kur-do-mbahet-kuvendi","status":"publish","type":"post","link":"https:\/\/www.hashtag.al\/index.php\/2021\/11\/26\/basha-foltorja-e-berishes-ka-degraduar-nuk-e-vendos-ai-kur-do-mbahet-kuvendi\/","title":{"rendered":"Basha: Foltorja e Berish\u00ebs ka degraduar, nuk e vendos ai kur do mbahet Kuvendi","gt_translate_keys":[{"key":"rendered","format":"text"}]},"content":{"rendered":"<p><span style=\"color: #000000;\"><img loading=\"lazy\" decoding=\"async\" class=\"aligncenter size-full wp-image-487278\" src=\"https:\/\/www.hashtag.al\/wp-content\/uploads\/2021\/11\/basha-open.jpeg\" alt=\"\" width=\"800\" height=\"450\" srcset=\"https:\/\/www.hashtag.al\/wp-content\/uploads\/2021\/11\/basha-open.jpeg 800w, https:\/\/www.hashtag.al\/wp-content\/uploads\/2021\/11\/basha-open-300x169.jpeg 300w, https:\/\/www.hashtag.al\/wp-content\/uploads\/2021\/11\/basha-open-768x432.jpeg 768w\" sizes=\"auto, (max-width: 800px) 100vw, 800px\" \/><\/span><\/p>\n<p><span style=\"color: #000000;\">Kreu i Partis\u00eb Demokratike, Lulzim Basha n\u00eb nj\u00eb intervist\u00eb p\u00ebr emisionin \u201cOpen\u201d deklaroi se \u201cfoltorja\u201d e Sali Berish\u00ebs ka degraduar n\u00eb nj\u00eb proces t\u00eb personalizuar ku ka shpikur nj\u00eb aksion p\u00ebr t\u00eb shmangur vendimin e SHBA-ve.<\/span><\/p>\n<p><span style=\"color: #000000;\">Kryedemokrati theksoi se nuk ka Kuvend kur t\u00eb vendos\u00eb Sali Berisha dhe se 18 dhjetori \u00ebsht\u00eb data kur do b\u00ebhet dialogu.<\/span><\/p>\n<p><span style=\"color: #000000;\">\u201c<em>Foltorja dhe procesi i nisur nga Berisha ka degraduar n\u00eb nj\u00eb proces t\u00eb personlizimit t\u00eb aksionit opozitar. Beteja nuk \u00ebsht\u00eb mes meje dhe tij. Ai ka shpikur nj\u00eb betej\u00eb p\u00ebr t\u00eb\u00a0 shmangur vendimin. Nuk e vendos Sali Berisha se kur do t\u00eb mbahet Kuvendi. PD nuk \u00ebsht\u00eb nj\u00eb organiz\u00ebm pa rregulla apo shpikje. PD nuk ka pasur n\u00eb plan p\u00ebr t\u00eb b\u00ebr\u00eb nj\u00eb Kuvend pas 6 muajsh kur \u00ebsht\u00eb mbledhur. 18 dhjetori \u00ebsht\u00eb p\u00ebrgjigja e PD-s\u00eb ndaj demokrat\u00ebve qoft\u00eb edhe 5 prej tyre. Vendi ku do t\u00eb behet dialog. Ku e dim\u00eb ne se sa firma jan\u00eb mbledhur.\u00a0 PD nuk \u00ebsht\u00eb kasaforte. Jam habitur qe Edi Paloka kishte kasaforte<\/em>\u201d- tha ai.<\/span><\/p>\n","protected":false,"gt_translate_keys":[{"key":"rendered","format":"html"}]},"excerpt":{"rendered":"<p>Kreu i Partis\u00eb Demokratike, Lulzim Basha n\u00eb nj\u00eb intervist\u00eb p\u00ebr emisionin \u201cOpen\u201d deklaroi se \u201cfoltorja\u201d e Sali Berish\u00ebs ka degraduar n\u00eb nj\u00eb proces t\u00eb personalizuar ku ka shpikur nj\u00eb aksion p\u00ebr t\u00eb shmangur vendimin e SHBA-ve. Kryedemokrati theksoi se nuk ka Kuvend kur t\u00eb vendos\u00eb Sali Berisha dhe se 18 dhjetori \u00ebsht\u00eb data kur do [&hellip;]<\/p>\n","protected":false,"gt_translate_keys":[{"key":"rendered","format":"html"}]},"author":32,"featured_media":487278,"comment_status":"closed","ping_status":"closed","sticky":false,"template":"","format":"standard","meta":{"footnotes":""},"categories":[65,13],"tags":[],"class_list":["post-487304","post","type-post","status-publish","format-standard","has-post-thumbnail","hentry","category-lajme","category-te-fundit"],"gt_translate_keys":[{"key":"link","format":"url"}],"_links":{"self":[{"href":"https:\/\/www.hashtag.al\/index.php\/wp-json\/wp\/v2\/posts\/487304","targetHints":{"allow":["GET"]}}],"collection":[{"href":"https:\/\/www.hashtag.al\/index.php\/wp-json\/wp\/v2\/posts"}],"about":[{"href":"https:\/\/www.hashtag.al\/index.php\/wp-json\/wp\/v2\/types\/post"}],"author":[{"embeddable":true,"href":"https:\/\/www.hashtag.al\/index.php\/wp-json\/wp\/v2\/users\/32"}],"replies":[{"embeddable":true,"href":"https:\/\/www.hashtag.al\/index.php\/wp-json\/wp\/v2\/comments?post=487304"}],"version-history":[{"count":0,"href":"https:\/\/www.hashtag.al\/index.php\/wp-json\/wp\/v2\/posts\/487304\/revisions"}],"wp:featuredmedia":[{"embeddable":true,"href":"https:\/\/www.hashtag.al\/index.php\/wp-json\/wp\/v2\/media\/487278"}],"wp:attachment":[{"href":"https:\/\/www.hashtag.al\/index.php\/wp-json\/wp\/v2\/media?parent=487304"}],"wp:term":[{"taxonomy":"category","embeddable":true,"href":"https:\/\/www.hashtag.al\/index.php\/wp-json\/wp\/v2\/categories?post=487304"},{"taxonomy":"post_tag","embeddable":true,"href":"https:\/\/www.hashtag.al\/index.php\/wp-json\/wp\/v2\/tags?post=487304"}],"curies":[{"name":"wp","href":"https:\/\/api.w.org\/{rel}","templated":true}]}}