{"id":487267,"date":"2021-11-25T20:31:39","date_gmt":"2021-11-25T19:31:39","guid":{"rendered":"https:\/\/www.hashtag.al\/?p=487267"},"modified":"2021-11-25T20:31:39","modified_gmt":"2021-11-25T19:31:39","slug":"osmani-takon-meten-diskutuam-per-thellimin-e-bashkepunimit-dhe-zhvillimet-ne-rajon","status":"publish","type":"post","link":"https:\/\/www.hashtag.al\/index.php\/2021\/11\/25\/osmani-takon-meten-diskutuam-per-thellimin-e-bashkepunimit-dhe-zhvillimet-ne-rajon\/","title":{"rendered":"Osmani takon Met\u00ebn: Diskutuam p\u00ebr thellimin e bashk\u00ebpunimit dhe zhvillimet n\u00eb rajon","gt_translate_keys":[{"key":"rendered","format":"text"}]},"content":{"rendered":"<p><span style=\"color: #000000;\"><img loading=\"lazy\" decoding=\"async\" class=\"aligncenter size-full wp-image-487268\" src=\"https:\/\/www.hashtag.al\/wp-content\/uploads\/2021\/11\/osmani-meta.jpg\" alt=\"\" width=\"960\" height=\"638\" srcset=\"https:\/\/www.hashtag.al\/wp-content\/uploads\/2021\/11\/osmani-meta.jpg 960w, https:\/\/www.hashtag.al\/wp-content\/uploads\/2021\/11\/osmani-meta-300x199.jpg 300w, https:\/\/www.hashtag.al\/wp-content\/uploads\/2021\/11\/osmani-meta-768x510.jpg 768w\" sizes=\"auto, (max-width: 960px) 100vw, 960px\" \/><\/span><\/p>\n<p><span style=\"color: #000000;\">Presidentja e Kosov\u00ebs, Vjosa Osmani ka pritur dit\u00ebn e sotme n\u00eb takim homologun e saj Ilir Meta.<\/span><\/p>\n<p><span style=\"color: #000000;\">Osmani shkruan se diskutimet u p\u00ebrqendruan n\u00eb mund\u00ebsit\u00eb e thellimit dhe bashk\u00ebpunimit si dhe zhvillimet n\u00eb rajon.<\/span><\/p>\n<p><span style=\"color: #000000;\">\u201c<em>Sot prita n\u00eb takim Presidentin e Shqip\u00ebris\u00eb, z.Ilir Meta, t\u00eb cilit, meq\u00eb jemi n\u00eb prag t\u00eb 28 n\u00ebntorit, i p\u00ebrcolla urimet p\u00ebr t\u00eb gjith\u00eb qytetar\u00ebt e Shqip\u00ebris\u00eb p\u00ebr fest\u00ebn komb\u00ebtare.<\/em><\/span><\/p>\n<p><span style=\"color: #000000;\"><em>Diskutuam p\u00ebr mund\u00ebsit\u00eb e thellimit t\u00eb bashk\u00ebpunimit si dhe zhvillimet n\u00eb rajonin ton\u00eb e p\u00ebrtej. E falenderova p\u00ebr p\u00ebrkrahjen e tij t\u00eb vazhdueshme ndaj Kosov\u00ebs<\/em>\u201d-shkruan Osmani.<\/span><\/p>\n<p>&nbsp;<\/p>\n","protected":false,"gt_translate_keys":[{"key":"rendered","format":"html"}]},"excerpt":{"rendered":"<p>Presidentja e Kosov\u00ebs, Vjosa Osmani ka pritur dit\u00ebn e sotme n\u00eb takim homologun e saj Ilir Meta. Osmani shkruan se diskutimet u p\u00ebrqendruan n\u00eb mund\u00ebsit\u00eb e thellimit dhe bashk\u00ebpunimit si dhe zhvillimet n\u00eb rajon. \u201cSot prita n\u00eb takim Presidentin e Shqip\u00ebris\u00eb, z.Ilir Meta, t\u00eb cilit, meq\u00eb jemi n\u00eb prag t\u00eb 28 n\u00ebntorit, i p\u00ebrcolla urimet [&hellip;]<\/p>\n","protected":false,"gt_translate_keys":[{"key":"rendered","format":"html"}]},"author":32,"featured_media":487268,"comment_status":"closed","ping_status":"closed","sticky":false,"template":"","format":"standard","meta":{"footnotes":""},"categories":[65,13],"tags":[162,326],"class_list":["post-487267","post","type-post","status-publish","format-standard","has-post-thumbnail","hentry","category-lajme","category-te-fundit","tag-meta","tag-osmani"],"gt_translate_keys":[{"key":"link","format":"url"}],"_links":{"self":[{"href":"https:\/\/www.hashtag.al\/index.php\/wp-json\/wp\/v2\/posts\/487267","targetHints":{"allow":["GET"]}}],"collection":[{"href":"https:\/\/www.hashtag.al\/index.php\/wp-json\/wp\/v2\/posts"}],"about":[{"href":"https:\/\/www.hashtag.al\/index.php\/wp-json\/wp\/v2\/types\/post"}],"author":[{"embeddable":true,"href":"https:\/\/www.hashtag.al\/index.php\/wp-json\/wp\/v2\/users\/32"}],"replies":[{"embeddable":true,"href":"https:\/\/www.hashtag.al\/index.php\/wp-json\/wp\/v2\/comments?post=487267"}],"version-history":[{"count":0,"href":"https:\/\/www.hashtag.al\/index.php\/wp-json\/wp\/v2\/posts\/487267\/revisions"}],"wp:featuredmedia":[{"embeddable":true,"href":"https:\/\/www.hashtag.al\/index.php\/wp-json\/wp\/v2\/media\/487268"}],"wp:attachment":[{"href":"https:\/\/www.hashtag.al\/index.php\/wp-json\/wp\/v2\/media?parent=487267"}],"wp:term":[{"taxonomy":"category","embeddable":true,"href":"https:\/\/www.hashtag.al\/index.php\/wp-json\/wp\/v2\/categories?post=487267"},{"taxonomy":"post_tag","embeddable":true,"href":"https:\/\/www.hashtag.al\/index.php\/wp-json\/wp\/v2\/tags?post=487267"}],"curies":[{"name":"wp","href":"https:\/\/api.w.org\/{rel}","templated":true}]}}