{"id":486965,"date":"2021-11-24T15:08:33","date_gmt":"2021-11-24T14:08:33","guid":{"rendered":"https:\/\/www.hashtag.al\/?p=486965"},"modified":"2021-11-24T15:08:59","modified_gmt":"2021-11-24T14:08:59","slug":"suedia-per-here-te-pare-zgjedh-nje-kryeministre-grua-njihuni-me-magdalena-andersson","status":"publish","type":"post","link":"https:\/\/www.hashtag.al\/index.php\/2021\/11\/24\/suedia-per-here-te-pare-zgjedh-nje-kryeministre-grua-njihuni-me-magdalena-andersson\/","title":{"rendered":"Suedia p\u00ebr her\u00eb t\u00eb par\u00eb zgjedh nj\u00eb kryeministre grua, njihuni me Magdalena Andersson","gt_translate_keys":[{"key":"rendered","format":"text"}]},"content":{"rendered":"<p><span style=\"color: #000000;\"><a href=\"https:\/\/www.hashtag.al\/wp-content\/uploads\/2021\/11\/121777666_andersson.jpg\"><img loading=\"lazy\" decoding=\"async\" class=\"aligncenter size-full wp-image-486966\" src=\"https:\/\/www.hashtag.al\/wp-content\/uploads\/2021\/11\/121777666_andersson.jpg\" alt=\"\" width=\"976\" height=\"549\" srcset=\"https:\/\/www.hashtag.al\/wp-content\/uploads\/2021\/11\/121777666_andersson.jpg 976w, https:\/\/www.hashtag.al\/wp-content\/uploads\/2021\/11\/121777666_andersson-300x169.jpg 300w, https:\/\/www.hashtag.al\/wp-content\/uploads\/2021\/11\/121777666_andersson-768x432.jpg 768w\" sizes=\"auto, (max-width: 976px) 100vw, 976px\" \/><\/a><\/span><\/p>\n<p><span style=\"color: #000000;\">Magdalena Andersson \u00ebsht\u00eb miratuar nga parlamenti i Suedis\u00eb si kryeministrja e par\u00eb grua e vendit, pasi z\u00ebvend\u00ebsoi Stefan Lofven si kreun e socialdemokrat\u00ebve t\u00eb qendr\u00ebs s\u00eb majt\u00eb.<\/span><\/p>\n<p><span style=\"color: #000000;\">Suedia \u00ebsht\u00eb i vetmi vend nordik q\u00eb nuk ka zgjedhur kurr\u00eb m\u00eb par\u00eb nj\u00eb grua si udh\u00ebheq\u00ebse komb\u00ebtare.<\/span><\/p>\n<p><span style=\"color: #000000;\">Zonja Andersson, e cila aktualisht \u00ebsht\u00eb ministre e financave, nuk e fitoi votimin e s\u00eb m\u00ebrkur\u00ebs. Mb\u00ebshtetje ka marr\u00eb nga 117 deputet\u00eb, 57 abstenuan dhe 174 kund\u00ebr.<\/span><\/p>\n<p><span style=\"color: #000000;\">Megjithat\u00eb, ajo u zgjodh sepse sipas ligjit suedez asaj i nevojitej vet\u00ebm q\u00eb shumica e deputet\u00ebve t\u00eb mos votonte kund\u00ebr saj. Pra 175, dhe ajo e mori fitoren me nj\u00eb vot\u00eb t\u00eb vetme.<\/span><\/p>\n<p><span style=\"color: #000000;\"><a href=\"https:\/\/www.hashtag.al\/wp-content\/uploads\/2021\/11\/121777669_andersson2.jpg\"><img loading=\"lazy\" decoding=\"async\" class=\"aligncenter size-full wp-image-486967\" src=\"https:\/\/www.hashtag.al\/wp-content\/uploads\/2021\/11\/121777669_andersson2.jpg\" alt=\"\" width=\"976\" height=\"549\" srcset=\"https:\/\/www.hashtag.al\/wp-content\/uploads\/2021\/11\/121777669_andersson2.jpg 976w, https:\/\/www.hashtag.al\/wp-content\/uploads\/2021\/11\/121777669_andersson2-300x169.jpg 300w, https:\/\/www.hashtag.al\/wp-content\/uploads\/2021\/11\/121777669_andersson2-768x432.jpg 768w\" sizes=\"auto, (max-width: 976px) 100vw, 976px\" \/><\/a><\/span><\/p>\n<p><span style=\"color: #000000;\">Andersson \u00ebsht\u00eb nj\u00eb ish-kampione noti nga qyteti universitar i Uppsala. Ajo e filloi karrier\u00ebn e saj politike n\u00eb vitin 1996 si k\u00ebshilltare politike e kryeministrit t\u00eb at\u00ebhersh\u00ebm Goran Persson. Ajo ka kaluar shtat\u00eb vitet e fundit si ministre e financave.<\/span><\/p>\n<p><span style=\"color: #000000;\">Megjithat\u00eb, ajo po p\u00ebrballet me nj\u00eb pun\u00eb t\u00eb v\u00ebshtir\u00eb q\u00eb n\u00eb fillim, me partit\u00eb opozitare n\u00eb t\u00eb djatht\u00eb q\u00eb thon\u00eb se do t\u00eb refuzojn\u00eb buxhetin e qeveris\u00eb p\u00ebr vitin 2022. Partia e Qendr\u00ebs, e cila e mb\u00ebshteti at\u00eb p\u00ebr postin e kryeministres, thot\u00eb se nuk do t\u00eb mb\u00ebshtes\u00eb nj\u00eb paket\u00eb financiare nga nj\u00eb qeveri q\u00eb <em>&#8220;l\u00ebviz shum\u00eb n\u00eb t\u00eb majt\u00eb&#8221;.<\/em><\/span><\/p>\n<p><span style=\"color: #000000;\">Me nj\u00eb qeveri t\u00eb vet\u00ebquajtur \u201c<em>feministe<\/em>&#8221; dhe nj\u00eb mark\u00eb t\u00eb lidhur me politika <em>&#8220;t\u00eb barabarta gjinore&#8221;,<\/em> si leja e p\u00ebrbashk\u00ebt prind\u00ebrore, \u00ebsht\u00eb nj\u00eb paradoks q\u00eb Suedia nuk ka pasur kurr\u00eb nj\u00eb grua si kryeministre deri m\u00eb tani. T\u00eb gjitha kombet e tjera nordike aktualisht kan\u00eb ose kan\u00eb pasur gra n\u00eb krye. Norvegjia ishte e para me Gro Harlem Brundtland t\u00eb zgjedhur n\u00eb vitin 1981.<\/span><\/p>\n<p><span style=\"color: #000000;\">\u00cbsht\u00eb e v\u00ebshtir\u00eb t\u00eb thuhet pse Suedia ka mbetur prapa fqinj\u00ebve t\u00eb saj, pasi grat\u00eb kan\u00eb pasur prej koh\u00ebsh nj\u00eb prani t\u00eb fort\u00eb politike. Rreth gjysma e t\u00eb gjith\u00eb deputet\u00ebve jan\u00eb gra. Duke p\u00ebrfshir\u00eb socialdemokrat\u00ebt e zonj\u00ebs Andersson, gjasht\u00eb nga tet\u00eb parti n\u00eb parlament kan\u00eb aktualisht lidere femra.<\/span><\/p>\n","protected":false,"gt_translate_keys":[{"key":"rendered","format":"html"}]},"excerpt":{"rendered":"<p>Magdalena Andersson \u00ebsht\u00eb miratuar nga parlamenti i Suedis\u00eb si kryeministrja e par\u00eb grua e vendit, pasi z\u00ebvend\u00ebsoi Stefan Lofven si kreun e socialdemokrat\u00ebve t\u00eb qendr\u00ebs s\u00eb majt\u00eb. Suedia \u00ebsht\u00eb i vetmi vend nordik q\u00eb nuk ka zgjedhur kurr\u00eb m\u00eb par\u00eb nj\u00eb grua si udh\u00ebheq\u00ebse komb\u00ebtare. Zonja Andersson, e cila aktualisht \u00ebsht\u00eb ministre e financave, nuk [&hellip;]<\/p>\n","protected":false,"gt_translate_keys":[{"key":"rendered","format":"html"}]},"author":30,"featured_media":486967,"comment_status":"closed","ping_status":"closed","sticky":false,"template":"","format":"standard","meta":{"footnotes":""},"categories":[22,6,13],"tags":[],"class_list":["post-486965","post","type-post","status-publish","format-standard","has-post-thumbnail","hentry","category-ballina","category-nderkombetare","category-te-fundit"],"gt_translate_keys":[{"key":"link","format":"url"}],"_links":{"self":[{"href":"https:\/\/www.hashtag.al\/index.php\/wp-json\/wp\/v2\/posts\/486965","targetHints":{"allow":["GET"]}}],"collection":[{"href":"https:\/\/www.hashtag.al\/index.php\/wp-json\/wp\/v2\/posts"}],"about":[{"href":"https:\/\/www.hashtag.al\/index.php\/wp-json\/wp\/v2\/types\/post"}],"author":[{"embeddable":true,"href":"https:\/\/www.hashtag.al\/index.php\/wp-json\/wp\/v2\/users\/30"}],"replies":[{"embeddable":true,"href":"https:\/\/www.hashtag.al\/index.php\/wp-json\/wp\/v2\/comments?post=486965"}],"version-history":[{"count":0,"href":"https:\/\/www.hashtag.al\/index.php\/wp-json\/wp\/v2\/posts\/486965\/revisions"}],"wp:featuredmedia":[{"embeddable":true,"href":"https:\/\/www.hashtag.al\/index.php\/wp-json\/wp\/v2\/media\/486967"}],"wp:attachment":[{"href":"https:\/\/www.hashtag.al\/index.php\/wp-json\/wp\/v2\/media?parent=486965"}],"wp:term":[{"taxonomy":"category","embeddable":true,"href":"https:\/\/www.hashtag.al\/index.php\/wp-json\/wp\/v2\/categories?post=486965"},{"taxonomy":"post_tag","embeddable":true,"href":"https:\/\/www.hashtag.al\/index.php\/wp-json\/wp\/v2\/tags?post=486965"}],"curies":[{"name":"wp","href":"https:\/\/api.w.org\/{rel}","templated":true}]}}