{"id":486874,"date":"2021-11-24T07:58:19","date_gmt":"2021-11-24T06:58:19","guid":{"rendered":"https:\/\/www.hashtag.al\/?p=486874"},"modified":"2021-11-24T07:58:19","modified_gmt":"2021-11-24T06:58:19","slug":"digjet-ne-oret-e-para-te-mengjesit-mjeti-i-parkuar-ne-elbasan","status":"publish","type":"post","link":"https:\/\/www.hashtag.al\/index.php\/2021\/11\/24\/digjet-ne-oret-e-para-te-mengjesit-mjeti-i-parkuar-ne-elbasan\/","title":{"rendered":"Digjet n\u00eb or\u00ebt e para t\u00eb m\u00ebngjesit mjeti i parkuar n\u00eb Elbasan","gt_translate_keys":[{"key":"rendered","format":"text"}]},"content":{"rendered":"<p><span style=\"color: #000000;\"><img loading=\"lazy\" decoding=\"async\" class=\"aligncenter size-full wp-image-449607\" src=\"https:\/\/www.hashtag.al\/wp-content\/uploads\/2021\/05\/digjetmakine.jpg\" alt=\"\" width=\"1280\" height=\"853\" \/><\/span><\/p>\n<p><span style=\"color: #000000;\">Nj\u00eb mjet \u00ebsht\u00eb p\u00ebrfshir\u00eb nga flak\u00ebt n\u00eb or\u00ebt e para t\u00eb m\u00ebngjesit t\u00eb sot\u00ebm. <\/span><\/p>\n<p><span style=\"color: #000000;\">Ngjarja ka ndodhur n\u00eb lagjen \u2018Vullnetari\u2019 t\u00eb Elbasanit ku mjeti \u2018Citroen\u2019 n\u00eb pron\u00ebsi t\u00eb nj\u00eb personi me iniciale E.T. \u00ebsht\u00eb shkrumbuar. <\/span><\/p>\n<p><span style=\"color: #000000;\">Shkaqet e zjarrit nuk dihen ende nd\u00ebrsa dyshohet se zjarrv\u00ebnia ka qen\u00eb e q\u00ebllimshme.<\/span><\/p>\n","protected":false,"gt_translate_keys":[{"key":"rendered","format":"html"}]},"excerpt":{"rendered":"<p>Nj\u00eb mjet \u00ebsht\u00eb p\u00ebrfshir\u00eb nga flak\u00ebt n\u00eb or\u00ebt e para t\u00eb m\u00ebngjesit t\u00eb sot\u00ebm. Ngjarja ka ndodhur n\u00eb lagjen \u2018Vullnetari\u2019 t\u00eb Elbasanit ku mjeti \u2018Citroen\u2019 n\u00eb pron\u00ebsi t\u00eb nj\u00eb personi me iniciale E.T. \u00ebsht\u00eb shkrumbuar. Shkaqet e zjarrit nuk dihen ende nd\u00ebrsa dyshohet se zjarrv\u00ebnia ka qen\u00eb e q\u00ebllimshme.<\/p>\n","protected":false,"gt_translate_keys":[{"key":"rendered","format":"html"}]},"author":51,"featured_media":0,"comment_status":"closed","ping_status":"closed","sticky":false,"template":"","format":"standard","meta":{"footnotes":""},"categories":[65,13],"tags":[],"class_list":["post-486874","post","type-post","status-publish","format-standard","hentry","category-lajme","category-te-fundit"],"gt_translate_keys":[{"key":"link","format":"url"}],"_links":{"self":[{"href":"https:\/\/www.hashtag.al\/index.php\/wp-json\/wp\/v2\/posts\/486874","targetHints":{"allow":["GET"]}}],"collection":[{"href":"https:\/\/www.hashtag.al\/index.php\/wp-json\/wp\/v2\/posts"}],"about":[{"href":"https:\/\/www.hashtag.al\/index.php\/wp-json\/wp\/v2\/types\/post"}],"author":[{"embeddable":true,"href":"https:\/\/www.hashtag.al\/index.php\/wp-json\/wp\/v2\/users\/51"}],"replies":[{"embeddable":true,"href":"https:\/\/www.hashtag.al\/index.php\/wp-json\/wp\/v2\/comments?post=486874"}],"version-history":[{"count":0,"href":"https:\/\/www.hashtag.al\/index.php\/wp-json\/wp\/v2\/posts\/486874\/revisions"}],"wp:attachment":[{"href":"https:\/\/www.hashtag.al\/index.php\/wp-json\/wp\/v2\/media?parent=486874"}],"wp:term":[{"taxonomy":"category","embeddable":true,"href":"https:\/\/www.hashtag.al\/index.php\/wp-json\/wp\/v2\/categories?post=486874"},{"taxonomy":"post_tag","embeddable":true,"href":"https:\/\/www.hashtag.al\/index.php\/wp-json\/wp\/v2\/tags?post=486874"}],"curies":[{"name":"wp","href":"https:\/\/api.w.org\/{rel}","templated":true}]}}