{"id":486752,"date":"2021-11-23T16:30:29","date_gmt":"2021-11-23T15:30:29","guid":{"rendered":"https:\/\/www.hashtag.al\/?p=486752"},"modified":"2021-11-23T16:36:18","modified_gmt":"2021-11-23T15:36:18","slug":"ulsi-manja-mbyllet-burgu-i-zaharise-te-burgosurit-do-te-transferohen-tek-ai-i-shenkollit","status":"publish","type":"post","link":"https:\/\/www.hashtag.al\/index.php\/2021\/11\/23\/ulsi-manja-mbyllet-burgu-i-zaharise-te-burgosurit-do-te-transferohen-tek-ai-i-shenkollit\/","title":{"rendered":"Ulsi Manja: Mbyllet burgu i Zaharis\u00eb, t\u00eb burgosurit do t\u00eb transferohen tek ai i Sh\u00ebnkollit","gt_translate_keys":[{"key":"rendered","format":"text"}]},"content":{"rendered":"<p><span style=\"color: #000000;\"><a style=\"color: #000000;\" href=\"https:\/\/www.hashtag.al\/wp-content\/uploads\/2021\/11\/258823288_284846866985052_547857550126673658_n.jpg\"><img loading=\"lazy\" decoding=\"async\" class=\"aligncenter size-full wp-image-486757\" src=\"https:\/\/www.hashtag.al\/wp-content\/uploads\/2021\/11\/258823288_284846866985052_547857550126673658_n.jpg\" alt=\"\" width=\"1280\" height=\"848\" srcset=\"https:\/\/www.hashtag.al\/wp-content\/uploads\/2021\/11\/258823288_284846866985052_547857550126673658_n.jpg 1280w, https:\/\/www.hashtag.al\/wp-content\/uploads\/2021\/11\/258823288_284846866985052_547857550126673658_n-300x199.jpg 300w, https:\/\/www.hashtag.al\/wp-content\/uploads\/2021\/11\/258823288_284846866985052_547857550126673658_n-768x509.jpg 768w, https:\/\/www.hashtag.al\/wp-content\/uploads\/2021\/11\/258823288_284846866985052_547857550126673658_n-1024x678.jpg 1024w\" sizes=\"auto, (max-width: 1280px) 100vw, 1280px\" \/><\/a><\/span><\/p>\n<p><span style=\"color: #000000;\">Burgu i Zaharis\u00eb \u00ebsht\u00eb mbyllur me urdh\u00ebr t\u00eb ministris\u00eb s\u00eb Drejt\u00ebsis\u00eb dhe t\u00eb d\u00ebnuarit, t\u00eb cil\u00ebt vuajn\u00eb d\u00ebnimin n\u00eb t\u00eb ashtuquajturin si \u201cburgu i ferrit\u201d do t\u00eb transferohen tek ai i Sh\u00ebnkollit n\u00eb datat 27 dhe 28 n\u00ebntor t\u00eb k\u00ebtij viti.<\/span><\/p>\n<p><span style=\"color: #000000;\">Lajmi \u00ebsht\u00eb konfirmuar k\u00ebt\u00eb m\u00ebngjes nga ministri i Drejt\u00ebsis\u00eb Ulsi Manja, pas nj\u00eb takimi me p\u00ebrfaq\u00ebsues t\u00eb \u201cCTP\u201d-s\u00eb dhe n\u00eb prani t\u00eb ministres s\u00eb Sh\u00ebndet\u00ebsis\u00eb Ogerta Manastirliu.<\/span><\/p>\n<p><span style=\"color: #000000;\"><em>\u201cN\u00eb nj\u00eb takim me p\u00ebrfaq\u00ebsues t\u00eb CTP dhe n\u00eb prani edhe t\u00eb Ogert\u00ebs, kam pohuar vendimin tim p\u00ebr transferimin e t\u00eb burgosurve t\u00eb Zaharis\u00eb drejt blloqeve 2-3 n\u00eb Sh\u00ebnkoll, n\u00eb datat 27-28 N\u00ebntor!\u201c-<\/em> shkroi Manja.<\/span><\/p>\n<p><span style=\"color: #000000;\"><a style=\"color: #000000;\" href=\"https:\/\/www.hashtag.al\/wp-content\/uploads\/2021\/11\/manja.jpg\"><img loading=\"lazy\" decoding=\"async\" class=\"aligncenter size-full wp-image-486759\" src=\"https:\/\/www.hashtag.al\/wp-content\/uploads\/2021\/11\/manja.jpg\" alt=\"\" width=\"1280\" height=\"848\" srcset=\"https:\/\/www.hashtag.al\/wp-content\/uploads\/2021\/11\/manja.jpg 1280w, https:\/\/www.hashtag.al\/wp-content\/uploads\/2021\/11\/manja-300x199.jpg 300w, https:\/\/www.hashtag.al\/wp-content\/uploads\/2021\/11\/manja-768x509.jpg 768w, https:\/\/www.hashtag.al\/wp-content\/uploads\/2021\/11\/manja-1024x678.jpg 1024w\" sizes=\"auto, (max-width: 1280px) 100vw, 1280px\" \/><\/a><\/span><\/p>\n<p><span style=\"color: #000000;\">Ky burg do t\u00eb mbyllet p\u00ebrfundimisht dhe arsyet lidhen me kushtet e k\u00ebqija n\u00eb t\u00eb cilat ai ndodhet, pasi e gjith\u00eb godina \u00ebsht\u00eb totalisht e amortizuar dhe q\u00ebndrimi i t\u00eb d\u00ebnuarve brenda tij \u00ebsht\u00eb i pamundur.<\/span><\/p>\n<p><span style=\"color: #000000;\">T\u00eb d\u00ebnuarit e burgut t\u00eb Zaharis\u00eb, t\u00eb cil\u00ebt kan\u00eb probleme t\u00eb sh\u00ebndetit mendor, do t\u00eb transferohen n\u00eb burgun e Sh\u00ebnkollit, konkretisht n\u00eb bllokun 4-5 t\u00eb tij. Ministria e Sh\u00ebndet\u00ebsis\u00eb ka r\u00ebn\u00eb gjithashtu dakord me k\u00ebt\u00eb vendim, madje duke b\u00ebr\u00eb me dije se do t\u00eb ngrihet nj\u00eb spital i ri, ku do t\u00eb trajtohen k\u00ebta persona.<\/span><\/p>\n<p><span style=\"color: #000000;\"><em>&#8220;Me Ogert\u00ebn firmos\u00ebm sot nj\u00eb marr\u00ebveshje t\u00eb r\u00ebnd\u00ebsishme p\u00ebr kujdesin mjek\u00ebsor ndaj personave t\u00eb d\u00ebnuar me probleme t\u00eb sh\u00ebndetit mendor.<\/em><\/span><\/p>\n<p><span style=\"color: #000000;\"><em>Si\u00e7 e kam th\u00ebn\u00eb, do t\u00eb b\u00ebj gjith\u00e7ka q\u00eb t\u00eb d\u00ebnuarit n\u00eb vendin ton\u00eb t\u00eb vuajn\u00eb vet\u00ebm d\u00ebnimin e drejt\u00ebsis\u00eb, asgj\u00eb tjet\u00ebr<\/em><\/span><\/p>\n<p><span style=\"color: #000000;\"><em>I g\u00ebzuar q\u00eb kjo marr\u00ebveshje dhe vendimi im p\u00ebr mbylljen e burgut t\u00eb Zaharis\u00eb ndodh\u00ebn edhe n\u00eb pranin\u00eb e p\u00ebrfaq\u00ebsuesve t\u00eb CTP.&#8221;<\/em>&#8211; shkruan Manja n\u00eb nj\u00eb tjet\u00ebr postim.<\/span><\/p>\n<p><span style=\"color: #000000;\"><a style=\"color: #000000;\" href=\"https:\/\/www.hashtag.al\/wp-content\/uploads\/2021\/11\/259812131_284846860318386_303779923521137733_n.jpg\"><img loading=\"lazy\" decoding=\"async\" class=\"aligncenter size-full wp-image-486758\" src=\"https:\/\/www.hashtag.al\/wp-content\/uploads\/2021\/11\/259812131_284846860318386_303779923521137733_n.jpg\" alt=\"\" width=\"1280\" height=\"848\" srcset=\"https:\/\/www.hashtag.al\/wp-content\/uploads\/2021\/11\/259812131_284846860318386_303779923521137733_n.jpg 1280w, https:\/\/www.hashtag.al\/wp-content\/uploads\/2021\/11\/259812131_284846860318386_303779923521137733_n-300x199.jpg 300w, https:\/\/www.hashtag.al\/wp-content\/uploads\/2021\/11\/259812131_284846860318386_303779923521137733_n-768x509.jpg 768w, https:\/\/www.hashtag.al\/wp-content\/uploads\/2021\/11\/259812131_284846860318386_303779923521137733_n-1024x678.jpg 1024w\" sizes=\"auto, (max-width: 1280px) 100vw, 1280px\" \/><\/a><a style=\"color: #000000;\" href=\"https:\/\/www.hashtag.al\/wp-content\/uploads\/2021\/11\/258823288_284846866985052_547857550126673658_n.jpg\"><img loading=\"lazy\" decoding=\"async\" class=\"aligncenter size-full wp-image-486757\" src=\"https:\/\/www.hashtag.al\/wp-content\/uploads\/2021\/11\/258823288_284846866985052_547857550126673658_n.jpg\" alt=\"\" width=\"1280\" height=\"848\" srcset=\"https:\/\/www.hashtag.al\/wp-content\/uploads\/2021\/11\/258823288_284846866985052_547857550126673658_n.jpg 1280w, https:\/\/www.hashtag.al\/wp-content\/uploads\/2021\/11\/258823288_284846866985052_547857550126673658_n-300x199.jpg 300w, https:\/\/www.hashtag.al\/wp-content\/uploads\/2021\/11\/258823288_284846866985052_547857550126673658_n-768x509.jpg 768w, https:\/\/www.hashtag.al\/wp-content\/uploads\/2021\/11\/258823288_284846866985052_547857550126673658_n-1024x678.jpg 1024w\" sizes=\"auto, (max-width: 1280px) 100vw, 1280px\" \/><\/a><a style=\"color: #000000;\" href=\"https:\/\/www.hashtag.al\/wp-content\/uploads\/2021\/11\/zaharise.jpg\"><img loading=\"lazy\" decoding=\"async\" class=\"aligncenter size-full wp-image-486754\" src=\"https:\/\/www.hashtag.al\/wp-content\/uploads\/2021\/11\/zaharise.jpg\" alt=\"\" width=\"900\" height=\"470\" srcset=\"https:\/\/www.hashtag.al\/wp-content\/uploads\/2021\/11\/zaharise.jpg 900w, https:\/\/www.hashtag.al\/wp-content\/uploads\/2021\/11\/zaharise-300x157.jpg 300w, https:\/\/www.hashtag.al\/wp-content\/uploads\/2021\/11\/zaharise-768x401.jpg 768w\" sizes=\"auto, (max-width: 900px) 100vw, 900px\" \/><\/a><\/span><\/p>\n","protected":false,"gt_translate_keys":[{"key":"rendered","format":"html"}]},"excerpt":{"rendered":"<p>Burgu i Zaharis\u00eb \u00ebsht\u00eb mbyllur me urdh\u00ebr t\u00eb ministris\u00eb s\u00eb Drejt\u00ebsis\u00eb dhe t\u00eb d\u00ebnuarit, t\u00eb cil\u00ebt vuajn\u00eb d\u00ebnimin n\u00eb t\u00eb ashtuquajturin si \u201cburgu i ferrit\u201d do t\u00eb transferohen tek ai i Sh\u00ebnkollit n\u00eb datat 27 dhe 28 n\u00ebntor t\u00eb k\u00ebtij viti. Lajmi \u00ebsht\u00eb konfirmuar k\u00ebt\u00eb m\u00ebngjes nga ministri i Drejt\u00ebsis\u00eb Ulsi Manja, pas nj\u00eb takimi [&hellip;]<\/p>\n","protected":false,"gt_translate_keys":[{"key":"rendered","format":"html"}]},"author":30,"featured_media":486759,"comment_status":"closed","ping_status":"closed","sticky":false,"template":"","format":"standard","meta":{"footnotes":""},"categories":[65,13],"tags":[],"class_list":["post-486752","post","type-post","status-publish","format-standard","has-post-thumbnail","hentry","category-lajme","category-te-fundit"],"gt_translate_keys":[{"key":"link","format":"url"}],"_links":{"self":[{"href":"https:\/\/www.hashtag.al\/index.php\/wp-json\/wp\/v2\/posts\/486752","targetHints":{"allow":["GET"]}}],"collection":[{"href":"https:\/\/www.hashtag.al\/index.php\/wp-json\/wp\/v2\/posts"}],"about":[{"href":"https:\/\/www.hashtag.al\/index.php\/wp-json\/wp\/v2\/types\/post"}],"author":[{"embeddable":true,"href":"https:\/\/www.hashtag.al\/index.php\/wp-json\/wp\/v2\/users\/30"}],"replies":[{"embeddable":true,"href":"https:\/\/www.hashtag.al\/index.php\/wp-json\/wp\/v2\/comments?post=486752"}],"version-history":[{"count":0,"href":"https:\/\/www.hashtag.al\/index.php\/wp-json\/wp\/v2\/posts\/486752\/revisions"}],"wp:featuredmedia":[{"embeddable":true,"href":"https:\/\/www.hashtag.al\/index.php\/wp-json\/wp\/v2\/media\/486759"}],"wp:attachment":[{"href":"https:\/\/www.hashtag.al\/index.php\/wp-json\/wp\/v2\/media?parent=486752"}],"wp:term":[{"taxonomy":"category","embeddable":true,"href":"https:\/\/www.hashtag.al\/index.php\/wp-json\/wp\/v2\/categories?post=486752"},{"taxonomy":"post_tag","embeddable":true,"href":"https:\/\/www.hashtag.al\/index.php\/wp-json\/wp\/v2\/tags?post=486752"}],"curies":[{"name":"wp","href":"https:\/\/api.w.org\/{rel}","templated":true}]}}