{"id":486533,"date":"2021-11-22T16:47:40","date_gmt":"2021-11-22T15:47:40","guid":{"rendered":"https:\/\/www.hashtag.al\/?p=486533"},"modified":"2021-11-22T16:48:44","modified_gmt":"2021-11-22T15:48:44","slug":"evi-kokalari-depoziton-ne-spak-padine-kunder-ervin-salianjit","status":"publish","type":"post","link":"https:\/\/www.hashtag.al\/index.php\/2021\/11\/22\/evi-kokalari-depoziton-ne-spak-padine-kunder-ervin-salianjit\/","title":{"rendered":"Evi Kokalari depoziton n\u00eb SPAK padin\u00eb kund\u00ebr Ervin Salianjit","gt_translate_keys":[{"key":"rendered","format":"text"}]},"content":{"rendered":"<p><span style=\"color: #000000;\"><a style=\"color: #000000;\" href=\"https:\/\/www.hashtag.al\/wp-content\/uploads\/2021\/11\/kokalari-salianji-padia.png\"><img loading=\"lazy\" decoding=\"async\" class=\"aligncenter size-full wp-image-486535\" src=\"https:\/\/www.hashtag.al\/wp-content\/uploads\/2021\/11\/kokalari-salianji-padia.png\" alt=\"\" width=\"1785\" height=\"893\" srcset=\"https:\/\/www.hashtag.al\/wp-content\/uploads\/2021\/11\/kokalari-salianji-padia.png 1785w, https:\/\/www.hashtag.al\/wp-content\/uploads\/2021\/11\/kokalari-salianji-padia-300x150.png 300w, https:\/\/www.hashtag.al\/wp-content\/uploads\/2021\/11\/kokalari-salianji-padia-768x384.png 768w, https:\/\/www.hashtag.al\/wp-content\/uploads\/2021\/11\/kokalari-salianji-padia-1024x512.png 1024w\" sizes=\"auto, (max-width: 1785px) 100vw, 1785px\" \/><\/a><\/span><\/p>\n<p><span style=\"color: #000000;\">Aktivistja shqiptaro-amerikane Evi Kokalari, ka depozituar sot nj\u00eb padi n\u00eb SPAK kund\u00ebr deputetit demokrat, Ervin Salianji.<\/span><\/p>\n<p><span style=\"color: #000000;\">N\u00ebp\u00ebrmjet nj\u00eb postimi n\u00eb rrjetin social \u201cFacebook\u201d, Kokalari i konsideroi \u201cshpifje\u201d deklaratat e Salianjit p\u00ebr bashk\u00ebshortin e saj, p\u00ebr t\u00eb cilin sqaron se vet\u00ebm dy her\u00eb ka qen\u00eb n\u00eb Greqi dhe s\u2019ka qen\u00eb kurr\u00eb pjes\u00eb e \u201cAgimit t\u00eb Art\u00eb\u201d.<\/span><\/p>\n<p><span style=\"color: #000000;\"><em>\u201cPadia ndaj Ervin Salianji sot u depozitua n\u00eb Spak.<\/em><\/span><\/p>\n<p><span style=\"color: #000000;\"><em>Padia \u00ebsht\u00eb p\u00ebr shpifje q\u00eb ai i ka b\u00ebr\u00eb publikisht.<\/em><\/span><\/p>\n<p><span style=\"color: #000000;\"><em>Dua t\u00eb sqaroj se familja ime nuk ka mbajtur kurr\u00eb mbiemrin Hoxha, por \u00ebsht\u00eb njohur gjithnj\u00eb me mbiemrin Kokalari.<\/em><\/span><\/p>\n<p><span style=\"color: #000000;\"><em>Im shoq ka q\u00ebn\u00eb vet\u00ebm dy her\u00eb n\u00eb Greqi dhe s\u2019ka q\u00ebn\u00eb kurr\u00eb pjes\u00eb e politik\u00ebs as n\u00eb Greqi &amp; as n\u00eb Amerike, jo m\u00eb t\u00eb jet\u00eb pjes\u00eb e \u2018Agimit t\u00eb Art\u00eb\u2019 apo lobit Grek.<\/em><\/span><\/p>\n<p><span style=\"color: #000000;\"><em>\u2026 dhe un\u00eb nuk jam e papun\u00eb. Madje punoj or\u00eb t\u00eb gjata q\u00eb t\u00eb merrem me bisnesin tim privat qe kam punuar 20 vjet p\u00ebr ta sjell\u00eb aty ku \u00ebsht\u00eb dhe t\u00eb kem koh\u00eb t\u00eb merrem me politik\u00eb si n\u00eb Amerik\u00eb, ashtu dhe n\u00eb Shqip\u00ebri.<\/em>\u201d- shkruan Kokalari e cila falenderon avokaten Endira Bushati, p\u00ebr t\u00eb cil\u00ebn shprehet se <em>\u201ci \u00ebsht\u00eb dh\u00ebn\u00eb me shpirt mbrojtjes time.\u201d<\/em><\/span><\/p>\n<p><span style=\"color: #000000;\"><a style=\"color: #000000;\" href=\"https:\/\/www.hashtag.al\/wp-content\/uploads\/2021\/11\/padia.jpg\"><img loading=\"lazy\" decoding=\"async\" class=\"aligncenter size-full wp-image-486534\" src=\"https:\/\/www.hashtag.al\/wp-content\/uploads\/2021\/11\/padia.jpg\" alt=\"\" width=\"1486\" height=\"2048\" srcset=\"https:\/\/www.hashtag.al\/wp-content\/uploads\/2021\/11\/padia.jpg 1486w, https:\/\/www.hashtag.al\/wp-content\/uploads\/2021\/11\/padia-218x300.jpg 218w, https:\/\/www.hashtag.al\/wp-content\/uploads\/2021\/11\/padia-768x1058.jpg 768w, https:\/\/www.hashtag.al\/wp-content\/uploads\/2021\/11\/padia-743x1024.jpg 743w\" sizes=\"auto, (max-width: 1486px) 100vw, 1486px\" \/><\/a><\/span><\/p>\n","protected":false,"gt_translate_keys":[{"key":"rendered","format":"html"}]},"excerpt":{"rendered":"<p>Aktivistja shqiptaro-amerikane Evi Kokalari, ka depozituar sot nj\u00eb padi n\u00eb SPAK kund\u00ebr deputetit demokrat, Ervin Salianji. N\u00ebp\u00ebrmjet nj\u00eb postimi n\u00eb rrjetin social \u201cFacebook\u201d, Kokalari i konsideroi \u201cshpifje\u201d deklaratat e Salianjit p\u00ebr bashk\u00ebshortin e saj, p\u00ebr t\u00eb cilin sqaron se vet\u00ebm dy her\u00eb ka qen\u00eb n\u00eb Greqi dhe s\u2019ka qen\u00eb kurr\u00eb pjes\u00eb e \u201cAgimit t\u00eb Art\u00eb\u201d. [&hellip;]<\/p>\n","protected":false,"gt_translate_keys":[{"key":"rendered","format":"html"}]},"author":30,"featured_media":486535,"comment_status":"closed","ping_status":"closed","sticky":false,"template":"","format":"standard","meta":{"footnotes":""},"categories":[65,13],"tags":[],"class_list":["post-486533","post","type-post","status-publish","format-standard","has-post-thumbnail","hentry","category-lajme","category-te-fundit"],"gt_translate_keys":[{"key":"link","format":"url"}],"_links":{"self":[{"href":"https:\/\/www.hashtag.al\/index.php\/wp-json\/wp\/v2\/posts\/486533","targetHints":{"allow":["GET"]}}],"collection":[{"href":"https:\/\/www.hashtag.al\/index.php\/wp-json\/wp\/v2\/posts"}],"about":[{"href":"https:\/\/www.hashtag.al\/index.php\/wp-json\/wp\/v2\/types\/post"}],"author":[{"embeddable":true,"href":"https:\/\/www.hashtag.al\/index.php\/wp-json\/wp\/v2\/users\/30"}],"replies":[{"embeddable":true,"href":"https:\/\/www.hashtag.al\/index.php\/wp-json\/wp\/v2\/comments?post=486533"}],"version-history":[{"count":0,"href":"https:\/\/www.hashtag.al\/index.php\/wp-json\/wp\/v2\/posts\/486533\/revisions"}],"wp:featuredmedia":[{"embeddable":true,"href":"https:\/\/www.hashtag.al\/index.php\/wp-json\/wp\/v2\/media\/486535"}],"wp:attachment":[{"href":"https:\/\/www.hashtag.al\/index.php\/wp-json\/wp\/v2\/media?parent=486533"}],"wp:term":[{"taxonomy":"category","embeddable":true,"href":"https:\/\/www.hashtag.al\/index.php\/wp-json\/wp\/v2\/categories?post=486533"},{"taxonomy":"post_tag","embeddable":true,"href":"https:\/\/www.hashtag.al\/index.php\/wp-json\/wp\/v2\/tags?post=486533"}],"curies":[{"name":"wp","href":"https:\/\/api.w.org\/{rel}","templated":true}]}}