{"id":486482,"date":"2021-11-22T14:02:22","date_gmt":"2021-11-22T13:02:22","guid":{"rendered":"https:\/\/www.hashtag.al\/?p=486482"},"modified":"2021-11-22T17:26:00","modified_gmt":"2021-11-22T16:26:00","slug":"meta-njofton-konferencen-urgjente-per-mediet-sot-ne-oren-1730","status":"publish","type":"post","link":"https:\/\/www.hashtag.al\/index.php\/2021\/11\/22\/meta-njofton-konferencen-urgjente-per-mediet-sot-ne-oren-1730\/","title":{"rendered":"Meta njofton Konferenc\u00ebn urgjente p\u00ebr Mediet: Sot n\u00eb or\u00ebn 17:30","gt_translate_keys":[{"key":"rendered","format":"text"}]},"content":{"rendered":"<p><span style=\"color: #000000;\"><a style=\"color: #000000;\" href=\"https:\/\/www.hashtag.al\/wp-content\/uploads\/2020\/10\/blushimeta.jpg\"><img loading=\"lazy\" decoding=\"async\" class=\"aligncenter size-full wp-image-406629\" src=\"https:\/\/www.hashtag.al\/wp-content\/uploads\/2020\/10\/blushimeta.jpg\" alt=\"\" width=\"1280\" height=\"853\" srcset=\"https:\/\/www.hashtag.al\/wp-content\/uploads\/2020\/10\/blushimeta.jpg 1280w, https:\/\/www.hashtag.al\/wp-content\/uploads\/2020\/10\/blushimeta-300x200.jpg 300w, https:\/\/www.hashtag.al\/wp-content\/uploads\/2020\/10\/blushimeta-768x512.jpg 768w, https:\/\/www.hashtag.al\/wp-content\/uploads\/2020\/10\/blushimeta-1024x682.jpg 1024w\" sizes=\"auto, (max-width: 1280px) 100vw, 1280px\" \/><\/a><\/span><\/p>\n<p><span style=\"color: #000000;\">Presidenti i vendit Ilir Meta do t\u00eb mbaj\u00eb nj\u00eb konferenc\u00eb me gazetar\u00ebt pasditen e sotme.<\/span><\/p>\n<p><span style=\"color: #000000;\">Njoftimi \u00ebsht\u00eb b\u00ebr\u00eb nga z\u00ebdh\u00ebn\u00ebsi i tij Tedi Blushi, i cili fton mediat t\u00eb jen\u00eb prezente n\u00eb ambientet e presidenc\u00ebs.<\/span><\/p>\n<p><em><span style=\"color: #000000;\">\u201cT\u00eb dashur koleg\u00eb gazetar\u00eb,<\/span><\/em><\/p>\n<p><em><span style=\"color: #000000;\">Sot n\u00eb ora 17:30, Presidenti i Republik\u00ebs Sh.T.Z Ilir Meta ju fton t\u00eb gjith\u00ebve n\u00eb nj\u00eb konferenc\u00eb p\u00ebr mediat, n\u00eb ambientet e Institucionit t\u00eb Presidentit.<\/span><\/em><\/p>\n<p><span style=\"color: #000000;\"><em>Transmetim LIVE!\u201d-<\/em> shkruan Blushi n\u00eb Facebook.<a href=\"https:\/\/www.hashtag.al\/wp-content\/uploads\/2021\/11\/BLUSHI.jpg\"><img loading=\"lazy\" decoding=\"async\" class=\"aligncenter size-full wp-image-486488\" src=\"https:\/\/www.hashtag.al\/wp-content\/uploads\/2021\/11\/BLUSHI.jpg\" alt=\"\" width=\"501\" height=\"172\" srcset=\"https:\/\/www.hashtag.al\/wp-content\/uploads\/2021\/11\/BLUSHI.jpg 501w, https:\/\/www.hashtag.al\/wp-content\/uploads\/2021\/11\/BLUSHI-300x103.jpg 300w\" sizes=\"auto, (max-width: 501px) 100vw, 501px\" \/><\/a><\/span><\/p>\n<p><span style=\"color: #000000;\">M\u00eb pas t\u00eb nj\u00ebjtin njoftim e publikoi edhe vet\u00eb MEta i cili shkruan: <em>\u201cT\u00eb dashur miq! Ju ftoj t\u00eb gjith\u00ebve t\u00eb m\u00eb ndiqni sot live n\u00eb 17:30, n\u00eb nj\u00eb komunikim interesant, n\u00eb respekt t\u00eb Transparenc\u00ebs dhe Fakteve.\u201c<\/em><\/span><\/p>\n<p><span style=\"color: #000000;\">Ky njoftim vjen n\u00eb nj\u00eb koh\u00eb kur Prokuroria e Posa\u00e7me k\u00ebrkoi sot pushimin e \u00e7\u00ebshtjes n\u00eb gjykat\u00eb q\u00eb lidhet me padin\u00eb e Presidentit Meta p\u00ebr ish-kreun e KED-s\u00eb, Ardian Dvoranin.<\/span><\/p>\n<p>&nbsp;<\/p>\n","protected":false,"gt_translate_keys":[{"key":"rendered","format":"html"}]},"excerpt":{"rendered":"<p>Presidenti i vendit Ilir Meta do t\u00eb mbaj\u00eb nj\u00eb konferenc\u00eb me gazetar\u00ebt pasditen e sotme. Njoftimi \u00ebsht\u00eb b\u00ebr\u00eb nga z\u00ebdh\u00ebn\u00ebsi i tij Tedi Blushi, i cili fton mediat t\u00eb jen\u00eb prezente n\u00eb ambientet e presidenc\u00ebs. \u201cT\u00eb dashur koleg\u00eb gazetar\u00eb, Sot n\u00eb ora 17:30, Presidenti i Republik\u00ebs Sh.T.Z Ilir Meta ju fton t\u00eb gjith\u00ebve n\u00eb nj\u00eb [&hellip;]<\/p>\n","protected":false,"gt_translate_keys":[{"key":"rendered","format":"html"}]},"author":30,"featured_media":406629,"comment_status":"closed","ping_status":"closed","sticky":false,"template":"","format":"standard","meta":{"footnotes":""},"categories":[65,13],"tags":[],"class_list":["post-486482","post","type-post","status-publish","format-standard","has-post-thumbnail","hentry","category-lajme","category-te-fundit"],"gt_translate_keys":[{"key":"link","format":"url"}],"_links":{"self":[{"href":"https:\/\/www.hashtag.al\/index.php\/wp-json\/wp\/v2\/posts\/486482","targetHints":{"allow":["GET"]}}],"collection":[{"href":"https:\/\/www.hashtag.al\/index.php\/wp-json\/wp\/v2\/posts"}],"about":[{"href":"https:\/\/www.hashtag.al\/index.php\/wp-json\/wp\/v2\/types\/post"}],"author":[{"embeddable":true,"href":"https:\/\/www.hashtag.al\/index.php\/wp-json\/wp\/v2\/users\/30"}],"replies":[{"embeddable":true,"href":"https:\/\/www.hashtag.al\/index.php\/wp-json\/wp\/v2\/comments?post=486482"}],"version-history":[{"count":0,"href":"https:\/\/www.hashtag.al\/index.php\/wp-json\/wp\/v2\/posts\/486482\/revisions"}],"wp:featuredmedia":[{"embeddable":true,"href":"https:\/\/www.hashtag.al\/index.php\/wp-json\/wp\/v2\/media\/406629"}],"wp:attachment":[{"href":"https:\/\/www.hashtag.al\/index.php\/wp-json\/wp\/v2\/media?parent=486482"}],"wp:term":[{"taxonomy":"category","embeddable":true,"href":"https:\/\/www.hashtag.al\/index.php\/wp-json\/wp\/v2\/categories?post=486482"},{"taxonomy":"post_tag","embeddable":true,"href":"https:\/\/www.hashtag.al\/index.php\/wp-json\/wp\/v2\/tags?post=486482"}],"curies":[{"name":"wp","href":"https:\/\/api.w.org\/{rel}","templated":true}]}}