{"id":486297,"date":"2021-11-21T13:05:43","date_gmt":"2021-11-21T12:05:43","guid":{"rendered":"https:\/\/www.hashtag.al\/?p=486297"},"modified":"2021-11-21T13:05:43","modified_gmt":"2021-11-21T12:05:43","slug":"dyshohet-se-ka-ngacmuar-seksualisht-vajzen-e-mitur-arrestohet-43-vjecari-ne-tirane","status":"publish","type":"post","link":"https:\/\/www.hashtag.al\/index.php\/2021\/11\/21\/dyshohet-se-ka-ngacmuar-seksualisht-vajzen-e-mitur-arrestohet-43-vjecari-ne-tirane\/","title":{"rendered":"Dyshohet se ka ngacmuar seksualisht vajz\u00ebn e mitur, arrestohet 43-vje\u00e7ari n\u00eb Tiran\u00eb","gt_translate_keys":[{"key":"rendered","format":"text"}]},"content":{"rendered":"<p><span style=\"color: #000000;\"><img loading=\"lazy\" decoding=\"async\" class=\"aligncenter size-full wp-image-451981\" src=\"https:\/\/www.hashtag.al\/wp-content\/uploads\/2021\/05\/arrestim-1.jpg\" alt=\"\" width=\"911\" height=\"485\" srcset=\"https:\/\/www.hashtag.al\/wp-content\/uploads\/2021\/05\/arrestim-1.jpg 911w, https:\/\/www.hashtag.al\/wp-content\/uploads\/2021\/05\/arrestim-1-300x160.jpg 300w, https:\/\/www.hashtag.al\/wp-content\/uploads\/2021\/05\/arrestim-1-768x409.jpg 768w\" sizes=\"auto, (max-width: 911px) 100vw, 911px\" \/><\/span><\/p>\n<p><span style=\"color: #000000;\">Nj\u00eb 43-vje\u00e7ar \u00ebsht\u00eb ndaluar nga policia pasi dyshohet se ka ngacmuar seksualisht vajz\u00ebn e tij t\u00eb mitur.<\/span><\/p>\n<p><span style=\"color: #000000;\">Ndalimi \u00ebsht\u00eb b\u00ebr\u00eb nga efektiv\u00ebt e Komisariatit nr.5 n\u00eb Tiran\u00eb.<\/span><\/p>\n<p><span style=\"color: #000000;\">\u201c<em>Specialist\u00ebt p\u00ebr Hetimin e Krimeve n\u00eb Komisariatin e Policis\u00eb Nr. 5 b\u00ebn\u00eb ndalimin e shtetasit J. D., 43 vje\u00e7, pasi dyshohet se ka ngacmuar seksualisht vajz\u00ebn e tij t\u00eb mitur<\/em>\u201d-njofton policia.<\/span><\/p>\n","protected":false,"gt_translate_keys":[{"key":"rendered","format":"html"}]},"excerpt":{"rendered":"<p>Nj\u00eb 43-vje\u00e7ar \u00ebsht\u00eb ndaluar nga policia pasi dyshohet se ka ngacmuar seksualisht vajz\u00ebn e tij t\u00eb mitur. Ndalimi \u00ebsht\u00eb b\u00ebr\u00eb nga efektiv\u00ebt e Komisariatit nr.5 n\u00eb Tiran\u00eb. \u201cSpecialist\u00ebt p\u00ebr Hetimin e Krimeve n\u00eb Komisariatin e Policis\u00eb Nr. 5 b\u00ebn\u00eb ndalimin e shtetasit J. D., 43 vje\u00e7, pasi dyshohet se ka ngacmuar seksualisht vajz\u00ebn e tij [&hellip;]<\/p>\n","protected":false,"gt_translate_keys":[{"key":"rendered","format":"html"}]},"author":32,"featured_media":431689,"comment_status":"closed","ping_status":"closed","sticky":false,"template":"","format":"standard","meta":{"footnotes":""},"categories":[65,13],"tags":[],"class_list":["post-486297","post","type-post","status-publish","format-standard","has-post-thumbnail","hentry","category-lajme","category-te-fundit"],"gt_translate_keys":[{"key":"link","format":"url"}],"_links":{"self":[{"href":"https:\/\/www.hashtag.al\/index.php\/wp-json\/wp\/v2\/posts\/486297","targetHints":{"allow":["GET"]}}],"collection":[{"href":"https:\/\/www.hashtag.al\/index.php\/wp-json\/wp\/v2\/posts"}],"about":[{"href":"https:\/\/www.hashtag.al\/index.php\/wp-json\/wp\/v2\/types\/post"}],"author":[{"embeddable":true,"href":"https:\/\/www.hashtag.al\/index.php\/wp-json\/wp\/v2\/users\/32"}],"replies":[{"embeddable":true,"href":"https:\/\/www.hashtag.al\/index.php\/wp-json\/wp\/v2\/comments?post=486297"}],"version-history":[{"count":0,"href":"https:\/\/www.hashtag.al\/index.php\/wp-json\/wp\/v2\/posts\/486297\/revisions"}],"wp:featuredmedia":[{"embeddable":true,"href":"https:\/\/www.hashtag.al\/index.php\/wp-json\/wp\/v2\/media\/431689"}],"wp:attachment":[{"href":"https:\/\/www.hashtag.al\/index.php\/wp-json\/wp\/v2\/media?parent=486297"}],"wp:term":[{"taxonomy":"category","embeddable":true,"href":"https:\/\/www.hashtag.al\/index.php\/wp-json\/wp\/v2\/categories?post=486297"},{"taxonomy":"post_tag","embeddable":true,"href":"https:\/\/www.hashtag.al\/index.php\/wp-json\/wp\/v2\/tags?post=486297"}],"curies":[{"name":"wp","href":"https:\/\/api.w.org\/{rel}","templated":true}]}}