{"id":486186,"date":"2021-11-20T14:32:55","date_gmt":"2021-11-20T13:32:55","guid":{"rendered":"https:\/\/www.hashtag.al\/?p=486186"},"modified":"2021-11-20T14:36:33","modified_gmt":"2021-11-20T13:36:33","slug":"policia-jep-informacionin-zyrtar-mbi-videon-virale-personat-e-armatosur-kishin-konflikt-me-pronarin-e-lokalit-ne-kerkim-klientet-qe-nuk-kallezuan-ngjarjen","status":"publish","type":"post","link":"https:\/\/www.hashtag.al\/index.php\/2021\/11\/20\/policia-jep-informacionin-zyrtar-mbi-videon-virale-personat-e-armatosur-kishin-konflikt-me-pronarin-e-lokalit-ne-kerkim-klientet-qe-nuk-kallezuan-ngjarjen\/","title":{"rendered":"Policia jep informacionin zyrtar mbi videon virale: Personat e armatosur kishin konflikt me pronarin e lokalit, n\u00eb k\u00ebrkim klient\u00ebt q\u00eb nuk kall\u00ebzuan ngjarjen","gt_translate_keys":[{"key":"rendered","format":"text"}]},"content":{"rendered":"<p><span style=\"color: #000000;\"><a href=\"https:\/\/www.hashtag.al\/wp-content\/uploads\/2021\/11\/640-0-619823252024b.jpg\"><img loading=\"lazy\" decoding=\"async\" class=\"aligncenter size-full wp-image-486145\" src=\"https:\/\/www.hashtag.al\/wp-content\/uploads\/2021\/11\/640-0-619823252024b.jpg\" alt=\"\" width=\"640\" height=\"452\" srcset=\"https:\/\/www.hashtag.al\/wp-content\/uploads\/2021\/11\/640-0-619823252024b.jpg 640w, https:\/\/www.hashtag.al\/wp-content\/uploads\/2021\/11\/640-0-619823252024b-300x212.jpg 300w\" sizes=\"auto, (max-width: 640px) 100vw, 640px\" \/><\/a><br \/>\n<\/span><\/p>\n<p><span style=\"color: #000000;\">Policia e Shtetit ka publikuar informacionin zyrtar, lidhur me videon q\u00eb ka qarkulluar nj\u00eb dit\u00eb m\u00eb par\u00eb n\u00eb medie, ku disa persona t\u00eb armatosur shfaqeshin duke u futur ne\u00eb nj\u00eb lokal n\u00eb Lezh\u00eb.<\/span><\/p>\n<p><span style=\"color: #000000;\">N\u00eb njoftimin p\u00ebr mediet, Policia b\u00ebn me dije se e ka identifikuar lokalin ku ka ndodhur ngjarja. Nga hetimet, ka rezultuar se ngjarja ka ndodhur m\u00eb dat\u00ebn 13 n\u00ebntor 2021, n\u00eb lokalin n\u00eb pron\u00ebsi t\u00eb shtetasit me inicialet A.K., n\u00eb fshatin Zejmen.<\/span><\/p>\n<p><span style=\"color: #000000;\">Personat e maskuar dhe t\u00eb armatosur q\u00eb shfaqen n\u00eb video, sipas uniformave blu dyshohet se kan\u00eb pasur konflikt me pronarin e k\u00ebtij lokali, i cili nuk ka q\u00ebn\u00eb prezent. P\u00ebr k\u00ebt\u00eb arsye ata jan\u00eb larguar dhe asnj\u00eb njeri nuk ka mbetur i l\u00ebnduar nga ngjarja.<\/span><\/p>\n<p><span style=\"color: #000000;\">Nd\u00ebrkoh\u00eb policia b\u00ebn me dije se ka shpallur n\u00eb k\u00ebrkim klient\u00ebt q\u00eb nuk denoncuan ngjarjen, si dhe pronarin e lokalit.<\/span><\/p>\n<p><strong><span style=\"color: #000000;\">INFORMACIONI I POLICIS\u00cb<\/span><\/strong><\/p>\n<p><span style=\"color: #000000;\">N\u00eb lidhje me nj\u00eb video t\u00eb publikuar n\u00eb media dhe rrjete sociale, ku shfaqeshin disa persona t\u00eb armatosur n\u00eb nj\u00eb lokal, n\u00eb aksin e vjet\u00ebr Lezh\u00eb-Milot, ju b\u00ebjm\u00eb me dije se:<\/span><\/p>\n<p><span style=\"color: #000000;\">Sh\u00ebrbimet e Policis\u00eb Lezh\u00eb, sapo jan\u00eb v\u00ebn\u00eb n\u00eb dijeni kan\u00eb organizuar pun\u00ebn p\u00ebr identifikimin e lokalit dhe personave q\u00eb shfaqen n\u00eb video.<\/span><\/p>\n<p><span style=\"color: #000000;\">Nga verifikimet e kryera, ka rezultuar se ngjarja ka ndodhur m\u00eb dat\u00ebn 13 n\u00ebntor 2021, n\u00eb lokalin n\u00eb pron\u00ebsi t\u00eb shtetasit A.K., n\u00eb fshatin Zejmen dhe shtetasit q\u00eb shfaqen n\u00eb video, dyshohet se kan\u00eb pasur konflikt me pronarin e k\u00ebtij lokali, i cili nuk ka q\u00ebn\u00eb prezent.<\/span><\/p>\n<p><span style=\"color: #000000;\">Gjithashtu, b\u00ebjm\u00eb me dije opinionin publik se ngjarja nuk \u00ebsht\u00eb raportuar n\u00eb Polici, si dhe nga verifikimet ka rezultuar se nuk ka pasur vjedhje, as persona t\u00eb d\u00ebmtuar.<\/span><\/p>\n<p><span style=\"color: #000000;\">N\u00eb vijim t\u00eb veprimeve, u b\u00eb e mundur identifikimi dhe shpallja n\u00eb k\u00ebrkim e shtetasve :A.K. ,25 vje\u00e7, banues n\u00eb Zejmen, pronari i lokalit, F.B., 26 vje\u00e7, M.V.,29 vje\u00e7 dhe I.A., 34 vje\u00e7, banues n\u00eb fshatin Pllan\u00eb, Lezh\u00eb, t\u00eb cil\u00ebt ndodheshin klient\u00eb n\u00eb lokal, p\u00ebr vepren penale &#8220;Moskall\u00ebzim i krimit &#8220;, kryer n\u00eb bashk\u00ebpunim.<\/span><\/p>\n<p><span style=\"color: #000000;\">N\u00ebn drejtimin e Prokuroris\u00eb Lezh\u00eb, vijon puna intensive p\u00ebr sqarimin dhe dokumentimin e plot\u00eb t\u00eb k\u00ebsaj ngjarje, identifikimin dhe kapjen e personave t\u00eb p\u00ebrfshir\u00eb.<\/span><\/p>\n","protected":false,"gt_translate_keys":[{"key":"rendered","format":"html"}]},"excerpt":{"rendered":"<p>Policia e Shtetit ka publikuar informacionin zyrtar, lidhur me videon q\u00eb ka qarkulluar nj\u00eb dit\u00eb m\u00eb par\u00eb n\u00eb medie, ku disa persona t\u00eb armatosur shfaqeshin duke u futur ne\u00eb nj\u00eb lokal n\u00eb Lezh\u00eb. N\u00eb njoftimin p\u00ebr mediet, Policia b\u00ebn me dije se e ka identifikuar lokalin ku ka ndodhur ngjarja. Nga hetimet, ka rezultuar se [&hellip;]<\/p>\n","protected":false,"gt_translate_keys":[{"key":"rendered","format":"html"}]},"author":30,"featured_media":486145,"comment_status":"closed","ping_status":"closed","sticky":false,"template":"","format":"standard","meta":{"footnotes":""},"categories":[65,13],"tags":[],"class_list":["post-486186","post","type-post","status-publish","format-standard","has-post-thumbnail","hentry","category-lajme","category-te-fundit"],"gt_translate_keys":[{"key":"link","format":"url"}],"_links":{"self":[{"href":"https:\/\/www.hashtag.al\/index.php\/wp-json\/wp\/v2\/posts\/486186","targetHints":{"allow":["GET"]}}],"collection":[{"href":"https:\/\/www.hashtag.al\/index.php\/wp-json\/wp\/v2\/posts"}],"about":[{"href":"https:\/\/www.hashtag.al\/index.php\/wp-json\/wp\/v2\/types\/post"}],"author":[{"embeddable":true,"href":"https:\/\/www.hashtag.al\/index.php\/wp-json\/wp\/v2\/users\/30"}],"replies":[{"embeddable":true,"href":"https:\/\/www.hashtag.al\/index.php\/wp-json\/wp\/v2\/comments?post=486186"}],"version-history":[{"count":0,"href":"https:\/\/www.hashtag.al\/index.php\/wp-json\/wp\/v2\/posts\/486186\/revisions"}],"wp:featuredmedia":[{"embeddable":true,"href":"https:\/\/www.hashtag.al\/index.php\/wp-json\/wp\/v2\/media\/486145"}],"wp:attachment":[{"href":"https:\/\/www.hashtag.al\/index.php\/wp-json\/wp\/v2\/media?parent=486186"}],"wp:term":[{"taxonomy":"category","embeddable":true,"href":"https:\/\/www.hashtag.al\/index.php\/wp-json\/wp\/v2\/categories?post=486186"},{"taxonomy":"post_tag","embeddable":true,"href":"https:\/\/www.hashtag.al\/index.php\/wp-json\/wp\/v2\/tags?post=486186"}],"curies":[{"name":"wp","href":"https:\/\/api.w.org\/{rel}","templated":true}]}}