{"id":486017,"date":"2021-11-19T17:21:25","date_gmt":"2021-11-19T16:21:25","guid":{"rendered":"https:\/\/www.hashtag.al\/?p=486017"},"modified":"2021-11-19T17:22:00","modified_gmt":"2021-11-19T16:22:00","slug":"berisha-basha-e-ktheu-pd-ne-ne-nje-ministri-te-narkoshtetit-te-edi-rames","status":"publish","type":"post","link":"https:\/\/www.hashtag.al\/index.php\/2021\/11\/19\/berisha-basha-e-ktheu-pd-ne-ne-nje-ministri-te-narkoshtetit-te-edi-rames\/","title":{"rendered":"Berisha: Basha e ktheu PD-n\u00eb n\u00eb nj\u00eb ministri t\u00eb narkoshtetit t\u00eb Edi Ram\u00ebs","gt_translate_keys":[{"key":"rendered","format":"text"}]},"content":{"rendered":"<p><span style=\"color: #000000;\"><img loading=\"lazy\" decoding=\"async\" class=\"aligncenter size-full wp-image-486018\" src=\"https:\/\/www.hashtag.al\/wp-content\/uploads\/2021\/11\/berisha-3.jpg\" alt=\"\" width=\"1379\" height=\"575\" srcset=\"https:\/\/www.hashtag.al\/wp-content\/uploads\/2021\/11\/berisha-3.jpg 1379w, https:\/\/www.hashtag.al\/wp-content\/uploads\/2021\/11\/berisha-3-300x125.jpg 300w, https:\/\/www.hashtag.al\/wp-content\/uploads\/2021\/11\/berisha-3-768x320.jpg 768w, https:\/\/www.hashtag.al\/wp-content\/uploads\/2021\/11\/berisha-3-1024x427.jpg 1024w\" sizes=\"auto, (max-width: 1379px) 100vw, 1379px\" \/><\/span><\/p>\n<p><span style=\"color: #000000;\">Ish-kryeministri Berisha e akuzoi kreun e PD-s\u00eb Basha se e shnd\u00ebrroi partin\u00eb n\u00eb ministri t\u00eb narkoshtetit t\u00eb Edi Ram\u00ebs. <\/span><\/p>\n<p><span style=\"color: #000000;\">Ai e b\u00ebri deklarat\u00ebn gjat\u00eb foltores s\u00eb Librazhdit ku theksoi se edhe pse kryeministri braktisi e pla\u00e7kiti votat si kurr\u00eb m\u00eb par\u00eb, kreu i opozit\u00ebs u p\u00ebrqendrua t\u00eb lufta p\u00ebr karrigen e tij duke l\u00ebn\u00eb n\u00eb balt\u00eb demokrat\u00ebt e shqiptar\u00ebt.<\/span><\/p>\n<p><span style=\"color: #000000;\"><em>\u201cEdi Rama rr\u00ebmbeu e pla\u00e7kiti vota si kurr\u00eb m\u00eb par\u00eb. I p\u00ebrdori t\u00eb gjitha potencialet e shtetit si kurr\u00eb m\u00eb par\u00eb. Shspenzoi miliona euro p\u00ebr d\u00ebmshp\u00ebrblim nga t\u00ebrmeti, p\u00ebr asfalt elektoral. Mobilizoi falangat e krimit e t\u00eb drog\u00ebs p\u00ebr vota. Por peng-kryetari q\u00eb u zotua se do mbronte vot\u00ebn e demokrat\u00ebve e nuk do njihte zgjedhjet e 25 prillit harroi \u00e7do zotim. U mor vet\u00ebm me karrigen e tij dhe me bashk\u00ebpunimin e turpit me Edi Ram\u00ebn. PD-n\u00eb e shd\u00ebrroi n\u00eb ministri t\u00eb narkosshtetit shqiptar. Kurr\u00eb nuk ka ndodhur q\u00eb nj\u00eb opozit\u00eb t\u00eb votoj\u00eb a abstenoj\u00eb ndaj borxhit t\u00eb qeveris\u00eb si\u00e7 b\u00ebri peng Basha.\u201d<\/em> &#8211; tha Berisha.<\/span><\/p>\n","protected":false,"gt_translate_keys":[{"key":"rendered","format":"html"}]},"excerpt":{"rendered":"<p>Ish-kryeministri Berisha e akuzoi kreun e PD-s\u00eb Basha se e shnd\u00ebrroi partin\u00eb n\u00eb ministri t\u00eb narkoshtetit t\u00eb Edi Ram\u00ebs. Ai e b\u00ebri deklarat\u00ebn gjat\u00eb foltores s\u00eb Librazhdit ku theksoi se edhe pse kryeministri braktisi e pla\u00e7kiti votat si kurr\u00eb m\u00eb par\u00eb, kreu i opozit\u00ebs u p\u00ebrqendrua t\u00eb lufta p\u00ebr karrigen e tij duke l\u00ebn\u00eb n\u00eb [&hellip;]<\/p>\n","protected":false,"gt_translate_keys":[{"key":"rendered","format":"html"}]},"author":51,"featured_media":486018,"comment_status":"closed","ping_status":"closed","sticky":false,"template":"","format":"standard","meta":{"footnotes":""},"categories":[65,13],"tags":[],"class_list":["post-486017","post","type-post","status-publish","format-standard","has-post-thumbnail","hentry","category-lajme","category-te-fundit"],"gt_translate_keys":[{"key":"link","format":"url"}],"_links":{"self":[{"href":"https:\/\/www.hashtag.al\/index.php\/wp-json\/wp\/v2\/posts\/486017","targetHints":{"allow":["GET"]}}],"collection":[{"href":"https:\/\/www.hashtag.al\/index.php\/wp-json\/wp\/v2\/posts"}],"about":[{"href":"https:\/\/www.hashtag.al\/index.php\/wp-json\/wp\/v2\/types\/post"}],"author":[{"embeddable":true,"href":"https:\/\/www.hashtag.al\/index.php\/wp-json\/wp\/v2\/users\/51"}],"replies":[{"embeddable":true,"href":"https:\/\/www.hashtag.al\/index.php\/wp-json\/wp\/v2\/comments?post=486017"}],"version-history":[{"count":0,"href":"https:\/\/www.hashtag.al\/index.php\/wp-json\/wp\/v2\/posts\/486017\/revisions"}],"wp:featuredmedia":[{"embeddable":true,"href":"https:\/\/www.hashtag.al\/index.php\/wp-json\/wp\/v2\/media\/486018"}],"wp:attachment":[{"href":"https:\/\/www.hashtag.al\/index.php\/wp-json\/wp\/v2\/media?parent=486017"}],"wp:term":[{"taxonomy":"category","embeddable":true,"href":"https:\/\/www.hashtag.al\/index.php\/wp-json\/wp\/v2\/categories?post=486017"},{"taxonomy":"post_tag","embeddable":true,"href":"https:\/\/www.hashtag.al\/index.php\/wp-json\/wp\/v2\/tags?post=486017"}],"curies":[{"name":"wp","href":"https:\/\/api.w.org\/{rel}","templated":true}]}}