{"id":485814,"date":"2021-11-18T17:56:22","date_gmt":"2021-11-18T16:56:22","guid":{"rendered":"https:\/\/www.hashtag.al\/?p=485814"},"modified":"2021-11-18T18:02:00","modified_gmt":"2021-11-18T17:02:00","slug":"siu-pergjigj-gazetareve-per-dhunen-ndaj-femijeve-bora-muzhaqi-reagon-pas-kritikave-smu-duk-e-udhes-te-jap-opinion-mbi-fusha-te-tjera-detyra-ime-vetem-per-programet-jashteshkollore-dhe-ak","status":"publish","type":"post","link":"https:\/\/www.hashtag.al\/index.php\/2021\/11\/18\/siu-pergjigj-gazetareve-per-dhunen-ndaj-femijeve-bora-muzhaqi-reagon-pas-kritikave-smu-duk-e-udhes-te-jap-opinion-mbi-fusha-te-tjera-detyra-ime-vetem-per-programet-jashteshkollore-dhe-ak\/","title":{"rendered":"S&#8217;iu p\u00ebrgjigj gazetar\u00ebve p\u00ebr dhun\u00ebn ndaj f\u00ebmij\u00ebve, Bora Muzhaqi reagon pas kritikave: S\u2019mu duk e udh\u00ebs t\u00eb jap opinion mbi fusha t\u00eb tjera, detyra ime vet\u00ebm p\u00ebr programet jasht\u00ebshkollore dhe aktivitetet","gt_translate_keys":[{"key":"rendered","format":"text"}]},"content":{"rendered":"<p><span style=\"color: #000000;\"><a style=\"color: #000000;\" href=\"https:\/\/www.hashtag.al\/wp-content\/uploads\/2021\/11\/muzhaqi.png\"><img loading=\"lazy\" decoding=\"async\" class=\"aligncenter size-full wp-image-485815\" src=\"https:\/\/www.hashtag.al\/wp-content\/uploads\/2021\/11\/muzhaqi.png\" alt=\"\" width=\"735\" height=\"450\" srcset=\"https:\/\/www.hashtag.al\/wp-content\/uploads\/2021\/11\/muzhaqi.png 735w, https:\/\/www.hashtag.al\/wp-content\/uploads\/2021\/11\/muzhaqi-300x184.png 300w\" sizes=\"auto, (max-width: 735px) 100vw, 735px\" \/><\/a><\/span><\/p>\n<p><span style=\"color: #000000;\">Ministrja e shtetit p\u00ebr t\u00eb Rinjt\u00eb dhe F\u00ebmij\u00ebt, Bora Muzhaqi, ka k\u00ebrkuar ndjes\u00eb p\u00ebr reagim q\u00eb pati paraditen e sotme para mediave, kur u pyet p\u00ebr ngjarjen n\u00eb Fier.<\/span><\/p>\n<p><span style=\"color: #000000;\">N\u00eb nj\u00eb postim n\u00eb rrjetet sociale, Muzhaqi shprehet se \u00ebsht\u00eb e prekur si t\u00eb gjith\u00eb p\u00ebr tragjedin\u00eb por e iu \u00ebsht\u00eb dukur e udh\u00ebs t\u00eb jap\u00eb nj\u00eb opinion personal mbi fusha t\u00eb tjera specifike.<\/span><\/p>\n<p><span style=\"color: #000000;\">N\u00eb reagimin e saj, Muzhaqi thekson se detyra e saj institucionale \u00ebsht\u00eb vet\u00ebm angazhimi me programet jasht\u00ebshkollore t\u00eb nx\u00ebn\u00ebsve dhe student\u00ebve si dhe programet e aktiviteteve p\u00ebr f\u00ebmij\u00ebt n\u00eb komunitet.<\/span><\/p>\n<p><span style=\"color: #000000;\"><em>\u201cNdjes\u00eb n\u00ebse kam l\u00ebn\u00eb shteg p\u00ebr keqkuptimin e kujtdoqoft\u00eb q\u00eb ka pritur nj\u00eb p\u00ebrgjigje tjet\u00ebr nga un\u00eb, p\u00ebrball\u00eb disa mediave t\u00eb cilat m\u2019u gjend\u00ebn p\u00ebrball\u00eb duke shkuar p\u00ebr nj\u00eb tjet\u00ebr takim pune.<br \/>\nJam thell\u00ebsisht e prekur si t\u00eb gjith\u00eb nga tragjedia e Fierit dhe besoj se gjith\u00e7ka mund t\u00eb b\u00ebhet m\u00eb tutje p\u00ebr adresimin e \u00e7\u00ebshtjeve t\u00eb pyetjes, do t\u00eb b\u00ebhet, ashtu si duhet, nga institucionet. Detyra ime funksionale \u00ebsht\u00eb angazhimi me programet jasht\u00ebshkollore t\u00eb nx\u00ebn\u00ebsve e student\u00ebve, si dhe programet e aktiviteteve p\u00ebr f\u00ebmij\u00ebt n\u00eb komunitet.<\/em><\/span><\/p>\n<p><span style=\"color: #000000;\"><em>Prandaj dhe nuk m\u2019u duk e udh\u00ebs t\u00eb jap nj\u00eb opinion personal mbi fusha t\u00eb tjera specifike p\u00ebr t\u00eb cilat m\u2019u drejtua pyetja.<\/em><\/span><\/p>\n<p><span style=\"color: #000000;\"><em>Nd\u00ebrsa p\u00ebr sa i takon sarkazm\u00ebs politike apo mediatike me tragjedin\u00eb, nuk kam asnj\u00eb koment. E kam neveritur gjithnj\u00eb loj\u00ebn publike me dhimbjen e shkaktuar prej tragjedive. Por sot e provova shijen e saj drejt\u00ebp\u00ebrdrejt\u00eb. Vdekja e dhunshme e nj\u00eb f\u00ebmije nuk mund t\u00eb jet\u00eb kurr\u00eb arsye p\u00ebr t\u00eb luajtur me njeri-tjetrin. Ndjes\u00eb edhe nj\u00ebher\u00eb atyre q\u00eb kan\u00eb keqkuptuar p\u00ebrgjigjen time.\u201d-<\/em> shkruan Muzhaqi.<\/span><\/p>\n<p><span style=\"color: #000000;\">Megjith\u00ebse ministrja shprehet se detyra e saj funksionale \u00ebsht\u00eb angazhimi me programet jasht\u00ebshkollore t\u00eb nx\u00ebn\u00ebsve e student\u00ebve, si dhe programet e aktiviteteve p\u00ebr f\u00ebmij\u00ebt n\u00eb komunitet, n\u00eb VKM-n\u00eb t\u00eb cil\u00ebn ajo vet\u00eb ua p\u00ebrmendi gazetar\u00ebve ku p\u00ebrcaktohen p\u00ebrgjegj\u00ebsit\u00eb e saj thuhet se <em><span style=\"color: #000000;\">&#8220;<\/span><\/em><em>Ministri i Shtetit p\u00ebr Rinin\u00eb dhe F\u00ebmij\u00ebt, n\u00eb bashk\u00ebpunim me institucionet p\u00ebrgjegj\u00ebse, harton, zhvillon dhe monitoron politikat p\u00ebr:<\/em><\/span><\/p>\n<p><span style=\"color: #000000;\"><em>a) mbrojtjen e f\u00ebmij\u00ebs, n\u00ebp\u00ebrmjet plot\u00ebsimit t\u00eb kuadrit ligjor e institucional, n\u00eb zbatim t\u00eb Kushtetut\u00ebs, t\u00eb Konvent\u00ebs s\u00eb Kombeve t\u00eb Bashkuara mbi t\u00eb Drejtat e F\u00ebmij\u00ebs, t\u00eb akteve nd\u00ebrkomb\u00ebtare q\u00eb veprojn\u00eb n\u00eb k\u00ebt\u00eb fush\u00eb, si dhe t\u00eb legjislacionit n\u00eb fuqi;<\/em><\/span><br \/>\n<span style=\"color: #000000;\"><em>b) parashikimin e parimeve baz\u00eb ku mb\u00ebshteten politikat komb\u00ebtare p\u00ebr t\u00eb drejtat e f\u00ebmij\u00ebs, mekanizmat efikas\u00eb, si dhe autoritetet p\u00ebrgjegj\u00ebse n\u00eb nivel qendror e vendor dhe kompetencat e tyre n\u00eb fush\u00ebn e t\u00eb drejtave dhe t\u00eb mbrojtjes s\u00eb f\u00ebmij\u00ebs;<\/em><\/span><br \/>\n<span style=\"color: #000000;\"><em>c) sigurimin e mir\u00ebqenies dhe p\u00ebrmir\u00ebsimin e cil\u00ebsis\u00eb s\u00eb jet\u00ebs s\u00eb f\u00ebmij\u00ebs, duke promovuar e mund\u00ebsuar zhvillimin e tyre n\u00eb shoq\u00ebri, ndihm\u00ebn dhe p\u00ebrkujdesjen efektive p\u00ebr f\u00ebmij\u00ebn;<\/em><\/span><br \/>\n<span style=\"color: #000000;\"><em>\u00e7) marrjen e masave p\u00ebr t\u2019i siguruar f\u00ebmij\u00ebs ushtrimin e t\u00eb drejtave, n\u00eb p\u00ebrputhje me zhvillimin e personalitetit, bazuar n\u00eb interesin m\u00eb t\u00eb lart\u00eb t\u00eb tij;<\/em><\/span><br \/>\n<span style=\"color: #000000;\"><em>d) marrjen e masave p\u00ebr t\u00eb siguruar jetes\u00ebn dhe zhvillimin e f\u00ebmij\u00ebs;<\/em><\/span><br \/>\n<span style=\"color: #000000;\"><em>dh) sigurimin e bashk\u00ebpunimit nd\u00ebrmjet strukturave dhe autoriteteve qendrore e vendore, si dhe organizatave q\u00eb mbrojn\u00eb t\u00eb drejtat e f\u00ebmij\u00ebs;<\/em><\/span><br \/>\n<span style=\"color: #000000;\"><em>e) parashikimin e mekanizmave efektiv\u00eb dhe funksionimin e institucioneve t\u00eb ngarkuara me marrjen e masave konkrete p\u00ebr promovimin, respektimin e mbrojtjen e t\u00eb drejtave t\u00eb f\u00ebmij\u00ebs, si dhe p\u00ebr ngritjen e nj\u00eb sistemi t\u00eb integruar e funksional t\u00eb mbrojtjes s\u00eb f\u00ebmij\u00ebs, p\u00ebr parandalimin dhe p\u00ebrgjigjen efikase ndaj t\u00eb gjitha formave t\u00eb dhun\u00ebs, abuzimit, shfryt\u00ebzimit e neglizhimit.&#8221;<\/em><\/span><\/p>\n<p><a href=\"https:\/\/www.hashtag.al\/wp-content\/uploads\/2021\/11\/VKM-ja.jpg\"><img loading=\"lazy\" decoding=\"async\" class=\"aligncenter size-full wp-image-485770\" src=\"https:\/\/www.hashtag.al\/wp-content\/uploads\/2021\/11\/VKM-ja.jpg\" alt=\"\" width=\"358\" height=\"547\" srcset=\"https:\/\/www.hashtag.al\/wp-content\/uploads\/2021\/11\/VKM-ja.jpg 358w, https:\/\/www.hashtag.al\/wp-content\/uploads\/2021\/11\/VKM-ja-196x300.jpg 196w\" sizes=\"auto, (max-width: 358px) 100vw, 358px\" \/><\/a><\/p>\n","protected":false,"gt_translate_keys":[{"key":"rendered","format":"html"}]},"excerpt":{"rendered":"<p>Ministrja e shtetit p\u00ebr t\u00eb Rinjt\u00eb dhe F\u00ebmij\u00ebt, Bora Muzhaqi, ka k\u00ebrkuar ndjes\u00eb p\u00ebr reagim q\u00eb pati paraditen e sotme para mediave, kur u pyet p\u00ebr ngjarjen n\u00eb Fier. N\u00eb nj\u00eb postim n\u00eb rrjetet sociale, Muzhaqi shprehet se \u00ebsht\u00eb e prekur si t\u00eb gjith\u00eb p\u00ebr tragjedin\u00eb por e iu \u00ebsht\u00eb dukur e udh\u00ebs t\u00eb jap\u00eb [&hellip;]<\/p>\n","protected":false,"gt_translate_keys":[{"key":"rendered","format":"html"}]},"author":30,"featured_media":485815,"comment_status":"closed","ping_status":"closed","sticky":false,"template":"","format":"standard","meta":{"footnotes":""},"categories":[65,13],"tags":[],"class_list":["post-485814","post","type-post","status-publish","format-standard","has-post-thumbnail","hentry","category-lajme","category-te-fundit"],"gt_translate_keys":[{"key":"link","format":"url"}],"_links":{"self":[{"href":"https:\/\/www.hashtag.al\/index.php\/wp-json\/wp\/v2\/posts\/485814","targetHints":{"allow":["GET"]}}],"collection":[{"href":"https:\/\/www.hashtag.al\/index.php\/wp-json\/wp\/v2\/posts"}],"about":[{"href":"https:\/\/www.hashtag.al\/index.php\/wp-json\/wp\/v2\/types\/post"}],"author":[{"embeddable":true,"href":"https:\/\/www.hashtag.al\/index.php\/wp-json\/wp\/v2\/users\/30"}],"replies":[{"embeddable":true,"href":"https:\/\/www.hashtag.al\/index.php\/wp-json\/wp\/v2\/comments?post=485814"}],"version-history":[{"count":0,"href":"https:\/\/www.hashtag.al\/index.php\/wp-json\/wp\/v2\/posts\/485814\/revisions"}],"wp:featuredmedia":[{"embeddable":true,"href":"https:\/\/www.hashtag.al\/index.php\/wp-json\/wp\/v2\/media\/485815"}],"wp:attachment":[{"href":"https:\/\/www.hashtag.al\/index.php\/wp-json\/wp\/v2\/media?parent=485814"}],"wp:term":[{"taxonomy":"category","embeddable":true,"href":"https:\/\/www.hashtag.al\/index.php\/wp-json\/wp\/v2\/categories?post=485814"},{"taxonomy":"post_tag","embeddable":true,"href":"https:\/\/www.hashtag.al\/index.php\/wp-json\/wp\/v2\/tags?post=485814"}],"curies":[{"name":"wp","href":"https:\/\/api.w.org\/{rel}","templated":true}]}}