{"id":485805,"date":"2021-11-18T17:25:21","date_gmt":"2021-11-18T16:25:21","guid":{"rendered":"https:\/\/www.hashtag.al\/?p=485805"},"modified":"2021-11-18T17:44:06","modified_gmt":"2021-11-18T16:44:06","slug":"presidenca-i-pergjigjet-bashes-keqardhje-qe-perfshin-presidentin-ne-krizat-qe-i-shpik-vete","status":"publish","type":"post","link":"https:\/\/www.hashtag.al\/index.php\/2021\/11\/18\/presidenca-i-pergjigjet-bashes-keqardhje-qe-perfshin-presidentin-ne-krizat-qe-i-shpik-vete\/","title":{"rendered":"Presidenca i p\u00ebrgjigjet Bash\u00ebs: Keqardhje q\u00eb p\u00ebrfshin Presidentin n\u00eb krizat q\u00eb i shpik vet\u00eb","gt_translate_keys":[{"key":"rendered","format":"text"}]},"content":{"rendered":"<p><span style=\"color: #000000;\"><a href=\"https:\/\/www.hashtag.al\/wp-content\/uploads\/2021\/11\/ilir-meta2.png\"><img loading=\"lazy\" decoding=\"async\" class=\"aligncenter size-full wp-image-485439\" src=\"https:\/\/www.hashtag.al\/wp-content\/uploads\/2021\/11\/ilir-meta2.png\" alt=\"\" width=\"646\" height=\"462\" srcset=\"https:\/\/www.hashtag.al\/wp-content\/uploads\/2021\/11\/ilir-meta2.png 646w, https:\/\/www.hashtag.al\/wp-content\/uploads\/2021\/11\/ilir-meta2-300x215.png 300w\" sizes=\"auto, (max-width: 646px) 100vw, 646px\" \/><\/a><\/span><\/p>\n<p><span style=\"color: #000000;\">Institucioni i Presidentit t\u00eb Republik\u00ebs ka reaguar pas deklarat\u00ebs s\u00eb kryetarit t\u00eb PD-s\u00eb Lulzim Bash\u00ebs n\u00eb nj\u00eb intervist\u00eb televizive, se presidenti Ilir Meta, s\u00eb bashku kryeministrin Edi Rama dhe ish-kryeministrin Sali Berisha ishin nj\u00eb &#8220;<em>karusel q\u00eb po mban peng Shqip\u00ebrin\u00eb&#8221; <\/em>dhe duke i quajtur <em>&#8220;Trek\u00ebnd\u00ebshi i Bermud\u00ebs&#8221;.<\/em><\/span><\/p>\n<p><span style=\"color: #000000;\">Z\u00ebdh\u00ebn\u00ebsi Tedi Blushi shkruan se presidenti Meta vazhdon t\u00eb ket\u00eb vullnetin ta mir\u00ebpres\u00eb Bash\u00ebn, p\u00ebr \u00e7do sqarim apo paqart\u00ebsi n\u00eb zyr\u00ebn e tij, duke kujtuar se gjithmon\u00eb e ka mir\u00ebpritur, sa her\u00eb q\u00eb sipas tij <em>\u201cka k\u00ebrkuar takime dhe ndihm\u00eb p\u00ebr t\u00eb dal\u00eb nga bojkotet dhe krizat, q\u00eb i shpikte vet\u00eb.\u201d<\/em><\/span><\/p>\n<p><span style=\"color: #000000;\">Mir\u00ebpo Blushi ka shprehur keqardhje p\u00ebr p\u00ebrfshirjen e presidentit Meta nga Basha n\u00eb akuzat e tij p\u00ebr \u201cTrek\u00ebnd\u00ebshin e Bermud\u00ebs\u201d.<\/span><\/p>\n<p><strong><span style=\"color: #000000;\">REAGIMI I PRESIDENC\u00cbS<\/span><\/strong><\/p>\n<p><span style=\"color: #000000;\">Keqardhje, q\u00eb Lulzim Basha, vazhdon t\u00eb p\u00ebrfshij\u00eb Presidentin e Republik\u00ebs, Sh.T.Z Ilir Meta, n\u00eb krizat q\u00eb ai vet\u00eb i shpik pa u lodhur.<\/span><br \/>\n<span style=\"color: #000000;\">P\u00ebr k\u00ebt\u00eb arsye, i rikujtojm\u00eb z.Basha, KAT\u00cbRK\u00cbND\u00cbSHIN e p\u00ebrgjegj\u00ebsive t\u00eb tij madhore:<\/span><\/p>\n<ol>\n<li><span style=\"color: #000000;\">Bojkoti i reform\u00ebs administrative-territoriale;<\/span><br \/>\n<span style=\"color: #000000;\">2. Bojkoti i reform\u00ebs n\u00eb drejt\u00ebsi;<\/span><br \/>\n<span style=\"color: #000000;\">3. Djegia e mandateve t\u00eb deputet\u00ebve;<\/span><br \/>\n<span style=\"color: #000000;\">4. Zerimi i opozit\u00ebs n\u00eb pushtetin vendor;<\/span><br \/>\n<span style=\"color: #000000;\">q\u00eb soll\u00ebn kapjen totale t\u00eb shtetit.<\/span><\/li>\n<\/ol>\n<p><span style=\"color: #000000;\">Megjithat\u00eb, Presidenti i Republik\u00ebs vazhdon t\u00eb ket\u00eb vullnetin ta mir\u00ebpres\u00eb z.Basha, p\u00ebr \u00e7do sqarim apo paqart\u00ebsi, n\u00eb Zyr\u00ebn e Tij n\u00eb Institucionin e Presidentit, ku gjithmon\u00eb \u00ebsht\u00eb mir\u00ebpritur, sa her\u00eb ka k\u00ebrkuar takime dhe ndihm\u00eb p\u00ebr t\u00eb dal\u00eb nga bojkotet dhe krizat, q\u00eb i shpikte vet\u00eb.<\/span><\/p>\n<p><span style=\"color: #000000;\">Kur z.Basha t\u00eb takohet me Presidentin Meta do ta pranoj\u00eb p\u00ebrfundimisht q\u00eb 7 her\u00eb 7 b\u00ebjn\u00eb 49, as 42 apo 99.<\/span><\/p>\n<p><span style=\"color: #000000;\">P\u00ebr Lulzim Bash\u00ebn dhe \u00e7do aktor tjet\u00ebr t\u00eb Partis\u00eb Demokratike, q\u00eb k\u00ebrkon t\u00eb provokoj\u00eb Presidentin e Republik\u00ebs, duke i transferuar p\u00ebrgjegj\u00ebsit\u00eb e tij p\u00ebr krizat dhe bojkotet, q\u00eb soll\u00ebn kapjen totale t\u00eb shtetit, Presidenti i Republik\u00ebs Sh.T.Z Ilir Meta ka vet\u00ebm nj\u00eb p\u00ebrgjigje: TRANSPARENC\u00cbN DHE FAKTET!<\/span><br \/>\n<span style=\"color: #000000;\">Nuk besoj se ka demokrat dhe shqiptar, q\u00eb beson se Presidenti Meta u ik\u00ebn p\u00ebrgjegj\u00ebsive dhe ballafaqimeve p\u00ebr \u00e7\u00ebshtje t\u00eb r\u00ebnd\u00ebsishme t\u00eb demokracis\u00eb dhe shtetit t\u00eb s\u00eb drejt\u00ebs.<\/span><\/p>\n","protected":false,"gt_translate_keys":[{"key":"rendered","format":"html"}]},"excerpt":{"rendered":"<p>Institucioni i Presidentit t\u00eb Republik\u00ebs ka reaguar pas deklarat\u00ebs s\u00eb kryetarit t\u00eb PD-s\u00eb Lulzim Bash\u00ebs n\u00eb nj\u00eb intervist\u00eb televizive, se presidenti Ilir Meta, s\u00eb bashku kryeministrin Edi Rama dhe ish-kryeministrin Sali Berisha ishin nj\u00eb &#8220;karusel q\u00eb po mban peng Shqip\u00ebrin\u00eb&#8221; dhe duke i quajtur &#8220;Trek\u00ebnd\u00ebshi i Bermud\u00ebs&#8221;. Z\u00ebdh\u00ebn\u00ebsi Tedi Blushi shkruan se presidenti Meta vazhdon [&hellip;]<\/p>\n","protected":false,"gt_translate_keys":[{"key":"rendered","format":"html"}]},"author":30,"featured_media":485439,"comment_status":"closed","ping_status":"closed","sticky":false,"template":"","format":"standard","meta":{"footnotes":""},"categories":[65,13],"tags":[],"class_list":["post-485805","post","type-post","status-publish","format-standard","has-post-thumbnail","hentry","category-lajme","category-te-fundit"],"gt_translate_keys":[{"key":"link","format":"url"}],"_links":{"self":[{"href":"https:\/\/www.hashtag.al\/index.php\/wp-json\/wp\/v2\/posts\/485805","targetHints":{"allow":["GET"]}}],"collection":[{"href":"https:\/\/www.hashtag.al\/index.php\/wp-json\/wp\/v2\/posts"}],"about":[{"href":"https:\/\/www.hashtag.al\/index.php\/wp-json\/wp\/v2\/types\/post"}],"author":[{"embeddable":true,"href":"https:\/\/www.hashtag.al\/index.php\/wp-json\/wp\/v2\/users\/30"}],"replies":[{"embeddable":true,"href":"https:\/\/www.hashtag.al\/index.php\/wp-json\/wp\/v2\/comments?post=485805"}],"version-history":[{"count":0,"href":"https:\/\/www.hashtag.al\/index.php\/wp-json\/wp\/v2\/posts\/485805\/revisions"}],"wp:featuredmedia":[{"embeddable":true,"href":"https:\/\/www.hashtag.al\/index.php\/wp-json\/wp\/v2\/media\/485439"}],"wp:attachment":[{"href":"https:\/\/www.hashtag.al\/index.php\/wp-json\/wp\/v2\/media?parent=485805"}],"wp:term":[{"taxonomy":"category","embeddable":true,"href":"https:\/\/www.hashtag.al\/index.php\/wp-json\/wp\/v2\/categories?post=485805"},{"taxonomy":"post_tag","embeddable":true,"href":"https:\/\/www.hashtag.al\/index.php\/wp-json\/wp\/v2\/tags?post=485805"}],"curies":[{"name":"wp","href":"https:\/\/api.w.org\/{rel}","templated":true}]}}