{"id":485799,"date":"2021-11-18T17:13:22","date_gmt":"2021-11-18T16:13:22","guid":{"rendered":"https:\/\/www.hashtag.al\/?p=485799"},"modified":"2021-11-18T17:16:07","modified_gmt":"2021-11-18T16:16:07","slug":"lefter-alla-reagon-pas-kritikave-per-rrugen-e-inauguruar-ne-bulqize-edhe-une-kam-qeshur-me-memet-por-ju-se-njihni-realitetin-e-fshatit","status":"publish","type":"post","link":"https:\/\/www.hashtag.al\/index.php\/2021\/11\/18\/lefter-alla-reagon-pas-kritikave-per-rrugen-e-inauguruar-ne-bulqize-edhe-une-kam-qeshur-me-memet-por-ju-se-njihni-realitetin-e-fshatit\/","title":{"rendered":"Lefter Alla reagon pas kritikave p\u00ebr rrug\u00ebn e inauguruar n\u00eb Bulqiz\u00eb: Edhe un\u00eb kam qeshur me memet, por ju s&#8217;e njihni realitetin e fshatit","gt_translate_keys":[{"key":"rendered","format":"text"}]},"content":{"rendered":"<p><span style=\"color: #000000;\"><a href=\"https:\/\/www.hashtag.al\/wp-content\/uploads\/2021\/11\/ALLA.jpg\"><img loading=\"lazy\" decoding=\"async\" class=\"aligncenter size-full wp-image-485802\" src=\"https:\/\/www.hashtag.al\/wp-content\/uploads\/2021\/11\/ALLA.jpg\" alt=\"\" width=\"2000\" height=\"1000\" srcset=\"https:\/\/www.hashtag.al\/wp-content\/uploads\/2021\/11\/ALLA.jpg 2000w, https:\/\/www.hashtag.al\/wp-content\/uploads\/2021\/11\/ALLA-300x150.jpg 300w, https:\/\/www.hashtag.al\/wp-content\/uploads\/2021\/11\/ALLA-768x384.jpg 768w, https:\/\/www.hashtag.al\/wp-content\/uploads\/2021\/11\/ALLA-1024x512.jpg 1024w\" sizes=\"auto, (max-width: 2000px) 100vw, 2000px\" \/><\/a><\/span><\/p>\n<p><span style=\"color: #000000;\">Kryetari i Bulqiz\u00ebs Lefter Alla ka reaguar pas kritikave q\u00eb ka marr\u00eb n\u00eb rrjet lidhur me rrug\u00ebn e re n\u00eb fshatin Dragu q\u00eb inauguroi nj\u00eb dit\u00eb m\u00eb par\u00eb.<\/span><\/p>\n<p><span style=\"color: #000000;\">N\u00eb reagimin e tij Alla shprehet se edhe vet\u00eb ka qeshur me memet n\u00eb rrjet, mir\u00ebpo shton se ata q\u00eb fshihen pas celularit nuk e njohin realitetin e fshatit.<\/span><\/p>\n<p><span style=\"color: #000000;\">Kryebashkiaku socialist shton se banor\u00ebt e fshatit i g\u00ebzohen k\u00ebsaj rruge se nuk e kan\u00eb pasur asnj\u00ebher\u00eb, nd\u00ebrsa shprehet se qytetar\u00ebt q\u00eb komentojn\u00eb nuk i din\u00eb mund\u00ebsit\u00eb q\u00eb ofrojn\u00eb buxhetet e bashkive t\u00eb vogla.<\/span><\/p>\n<p><em><span style=\"color: #000000;\">\u201cJo, zot\u00ebrinj, jo! Ju nuk e njihni realitetin e fshatit shqiptar, ndaj edhe flisni. Ju nuk e dini keqardhjen n\u00eb vend t\u00eb g\u00ebzimit q\u00eb ne ndiejm\u00eb shpesh pas \u00e7do investimi q\u00eb b\u00ebjm\u00eb kur shohim lumturin\u00eb, haren\u00eb e lot\u00ebt e banor\u00ebve. \u00cbsht\u00eb nj\u00eb trishtim i pashpjeguesh\u00ebm p\u00ebr nj\u00eb kryebashkiak kur shikon njer\u00ebz q\u00eb n\u00eb vitin 2021 k\u00ebndojn\u00eb e vall\u00ebzojn\u00eb qoft\u00eb edhe p\u00ebr nj\u00eb rrug\u00eb t\u00eb shtruar pas shum\u00eb dekadash, e q\u00eb n\u00eb syrin tuaj, t\u00eb ju banor\u00ebve t\u00eb Instagramit \u00ebsht\u00eb e pa imagjinueshme. Ata i g\u00ebzohen k\u00ebsaj rruge se nuk e kan\u00eb pasur asnj\u00ebher\u00eb, teksa t\u00eb tjer\u00eb jetojn\u00eb t\u00eb hipnotizuar brenda bot\u00ebs s\u00eb tyre Instagram.<\/span><\/em><\/p>\n<p><em><span style=\"color: #000000;\">Jo, zot\u00ebrinj, jo! Ju nuk i dini mund\u00ebsit\u00eb q\u00eb ofrojn\u00eb buxhetet e bashkive t\u00eb vogla. E pas \u00e7do p\u00ebrpjekje p\u00ebr t\u00eb b\u00ebr\u00eb di\u00e7ka, s\u00ebrish komentoni e komentoni t\u00eb hipnotizuar brenda bot\u00ebs tuaj n\u00eb Instagram.<\/span><\/em><\/p>\n<p><span style=\"color: #000000;\"><em>Po, zot\u00ebrinj, po! Un\u00eb p\u00ebrs\u00ebri do t\u00eb shtroj rrug\u00eb me asfalt, \u00e7akull e beton..\u201d-<\/em> shprehet ai.<\/span><\/p>\n<p><span style=\"color: #000000;\">Lefter Alla s\u00ebrish e quan nj\u00eb heroiz\u00ebm investimin e b\u00ebr\u00eb nga Bashkia Bulqiz\u00eb.<\/span><\/p>\n<p><span style=\"color: #000000;\">Nj\u00eb dit\u00eb m\u00eb par\u00eb, Bashkia e Bulqiz\u00ebs inauguroi dhe shfaqi p\u00ebr publikun nd\u00ebrtimin e nj\u00eb rruge n\u00eb fshatin Dragu.<\/span><\/p>\n<p><span style=\"color: #000000;\">N\u00eb foton e shp\u00ebrndara nga Bashkia shihen dy bankina betoni sa p\u00ebr t\u00eb kaluar rrotat e mjeteve dhe n\u00eb mes \u00ebsht\u00eb bosh dhe pa beton.<\/span><\/p>\n<p><span style=\"color: #000000;\">Nd\u00ebrtimi i k\u00ebsaj rruge i ka kushtuar Bashkis\u00eb vet\u00ebm materialet pasi banor\u00ebt e fshatit kan\u00eb kontribuar vet\u00eb p\u00ebr nd\u00ebrtimin e saj.<\/span><\/p>\n<p><strong><span style=\"color: #000000;\"><a href=\"https:\/\/www.hashtag.al\/wp-content\/uploads\/2021\/11\/1637248671_16371762758c0d5d71ba394045a7a5175eda9b7b59.jpg\"><img loading=\"lazy\" decoding=\"async\" class=\"aligncenter size-full wp-image-485800\" src=\"https:\/\/www.hashtag.al\/wp-content\/uploads\/2021\/11\/1637248671_16371762758c0d5d71ba394045a7a5175eda9b7b59.jpg\" alt=\"\" width=\"780\" height=\"440\" srcset=\"https:\/\/www.hashtag.al\/wp-content\/uploads\/2021\/11\/1637248671_16371762758c0d5d71ba394045a7a5175eda9b7b59.jpg 780w, https:\/\/www.hashtag.al\/wp-content\/uploads\/2021\/11\/1637248671_16371762758c0d5d71ba394045a7a5175eda9b7b59-300x169.jpg 300w, https:\/\/www.hashtag.al\/wp-content\/uploads\/2021\/11\/1637248671_16371762758c0d5d71ba394045a7a5175eda9b7b59-768x433.jpg 768w\" sizes=\"auto, (max-width: 780px) 100vw, 780px\" \/><\/a><a href=\"https:\/\/www.hashtag.al\/wp-content\/uploads\/2021\/11\/1637248682_163717623819ae4451620049ca99964eeef5976bdf.jpg\"><img loading=\"lazy\" decoding=\"async\" class=\"aligncenter size-full wp-image-485801\" src=\"https:\/\/www.hashtag.al\/wp-content\/uploads\/2021\/11\/1637248682_163717623819ae4451620049ca99964eeef5976bdf.jpg\" alt=\"\" width=\"780\" height=\"440\" srcset=\"https:\/\/www.hashtag.al\/wp-content\/uploads\/2021\/11\/1637248682_163717623819ae4451620049ca99964eeef5976bdf.jpg 780w, https:\/\/www.hashtag.al\/wp-content\/uploads\/2021\/11\/1637248682_163717623819ae4451620049ca99964eeef5976bdf-300x169.jpg 300w, https:\/\/www.hashtag.al\/wp-content\/uploads\/2021\/11\/1637248682_163717623819ae4451620049ca99964eeef5976bdf-768x433.jpg 768w\" sizes=\"auto, (max-width: 780px) 100vw, 780px\" \/><\/a><\/span><\/strong><\/p>\n<p><strong><span style=\"color: #000000;\">DEKLARATA E ALL\u00cbS<\/span><\/strong><\/p>\n<p><span style=\"color: #000000;\">N\u00eb p\u00ebrgjigje t\u00eb atyre q\u00eb jetojn\u00eb n\u00eb Instagram<\/span><\/p>\n<p><span style=\"color: #000000;\">Nga pasditja e djeshme (e enjte, 17 n\u00ebntor), kam ndjekur me shum\u00eb kureshtje reagimet pafund q\u00eb mbush\u00ebn rrjetet sociale rreth nj\u00eb postimi n\u00eb faqen time p\u00ebr bashk\u00ebpunimin me banor\u00eb t\u00eb lagjes Zogu n\u00eb Dragu p\u00ebr t\u00eb realizuar nj\u00eb rrug\u00eb modeste e t\u00eb paprekur asnj\u00ebher\u00eb m\u00eb par\u00eb.<\/span><\/p>\n<p><span style=\"color: #000000;\">Sigurisht q\u00eb detyra e nj\u00eb kryebashkiaku \u00ebsht\u00eb t\u2019u gjendet pran\u00eb bashk\u00ebqytetar\u00ebve t\u00eb tij n\u00eb \u00e7do nevoj\u00eb q\u00eb kan\u00eb, e vog\u00ebl apo e madhe qoft\u00eb, qofshin sh\u00ebrbime t\u00eb thjeshta publike, apo infrastruktur\u00eb rrugore, furnizim me uj\u00eb, sh\u00ebrbime sh\u00ebndet\u00ebsore, investime n\u00eb arsim, n\u00eb bujq\u00ebsi e gjith\u00e7ka tjet\u00ebr. E padyshim, ju siguroj se \u00e7do kryebashkiak, qoft\u00eb edhe p\u00ebr ambicie apo ego personale, do t\u00eb d\u00ebshironte t\u00eb b\u00ebnte m\u00eb t\u00eb mir\u00ebn n\u00eb t\u00eb gjitha k\u00ebto, duke e kthyer bashkin\u00eb e tij n\u00eb vendin m\u00eb t\u00eb zhvilluar jo vet\u00ebm n\u00eb Shqip\u00ebri, por edhe n\u00eb rajon e n\u00eb mbar\u00eb bot\u00ebn.<\/span><\/p>\n<p><span style=\"color: #000000;\">Pas gjith\u00eb gazit e hares\u00eb s\u00eb rrjetit, ku n\u00eb jo pak raste edhe vet\u00eb qesha me nivelin e mundsh\u00ebm t\u00eb delirit t\u00eb njer\u00ebzve, mendova se duhen th\u00ebn\u00eb dy tre fjal\u00eb p\u00ebr t\u00eb gjith\u00eb ata q\u00eb \u2018jetojn\u00eb n\u00eb Instagram\u2019.<\/span><\/p>\n<p><span style=\"color: #000000;\">Q\u00eb n\u00eb krye t\u00eb her\u00ebs e them hapur se njer\u00ebzit duhet t\u00eb zbresin n\u00eb realitet, me k\u00ebmb\u00eb n\u00eb tok\u00eb, t\u00eb njohin vendin ku jetojn\u00eb, mund\u00ebsit\u00eb dhe pamund\u00ebsit\u00eb e tij, t\u00eb t\u00eb af\u00ebrmve t\u00eb tyre e t\u00eb mos fshihen n\u00eb prapasken\u00ebn e telefon\u00ebve celular\u00eb q\u00eb mbajn\u00eb n\u00eb duar. Duam apo s\u2019duam, pa p\u00ebrjashtuar edhe veten time nga p\u00ebrgjegj\u00ebsia q\u00eb kam e mund t\u00eb kem pasur nd\u00ebr vite, Shqip\u00ebria jon\u00eb \u00ebsht\u00eb kjo, me qytete q\u00eb l\u00ebn\u00eb p\u00ebr t\u00eb d\u00ebshiruar, me fshatra t\u00eb harruar, me rrug\u00eb t\u00eb pashtruara, me probleme pafund n\u00eb sh\u00ebndet\u00ebsi, arsim, kultur\u00eb e kudo tjet\u00ebr.<\/span><\/p>\n<p><span style=\"color: #000000;\">Jan\u00eb pafund zonat e thella malore t\u00eb cilat s\u2019kan\u00eb pasur asnj\u00ebher\u00eb fatin t\u00eb njohin dor\u00ebn dhe investimet e shtetit, e aq m\u00eb tep\u00ebr, banor\u00ebt e tyre nuk din\u00eb se \u00e7\u2019\u00ebsht\u00eb instagrami, facebook-u, apo rrjetet e tjera sociale. Ata nuk e njohin kineman\u00eb, s\u2019e din\u00eb s\u2019e \u00e7\u2019\u00ebsht\u00eb jeta e nat\u00ebs. Nuk e din\u00eb se fundjava mund t\u00eb sh\u00ebrbej\u00eb p\u00ebr sh\u00ebtitje. Ata nuk e din\u00eb jet\u00ebn \u2018mondane\u2019 t\u00eb atyre q\u00eb komentojn\u00eb, e q\u00eb m\u00eb s\u00eb shumti t\u00eb vetmen form\u00eb arg\u00ebtimi kan\u00eb k\u00ebt\u00eb moment kur shkruajn\u00eb di\u00e7ka, qoft\u00eb edhe p\u00ebr t\u00eb qet\u00ebsuar nervat e shtendosur nga paaft\u00ebsit\u00eb e pamund\u00ebsit\u00eb e tyre p\u00ebr t\u00eb qen\u00eb ata q\u00eb duan.<\/span><\/p>\n<p><span style=\"color: #000000;\">Po, zot\u00ebrinj, po! Un\u00eb bashk\u00ebpunova me banor\u00ebt e Zog\u00ebs n\u00eb Dragu p\u00ebr ta shtruar at\u00eb rrug\u00eb, qoft\u00eb edhe p\u00ebr aq sa u b\u00eb. E kam b\u00ebr\u00eb edhe m\u00eb p\u00ebrpara t\u00eb nj\u00ebjt\u00ebn gj\u00eb me rrug\u00ebt n\u00eb Lepurak\u00eb, Dushaj, Lladomeric\u00eb, Kod\u00ebr e Danit, Bo\u00e7ev\u00eb, Sopot etj., diku me asfalt e diku tjet\u00ebr me \u00e7akull.<\/span><\/p>\n<p><span style=\"color: #000000;\">M\u00eb jan\u00eb dashur vet\u00ebm dy fadroma t\u00eb Bashkis\u00eb Bulqiz\u00eb s\u00eb trash\u00ebguar si mos m\u00eb keq nga 18 vitet e drejtuesve pararend\u00ebs, q\u00eb n\u00eb dy vite t\u00eb hap t\u00eb gjitha rrug\u00ebt e t\u00eb gjitha fshatrave n\u00eb t\u00eb gjitha nj\u00ebsit\u00eb administrative, n\u00eb Martanesh, Fush\u00eb-Bulqiz\u00eb, Zerqan, Shupenz\u00eb, Gjoric\u00eb, Ostren e Trebisht. Me vet\u00ebm dy fadroma u tregova banor\u00ebve anek\u00ebnd Bulqiz\u00ebs, edhe n\u00eb fshatrat m\u00eb t\u00eb thell\u00eb, se jan\u00eb pjes\u00eb e k\u00ebsaj Bashkie, se ekziston nj\u00eb pushtet vendor drejtuesit e s\u00eb cilit nuk shkojn\u00eb atje vet\u00ebm n\u00eb fushata elektorale dhe u ringjalla besimin p\u00ebr t\u00eb shpresuar tek shteti, t\u00eb cilin nuk e njihnin.<\/span><\/p>\n<p><span style=\"color: #000000;\">Po, zot\u00ebrinj, po! Me vet\u00ebm dy fadroma q\u00eb kan\u00eb punuar pa pushim n\u00eb shtat\u00eb dit\u00eb t\u00eb jav\u00ebs b\u00ebm\u00eb at\u00eb q\u00eb s\u2019ishte b\u00ebr\u00eb n\u00eb pothuajse tre dekada nga paraardh\u00ebsit e mi n\u00eb detyr\u00eb. Me vet\u00ebm dy fadroma t\u00eb bashkis\u00eb arrit\u00ebm tek t\u00eb gjith\u00eb, duke vler\u00ebsuar njeriun e dinjitetin e tij, e duke p\u00ebr\u00e7muar \u00e7do praktik\u00eb t\u00eb sh\u00ebmtuar q\u00eb nd\u00ebr vite i ka kategorizuar at\u00eb n\u00eb t\u00eb n\u00ebn\u00ebs e t\u00eb njerk\u00ebs.<\/span><\/p>\n<p><span style=\"color: #000000;\">Jo, zot\u00ebrinj, jo! Ju nuk e njihni realitetin e fshatit shqiptar, ndaj edhe flisni. Ju nuk e dini keqardhjen n\u00eb vend t\u00eb g\u00ebzimit q\u00eb ne ndiejm\u00eb shpesh pas \u00e7do investimi q\u00eb b\u00ebjm\u00eb kur shohim lumturin\u00eb, haren\u00eb e lot\u00ebt e banor\u00ebve. \u00cbsht\u00eb nj\u00eb trishtim i pashpjeguesh\u00ebm p\u00ebr nj\u00eb kryebashkiak kur shikon njer\u00ebz q\u00eb n\u00eb vitin 2021 k\u00ebndojn\u00eb e vall\u00ebzojn\u00eb qoft\u00eb edhe p\u00ebr nj\u00eb rrug\u00eb t\u00eb shtruar pas shum\u00eb dekadash, e q\u00eb n\u00eb syrin tuaj, t\u00eb ju banor\u00ebve t\u00eb Instagramit \u00ebsht\u00eb e pa imagjinueshme. Ata i g\u00ebzohen k\u00ebsaj rruge se nuk e kan\u00eb pasur asnj\u00ebher\u00eb, teksa t\u00eb tjer\u00eb jetojn\u00eb t\u00eb hipnotizuar brenda bot\u00ebs s\u00eb tyre Instagram.<\/span><\/p>\n<p><span style=\"color: #000000;\">Jo, zot\u00ebrinj, jo! Ju nuk i dini mund\u00ebsit\u00eb q\u00eb ofrojn\u00eb buxhetet e bashkive t\u00eb vogla. E pas \u00e7do p\u00ebrpjekje p\u00ebr t\u00eb b\u00ebr\u00eb di\u00e7ka, s\u00ebrish komentoni e komentoni t\u00eb hipnotizuar brenda bot\u00ebs tuaj n\u00eb Instagram.<\/span><\/p>\n<p><span style=\"color: #000000;\">Po, zot\u00ebrinj, po! Un\u00eb p\u00ebrs\u00ebri do t\u00eb shtroj rrug\u00eb me asfalt, \u00e7akull e beton. Do t\u00eb vazhdoj s\u00ebrish nj\u00ebsoj si\u00e7 kam b\u00ebr\u00eb deri m\u00eb sot me t\u00eb gjitha rrug\u00ebt q\u00eb kam hapur, me tet\u00eb urat e telit pasarel\u00eb q\u00eb p\u00ebr shum\u00eb nga ju mund t\u00eb ngjallin gaz e hare; nj\u00ebsoj si\u00e7 kam b\u00ebr\u00eb me uj\u00ebsjell\u00ebsit n\u00eb qytet, Gjoric\u00eb e Martanesh; nj\u00ebsoj si\u00e7 kam b\u00ebr\u00eb me rreth 200 km kanale ujit\u00ebse n\u00eb mbar\u00eb Bulqiz\u00ebn; nj\u00ebsoj si n\u00eb rastin e kanalizimeve q\u00eb po kryhen p\u00ebr uj\u00ebrat e zeza n\u00eb qytet; nj\u00ebsoj si me kompleksin e pun\u00ebtor\u00ebve q\u00eb po rikonstruktohet nga fillimi p\u00ebr t\u2019u mund\u00ebsuar nj\u00eb jetes\u00eb t\u00eb denj\u00eb 40 familjeve q\u00eb kan\u00eb jetuar n\u00eb kushte miz\u00ebrie.<\/span><\/p>\n<p><span style=\"color: #000000;\">Po, zot\u00ebrinj, po! Un\u00eb do t\u00eb vazhdoj t\u00eb punoj fort p\u00ebr legalizimin e pronave, nj\u00eb plag\u00eb e banor\u00ebve t\u00eb Bulqiz\u00ebs, por jo vet\u00ebm. Do t\u00eb vazhdoj me investimet n\u00eb infrastruktur\u00ebn sh\u00ebndet\u00ebsore e arsimore. Do t\u00eb vazhdoj, se un\u00eb n\u00eb fund t\u00eb dit\u00ebs, mendoj p\u00ebrmir\u00ebsimin e jet\u00ebs dhe mir\u00ebqenies s\u00eb banor\u00ebve t\u00eb Bulqiz\u00ebs, kudo q\u00eb ata jan\u00eb, pa i par\u00eb me ngjyra e nuanca.<\/span><\/p>\n<p><span style=\"color: #000000;\">Po, zot\u00ebrinj, po! N\u00ebse problemi me mua qenka se punoj me dhe p\u00ebr banor\u00ebt e bashkis\u00eb q\u00eb drejtoj, un\u00eb do ta b\u00ebj k\u00ebt\u00eb p\u00ebrs\u00ebri, do t\u00eb vazhdoj t\u00eb ndaj gjith\u00e7ka b\u00ebj k\u00ebtu n\u00eb Bulqiz\u00ebn ton\u00eb, duke b\u00ebr\u00eb transparente \u00e7do investim, duke iu m\u00ebsuar njer\u00ebzve t\u00eb edukohen me kultur\u00ebn e llogaridh\u00ebnies s\u00eb pushtetarit, duke u p\u00ebrpjekur t\u00eb rikthej tek ata at\u00eb besimin e humbur tek demokracia p\u00ebrfaq\u00ebsuese. E ju, padyshim q\u00eb keni t\u00eb drejt\u00ebn tuaj t\u00eb qeshni, g\u00ebzoheni, komentoni e t\u00eb provoni kufijt\u00eb e d\u00eblirit brenda asaj bot\u00ebs tuaj t\u00eb Instagramit, e t\u00eb vazhdoni me postimet tuaja t\u00eb kaluara p\u00ebrmes sit\u00ebs s\u00eb filtrave t\u00eb pafund t\u00eb aplikacioneve.<\/span><\/p>\n<p><span style=\"color: #000000;\">Gjykimin dhe vler\u00ebsimin e pun\u00ebs time e pres nga banor\u00ebt e k\u00ebtyre fshatrave, e jo nga ata q\u00eb jetojn\u00eb n\u00eb Instagram.<\/span><\/p>\n","protected":false,"gt_translate_keys":[{"key":"rendered","format":"html"}]},"excerpt":{"rendered":"<p>Kryetari i Bulqiz\u00ebs Lefter Alla ka reaguar pas kritikave q\u00eb ka marr\u00eb n\u00eb rrjet lidhur me rrug\u00ebn e re n\u00eb fshatin Dragu q\u00eb inauguroi nj\u00eb dit\u00eb m\u00eb par\u00eb. N\u00eb reagimin e tij Alla shprehet se edhe vet\u00eb ka qeshur me memet n\u00eb rrjet, mir\u00ebpo shton se ata q\u00eb fshihen pas celularit nuk e njohin realitetin [&hellip;]<\/p>\n","protected":false,"gt_translate_keys":[{"key":"rendered","format":"html"}]},"author":30,"featured_media":485802,"comment_status":"closed","ping_status":"closed","sticky":false,"template":"","format":"standard","meta":{"footnotes":""},"categories":[65,13],"tags":[],"class_list":["post-485799","post","type-post","status-publish","format-standard","has-post-thumbnail","hentry","category-lajme","category-te-fundit"],"gt_translate_keys":[{"key":"link","format":"url"}],"_links":{"self":[{"href":"https:\/\/www.hashtag.al\/index.php\/wp-json\/wp\/v2\/posts\/485799","targetHints":{"allow":["GET"]}}],"collection":[{"href":"https:\/\/www.hashtag.al\/index.php\/wp-json\/wp\/v2\/posts"}],"about":[{"href":"https:\/\/www.hashtag.al\/index.php\/wp-json\/wp\/v2\/types\/post"}],"author":[{"embeddable":true,"href":"https:\/\/www.hashtag.al\/index.php\/wp-json\/wp\/v2\/users\/30"}],"replies":[{"embeddable":true,"href":"https:\/\/www.hashtag.al\/index.php\/wp-json\/wp\/v2\/comments?post=485799"}],"version-history":[{"count":0,"href":"https:\/\/www.hashtag.al\/index.php\/wp-json\/wp\/v2\/posts\/485799\/revisions"}],"wp:featuredmedia":[{"embeddable":true,"href":"https:\/\/www.hashtag.al\/index.php\/wp-json\/wp\/v2\/media\/485802"}],"wp:attachment":[{"href":"https:\/\/www.hashtag.al\/index.php\/wp-json\/wp\/v2\/media?parent=485799"}],"wp:term":[{"taxonomy":"category","embeddable":true,"href":"https:\/\/www.hashtag.al\/index.php\/wp-json\/wp\/v2\/categories?post=485799"},{"taxonomy":"post_tag","embeddable":true,"href":"https:\/\/www.hashtag.al\/index.php\/wp-json\/wp\/v2\/tags?post=485799"}],"curies":[{"name":"wp","href":"https:\/\/api.w.org\/{rel}","templated":true}]}}