{"id":485623,"date":"2021-11-18T07:18:22","date_gmt":"2021-11-18T06:18:22","guid":{"rendered":"https:\/\/www.hashtag.al\/?p=485623"},"modified":"2021-11-17T21:05:35","modified_gmt":"2021-11-17T20:05:35","slug":"penallti-per-oskar-afrika-e-jugut-i-ben-thirrje-fifa-s-te-hetoje-grabitjen-e-rezultatit-ne-ndeshjen-ndaj-ganes-video","status":"publish","type":"post","link":"https:\/\/www.hashtag.al\/index.php\/2021\/11\/18\/penallti-per-oskar-afrika-e-jugut-i-ben-thirrje-fifa-s-te-hetoje-grabitjen-e-rezultatit-ne-ndeshjen-ndaj-ganes-video\/","title":{"rendered":"\u2018Penallti p\u00ebr Oskar\u2019 &#8211; Afrika e Jugut i b\u00ebn thirrje FIFA-s t\u00eb hetoj\u00eb \u2018grabitjen\u2019 e rezultatit n\u00eb ndeshjen ndaj Gan\u00ebs (Video)","gt_translate_keys":[{"key":"rendered","format":"text"}]},"content":{"rendered":"<p><span style=\"color: #000000;\"><img loading=\"lazy\" decoding=\"async\" class=\"aligncenter size-full wp-image-485624\" src=\"https:\/\/www.hashtag.al\/wp-content\/uploads\/2021\/11\/gane.jpg\" alt=\"\" width=\"980\" height=\"551\" srcset=\"https:\/\/www.hashtag.al\/wp-content\/uploads\/2021\/11\/gane.jpg 980w, https:\/\/www.hashtag.al\/wp-content\/uploads\/2021\/11\/gane-300x169.jpg 300w, https:\/\/www.hashtag.al\/wp-content\/uploads\/2021\/11\/gane-768x432.jpg 768w\" sizes=\"auto, (max-width: 980px) 100vw, 980px\" \/><\/span><\/p>\n<p><span style=\"color: #000000;\">FIFA do t\u00eb rishikoj\u00eb humbjen e Afrik\u00ebs s\u00eb Jugut n\u00eb kualifikueset e Kup\u00ebs s\u00eb Bot\u00ebs ndaj t\u00eb Gan\u00ebs, pasi Shoqata e Futbollit t\u00eb Afrik\u00ebs s\u00eb Jugut paraqiti nj\u00eb ankes\u00eb nd\u00ebrsa tifoz\u00ebt grindeshin p\u00ebr nj\u00eb vendim t\u00eb debatuesh\u00ebm p\u00ebr nj\u00eb penallti.<\/span><\/p>\n<p><span style=\"color: #000000;\">Afrik\u00ebs s\u00eb Jugut i duhej vet\u00ebm nj\u00eb pik\u00eb kund\u00ebr \u2018Yjeve t\u00eb Zinj\u2019 p\u00ebr t\u00eb kaluar n\u00eb raundin e tret\u00eb dhe t\u00eb fundit t\u00eb kualifikimeve p\u00ebr Bot\u00ebrorin Katar 2022.<\/span><\/p>\n<p><span style=\"color: #000000;\">Megjithat\u00eb, pas humbjes 1-0 n\u00eb Cape Coast t\u00eb p\u00ebrcaktuar nga nj\u00eb penallti e diskutueshme e pjes\u00ebs s\u00eb par\u00eb, shefi ekzekutiv i SAFA, Tebogo Mothlante pretendoi se ekipi i tij ishte &#8220;grabitur&#8221; nga &#8220;vendime t\u00eb diskutueshme&#8221;.<\/span><\/p>\n<p><span style=\"color: #000000;\"><em>&#8220;Zyrtar\u00ebt e ndeshjes kan\u00eb p\u00ebrcaktuar rezultatin e ndeshjes, gj\u00eb q\u00eb nuk \u00ebsht\u00eb ajo q\u00eb supozohet t\u00eb ndodh\u00eb,&#8221;<\/em> tha Mothlante.<\/span><\/p>\n<p><span style=\"color: #000000;\">\u00c7asti vendimtar ndodhi kur mesfushori i Gan\u00ebs, Daniel Amartey, u rr\u00ebzua leht\u00ebsisht n\u00eb zon\u00eb pas asaj q\u00eb dukej t\u00eb ishte nj\u00eb kontakt minimal me mbrojt\u00ebsin e nd\u00ebshkuar nga Afrika e Jugut, Rushine de Reuck.<\/span><\/p>\n<p><span style=\"color: #000000;\">Si pasoj\u00eb e rezultatit, Gana kryesoi Afrik\u00ebn e Jugut n\u00eb Grupin G e do t\u00eb konkurroj\u00eb n\u00eb play-off p\u00ebr nj\u00eb vend n\u00eb Kup\u00ebn e Bot\u00ebs n\u00eb mars.<\/span><\/p>\n<div style=\"width: 640px;\" class=\"wp-video\"><video class=\"wp-video-shortcode\" id=\"video-485623-1\" width=\"640\" height=\"352\" preload=\"metadata\" controls=\"controls\"><source type=\"video\/mp4\" src=\"https:\/\/www.hashtag.al\/wp-content\/uploads\/2021\/11\/gana.mp4?_=1\" \/><a href=\"https:\/\/www.hashtag.al\/wp-content\/uploads\/2021\/11\/gana.mp4\">https:\/\/www.hashtag.al\/wp-content\/uploads\/2021\/11\/gana.mp4<\/a><\/video><\/div>\n","protected":false,"gt_translate_keys":[{"key":"rendered","format":"html"}]},"excerpt":{"rendered":"<p>FIFA do t\u00eb rishikoj\u00eb humbjen e Afrik\u00ebs s\u00eb Jugut n\u00eb kualifikueset e Kup\u00ebs s\u00eb Bot\u00ebs ndaj t\u00eb Gan\u00ebs, pasi Shoqata e Futbollit t\u00eb Afrik\u00ebs s\u00eb Jugut paraqiti nj\u00eb ankes\u00eb nd\u00ebrsa tifoz\u00ebt grindeshin p\u00ebr nj\u00eb vendim t\u00eb debatuesh\u00ebm p\u00ebr nj\u00eb penallti. Afrik\u00ebs s\u00eb Jugut i duhej vet\u00ebm nj\u00eb pik\u00eb kund\u00ebr \u2018Yjeve t\u00eb Zinj\u2019 p\u00ebr t\u00eb kaluar [&hellip;]<\/p>\n","protected":false,"gt_translate_keys":[{"key":"rendered","format":"html"}]},"author":51,"featured_media":485624,"comment_status":"closed","ping_status":"closed","sticky":false,"template":"","format":"standard","meta":{"footnotes":""},"categories":[53],"tags":[],"class_list":["post-485623","post","type-post","status-publish","format-standard","has-post-thumbnail","hentry","category-fast-foodi"],"gt_translate_keys":[{"key":"link","format":"url"}],"_links":{"self":[{"href":"https:\/\/www.hashtag.al\/index.php\/wp-json\/wp\/v2\/posts\/485623","targetHints":{"allow":["GET"]}}],"collection":[{"href":"https:\/\/www.hashtag.al\/index.php\/wp-json\/wp\/v2\/posts"}],"about":[{"href":"https:\/\/www.hashtag.al\/index.php\/wp-json\/wp\/v2\/types\/post"}],"author":[{"embeddable":true,"href":"https:\/\/www.hashtag.al\/index.php\/wp-json\/wp\/v2\/users\/51"}],"replies":[{"embeddable":true,"href":"https:\/\/www.hashtag.al\/index.php\/wp-json\/wp\/v2\/comments?post=485623"}],"version-history":[{"count":0,"href":"https:\/\/www.hashtag.al\/index.php\/wp-json\/wp\/v2\/posts\/485623\/revisions"}],"wp:featuredmedia":[{"embeddable":true,"href":"https:\/\/www.hashtag.al\/index.php\/wp-json\/wp\/v2\/media\/485624"}],"wp:attachment":[{"href":"https:\/\/www.hashtag.al\/index.php\/wp-json\/wp\/v2\/media?parent=485623"}],"wp:term":[{"taxonomy":"category","embeddable":true,"href":"https:\/\/www.hashtag.al\/index.php\/wp-json\/wp\/v2\/categories?post=485623"},{"taxonomy":"post_tag","embeddable":true,"href":"https:\/\/www.hashtag.al\/index.php\/wp-json\/wp\/v2\/tags?post=485623"}],"curies":[{"name":"wp","href":"https:\/\/api.w.org\/{rel}","templated":true}]}}