{"id":485158,"date":"2021-11-15T17:34:36","date_gmt":"2021-11-15T16:34:36","guid":{"rendered":"https:\/\/www.hashtag.al\/?p=485158"},"modified":"2021-11-15T17:34:36","modified_gmt":"2021-11-15T16:34:36","slug":"basha-propozoi-thirrjen-e-kuvendit-kombetar-me-18-dhjetor-berisha-njofton-konference-urgjente-per-mediet","status":"publish","type":"post","link":"https:\/\/www.hashtag.al\/index.php\/2021\/11\/15\/basha-propozoi-thirrjen-e-kuvendit-kombetar-me-18-dhjetor-berisha-njofton-konference-urgjente-per-mediet\/","title":{"rendered":"Basha propozoi thirrjen e Kuvendit Komb\u00ebtar m\u00eb 18 Dhjetor, Berisha njofton Konferenc\u00eb Urgjente p\u00ebr mediet","gt_translate_keys":[{"key":"rendered","format":"text"}]},"content":{"rendered":"<p><span style=\"color: #000000;\"><a href=\"https:\/\/www.hashtag.al\/wp-content\/uploads\/2021\/11\/Sali-Berisha.jpg\"><img loading=\"lazy\" decoding=\"async\" class=\"aligncenter size-full wp-image-485159\" src=\"https:\/\/www.hashtag.al\/wp-content\/uploads\/2021\/11\/Sali-Berisha.jpg\" alt=\"\" width=\"1200\" height=\"720\" srcset=\"https:\/\/www.hashtag.al\/wp-content\/uploads\/2021\/11\/Sali-Berisha.jpg 1200w, https:\/\/www.hashtag.al\/wp-content\/uploads\/2021\/11\/Sali-Berisha-300x180.jpg 300w, https:\/\/www.hashtag.al\/wp-content\/uploads\/2021\/11\/Sali-Berisha-768x461.jpg 768w, https:\/\/www.hashtag.al\/wp-content\/uploads\/2021\/11\/Sali-Berisha-1024x614.jpg 1024w\" sizes=\"auto, (max-width: 1200px) 100vw, 1200px\" \/><\/a><\/span><\/p>\n<p><span style=\"color: #000000;\">Pas propozimit t\u00eb kryedemokratit Lulzim Basha p\u00ebr t\u00eb thirrur m\u00eb dat\u00eb 18 Dhjetor, ish-kryeministri Sali Berisha ka njoftuar nj\u00eb Konferenc\u00eb p\u00ebr mediat.<\/span><\/p>\n<p><span style=\"color: #000000;\">N\u00eb nj\u00eb njoftim nga zyra e tij e shtypit, thuhet se Berisha do t\u00eb jet\u00eb n\u00eb nj\u00eb konferenc\u00eb me gazetar\u00ebt n\u00eb or\u00ebn 19:00 n\u00eb ambientet e &#8216;Xheko Imperial&#8217;.\u00a0<\/span><\/p>\n<p><span style=\"color: #000000;\">Kujtojm\u00eb se pak dit\u00eb m\u00eb par\u00eb grupi i Berish\u00ebs ka dor\u00ebzuar n\u00eb zyr\u00ebn e Edi Palok\u00ebs 4200 firmat e peticionit p\u00ebr thirrjen e Kuvendit Komb\u00ebtar n\u00eb dat\u00ebn 11 dhjetor, mir\u00ebpo kryedemokrati Lulzim Basha ka deklaruar sot n\u00eb mbledhjen e Kryesis\u00eb se do ta mbledh\u00eb Kuvendin Komb\u00ebtar m\u00eb 18 Dhjetor, pra 7 dit\u00eb m\u00eb von\u00eb.<\/span><\/p>\n","protected":false,"gt_translate_keys":[{"key":"rendered","format":"html"}]},"excerpt":{"rendered":"<p>Pas propozimit t\u00eb kryedemokratit Lulzim Basha p\u00ebr t\u00eb thirrur m\u00eb dat\u00eb 18 Dhjetor, ish-kryeministri Sali Berisha ka njoftuar nj\u00eb Konferenc\u00eb p\u00ebr mediat. N\u00eb nj\u00eb njoftim nga zyra e tij e shtypit, thuhet se Berisha do t\u00eb jet\u00eb n\u00eb nj\u00eb konferenc\u00eb me gazetar\u00ebt n\u00eb or\u00ebn 19:00 n\u00eb ambientet e &#8216;Xheko Imperial&#8217;.\u00a0 Kujtojm\u00eb se pak dit\u00eb m\u00eb [&hellip;]<\/p>\n","protected":false,"gt_translate_keys":[{"key":"rendered","format":"html"}]},"author":30,"featured_media":485159,"comment_status":"closed","ping_status":"closed","sticky":false,"template":"","format":"standard","meta":{"footnotes":""},"categories":[65,13],"tags":[],"class_list":["post-485158","post","type-post","status-publish","format-standard","has-post-thumbnail","hentry","category-lajme","category-te-fundit"],"gt_translate_keys":[{"key":"link","format":"url"}],"_links":{"self":[{"href":"https:\/\/www.hashtag.al\/index.php\/wp-json\/wp\/v2\/posts\/485158","targetHints":{"allow":["GET"]}}],"collection":[{"href":"https:\/\/www.hashtag.al\/index.php\/wp-json\/wp\/v2\/posts"}],"about":[{"href":"https:\/\/www.hashtag.al\/index.php\/wp-json\/wp\/v2\/types\/post"}],"author":[{"embeddable":true,"href":"https:\/\/www.hashtag.al\/index.php\/wp-json\/wp\/v2\/users\/30"}],"replies":[{"embeddable":true,"href":"https:\/\/www.hashtag.al\/index.php\/wp-json\/wp\/v2\/comments?post=485158"}],"version-history":[{"count":0,"href":"https:\/\/www.hashtag.al\/index.php\/wp-json\/wp\/v2\/posts\/485158\/revisions"}],"wp:featuredmedia":[{"embeddable":true,"href":"https:\/\/www.hashtag.al\/index.php\/wp-json\/wp\/v2\/media\/485159"}],"wp:attachment":[{"href":"https:\/\/www.hashtag.al\/index.php\/wp-json\/wp\/v2\/media?parent=485158"}],"wp:term":[{"taxonomy":"category","embeddable":true,"href":"https:\/\/www.hashtag.al\/index.php\/wp-json\/wp\/v2\/categories?post=485158"},{"taxonomy":"post_tag","embeddable":true,"href":"https:\/\/www.hashtag.al\/index.php\/wp-json\/wp\/v2\/tags?post=485158"}],"curies":[{"name":"wp","href":"https:\/\/api.w.org\/{rel}","templated":true}]}}