{"id":485154,"date":"2021-11-15T17:23:14","date_gmt":"2021-11-15T16:23:14","guid":{"rendered":"https:\/\/www.hashtag.al\/?p=485154"},"modified":"2021-11-15T17:29:14","modified_gmt":"2021-11-15T16:29:14","slug":"zbardhet-rendi-i-dites-se-kuvendit-kombetar-te-pd-se-me-18-prill-basha-ceshtjet-personale-te-mos-demtojne-interesat-politike-dhe-elektorale-te-pd-se","status":"publish","type":"post","link":"https:\/\/www.hashtag.al\/index.php\/2021\/11\/15\/zbardhet-rendi-i-dites-se-kuvendit-kombetar-te-pd-se-me-18-prill-basha-ceshtjet-personale-te-mos-demtojne-interesat-politike-dhe-elektorale-te-pd-se\/","title":{"rendered":"Zbardhet rendi i dit\u00ebs s\u00eb Kuvendit Komb\u00ebtar t\u00eb PD-s\u00eb m\u00eb 18 Prill, Basha: \u00c7\u00ebshtjet personale t\u00eb mos d\u00ebmtojn\u00eb interesat politike dhe elektorale t\u00eb PD-s\u00eb","gt_translate_keys":[{"key":"rendered","format":"text"}]},"content":{"rendered":"<p>&nbsp;<\/p>\n<p><span style=\"color: #000000;\"><a href=\"https:\/\/www.hashtag.al\/wp-content\/uploads\/2021\/11\/basha-2.jpeg\"><img loading=\"lazy\" decoding=\"async\" class=\"aligncenter size-full wp-image-485155\" src=\"https:\/\/www.hashtag.al\/wp-content\/uploads\/2021\/11\/basha-2.jpeg\" alt=\"\" width=\"675\" height=\"450\" srcset=\"https:\/\/www.hashtag.al\/wp-content\/uploads\/2021\/11\/basha-2.jpeg 675w, https:\/\/www.hashtag.al\/wp-content\/uploads\/2021\/11\/basha-2-300x200.jpeg 300w\" sizes=\"auto, (max-width: 675px) 100vw, 675px\" \/><\/a><\/span><\/p>\n<p><span style=\"color: #000000;\">Kuvendi Komb\u00ebtar i Partis\u00eb Demokratike i thirrur m\u00eb 18 dhjetor do t\u00eb ket\u00eb n\u00eb rend dite tre pika.\u00a0<\/span><\/p>\n<p><span style=\"color: #000000;\">Sipas zbardhjes s\u00eb publikuar nga \u201cBalkanweb\u201d, n\u00eb mbledhjen e sotme t\u00eb kryesis\u00eb s\u00eb partis\u00eb kryedemokrati Lulzim Basha vendosi t\u00eb thirr\u00eb Kuvendin Komb\u00ebtar m\u00eb 18 Dhjetor.<\/span><\/p>\n<p><span style=\"color: #000000;\">Duke iu referuar thirrjes s\u00eb ish-kryeministrit Sali Berisha dhe mb\u00ebshtet\u00ebsve t\u00eb tij p\u00ebr thirrjen e Kuvendit m\u00eb dat\u00eb 11, Basha vuri n\u00eb dukje se <em>\u201cnuk ka nj\u00eb Kuvend t\u00eb PD n\u00eb 11 dhjetor\u201d<\/em>, por nj\u00eb thirrje p\u00ebr t\u2019i kund\u00ebrv\u00ebn\u00eb SHBA-ve p\u00ebr interesa personale, q\u00eb sipas tij do t\u00eb sillnin izolimin e PD-s\u00eb nga SHBA.<\/span><\/p>\n<p><span style=\"color: #000000;\">Basha i propozoi Kryesis\u00eb edhe nj\u00eb rend dite p\u00ebr Kuvendin Komb\u00ebtar, t\u00eb thirrur prej tij.<\/span><\/p>\n<p><span style=\"color: #000000;\"><strong>Rendi i dit\u00ebs i propozuar nga kryetari i PD-s\u00eb, Lulzim Basha:<\/strong><\/span><\/p>\n<p><span style=\"color: #000000;\">I. Vendimmarrje mbi situat\u00ebn politike, si dhe marrjen e masave p\u00ebr t\u00eb mbrojtur interesin e Partis\u00eb Demokratike, duke mos lejuar q\u00eb problemet apo interesat personale t\u00eb secilit an\u00ebtar t\u00eb d\u00ebmtojn\u00eb interesat elektorale dhe politike t\u00eb PD, dhe axhend\u00ebn e saj politike n\u00eb p\u00ebrballjen me regjimin e Edi Ram\u00ebs.<\/span><\/p>\n<p><span style=\"color: #000000;\">II. Miratimin e Aksionit Politik p\u00ebr t\u00eb ardhmen e Partis\u00eb Demokratike dhe shpalljen e Platform\u00ebs Qytetare p\u00ebr Demokraci, p\u00ebr rikthimin e legjitimitetit dhe demokracis\u00eb n\u00eb vend, si dhe nd\u00ebrtimin e mekanizimit t\u00eb bashk\u00ebpunimit me t\u00eb gjitha forcat e shoq\u00ebris\u00eb n\u00eb p\u00ebrballjen me regjimin e Edi Ram\u00ebs, i cili n\u00eb aleanc\u00eb me krimin e organizuar dhe korrupsionin ka shkat\u00ebrruar \u00e7do mjet t\u00eb funksionimit demokratik t\u00eb shtetit shqiptar dhe po nxit braktisjen masive t\u00eb vendit nga qytetar\u00ebt dhe kryesisht t\u00eb rinjt\u00eb.<\/span><\/p>\n<p><span style=\"color: #000000;\">III. Miratimin e programit organizativ t\u00eb Partis\u00eb Demokratike p\u00ebr t\u00eb p\u00ebrgatitur struktur\u00ebn e partis\u00eb p\u00ebr zgjedhjet e ardhshme, sipas objektivit \u201c<em>Partia Demokratike, partia e demokrat\u00ebve dhe \u00e7do shqiptari t\u00eb ndersh\u00ebm \u2013 Forca e vetme politike q\u00eb do t\u00eb sjell\u00eb ndryshimin n\u00eb Shqip\u00ebri\u201d.<\/em><\/span><\/p>\n<p><span style=\"color: #000000;\">Mes disa pikave t\u00eb draft vendimit p\u00ebr \u00e7\u00ebshtjen e organizimit dhe thirrjen e Kuvendit Komb\u00ebtar m\u00eb 18 Dhjetor ka edhe nj\u00eb pik\u00eb tjet\u00ebr me r\u00ebnd\u00ebsi, q\u00eb synon disiplinimin e strukturave. <em>\u201c\u00c7do veprim apo akt tjet\u00ebr, n\u00eb \u00e7do form\u00eb apo m\u00ebnyr\u00eb, q\u00eb bie ndesh me k\u00ebt\u00eb vendim t\u00eb Kryesis\u00eb s\u00eb Partis\u00eb, do t\u00eb p\u00ebrb\u00ebnte d\u00ebmtim t\u00eb interesave elektorale dhe politike t\u00eb Partis\u00eb Demokratike.\u201d<\/em><\/span><\/p>\n","protected":false,"gt_translate_keys":[{"key":"rendered","format":"html"}]},"excerpt":{"rendered":"<p>&nbsp; Kuvendi Komb\u00ebtar i Partis\u00eb Demokratike i thirrur m\u00eb 18 dhjetor do t\u00eb ket\u00eb n\u00eb rend dite tre pika.\u00a0 Sipas zbardhjes s\u00eb publikuar nga \u201cBalkanweb\u201d, n\u00eb mbledhjen e sotme t\u00eb kryesis\u00eb s\u00eb partis\u00eb kryedemokrati Lulzim Basha vendosi t\u00eb thirr\u00eb Kuvendin Komb\u00ebtar m\u00eb 18 Dhjetor. Duke iu referuar thirrjes s\u00eb ish-kryeministrit Sali Berisha dhe mb\u00ebshtet\u00ebsve t\u00eb [&hellip;]<\/p>\n","protected":false,"gt_translate_keys":[{"key":"rendered","format":"html"}]},"author":30,"featured_media":485155,"comment_status":"closed","ping_status":"closed","sticky":false,"template":"","format":"standard","meta":{"footnotes":""},"categories":[65,13],"tags":[],"class_list":["post-485154","post","type-post","status-publish","format-standard","has-post-thumbnail","hentry","category-lajme","category-te-fundit"],"gt_translate_keys":[{"key":"link","format":"url"}],"_links":{"self":[{"href":"https:\/\/www.hashtag.al\/index.php\/wp-json\/wp\/v2\/posts\/485154","targetHints":{"allow":["GET"]}}],"collection":[{"href":"https:\/\/www.hashtag.al\/index.php\/wp-json\/wp\/v2\/posts"}],"about":[{"href":"https:\/\/www.hashtag.al\/index.php\/wp-json\/wp\/v2\/types\/post"}],"author":[{"embeddable":true,"href":"https:\/\/www.hashtag.al\/index.php\/wp-json\/wp\/v2\/users\/30"}],"replies":[{"embeddable":true,"href":"https:\/\/www.hashtag.al\/index.php\/wp-json\/wp\/v2\/comments?post=485154"}],"version-history":[{"count":0,"href":"https:\/\/www.hashtag.al\/index.php\/wp-json\/wp\/v2\/posts\/485154\/revisions"}],"wp:featuredmedia":[{"embeddable":true,"href":"https:\/\/www.hashtag.al\/index.php\/wp-json\/wp\/v2\/media\/485155"}],"wp:attachment":[{"href":"https:\/\/www.hashtag.al\/index.php\/wp-json\/wp\/v2\/media?parent=485154"}],"wp:term":[{"taxonomy":"category","embeddable":true,"href":"https:\/\/www.hashtag.al\/index.php\/wp-json\/wp\/v2\/categories?post=485154"},{"taxonomy":"post_tag","embeddable":true,"href":"https:\/\/www.hashtag.al\/index.php\/wp-json\/wp\/v2\/tags?post=485154"}],"curies":[{"name":"wp","href":"https:\/\/api.w.org\/{rel}","templated":true}]}}