{"id":485139,"date":"2021-11-15T16:20:29","date_gmt":"2021-11-15T15:20:29","guid":{"rendered":"https:\/\/www.hashtag.al\/?p=485139"},"modified":"2021-11-15T16:20:29","modified_gmt":"2021-11-15T15:20:29","slug":"kryemadhi-buxheti-i-qeverise-do-te-shkaterroje-bujqesine-dua-tju-bej-nje-thirrje-fermereve","status":"publish","type":"post","link":"https:\/\/www.hashtag.al\/index.php\/2021\/11\/15\/kryemadhi-buxheti-i-qeverise-do-te-shkaterroje-bujqesine-dua-tju-bej-nje-thirrje-fermereve\/","title":{"rendered":"Kryemadhi: Buxheti i qeveris\u00eb do t\u00eb shkat\u00ebrroj\u00eb bujq\u00ebsin\u00eb, dua t\u2019ju b\u00ebj nj\u00eb thirrje fermer\u00ebve","gt_translate_keys":[{"key":"rendered","format":"text"}]},"content":{"rendered":"<p><span style=\"color: #000000;\"><a href=\"https:\/\/www.hashtag.al\/wp-content\/uploads\/2021\/11\/Kryemadhi-1.png\"><img loading=\"lazy\" decoding=\"async\" class=\"aligncenter size-full wp-image-485140\" src=\"https:\/\/www.hashtag.al\/wp-content\/uploads\/2021\/11\/Kryemadhi-1.png\" alt=\"\" width=\"770\" height=\"438\" srcset=\"https:\/\/www.hashtag.al\/wp-content\/uploads\/2021\/11\/Kryemadhi-1.png 770w, https:\/\/www.hashtag.al\/wp-content\/uploads\/2021\/11\/Kryemadhi-1-300x171.png 300w, https:\/\/www.hashtag.al\/wp-content\/uploads\/2021\/11\/Kryemadhi-1-768x437.png 768w\" sizes=\"auto, (max-width: 770px) 100vw, 770px\" \/><\/a><\/span><\/p>\n<p><span style=\"color: #000000;\">Kryetarja e L\u00ebvizjes Socialiste p\u00ebr Integrim, Monika Kryemadhi deklaroi se paketa fiskale e propozuar nga qeveria do t\u00eb godas\u00eb p\u00ebr her\u00eb t\u00eb tret\u00eb qytetar\u00ebt.<\/span><\/p>\n<p><span style=\"color: #000000;\">Gjat\u00eb fjal\u00ebs s\u00eb saj n\u00eb Kuvend, Kryemadhi tha se ky buxhet q\u00eb pritet t\u00eb miratohet n\u00eb seanc\u00ebn e sotme plenare, po shkat\u00ebrron nj\u00eb nga sektor\u00ebt m\u00eb t\u00eb r\u00ebnd\u00ebsish\u00ebm, si\u00e7 \u00ebsht\u00eb bujq\u00ebsia.<\/span><\/p>\n<p><span style=\"color: #000000;\">Kryemadhi tha se buxheti i akorduar p\u00ebr k\u00ebt\u00eb sektor \u00ebsht\u00eb shum\u00eb pak, krahasuar me nevojat q\u00eb kan\u00eb fermer\u00ebt, t\u00eb cil\u00ebve iu b\u00ebri nj\u00eb thirrje publike q\u00eb t\u00eb jen\u00eb t\u00eb unifikuar.<\/span><\/p>\n<p><em><span style=\"color: #000000;\">\u201cPaketa e re fiskale e paraqitur sot p\u00ebr miratim \u00ebsht\u00eb goditja e tret\u00eb fatale q\u00eb i vjen sot qytetar\u00ebve pas t\u00ebrmetit t\u00eb vitit 2019 dhe m\u00eb pas pandemis\u00eb. Sot duhet t\u00eb kishim t\u00eb pakt\u00ebn nj\u00eb paket\u00eb q\u00eb do p\u00ebrkrahte drejtp\u00ebrdrejt\u00eb prodhuesit dhe fermer\u00ebt p\u00ebr kategorin\u00eb m\u00eb t\u00eb madhe q\u00eb jetojn\u00eb shqiptar\u00ebt me mij\u00ebra t\u00eb pun\u00ebsuar ne sektorin e bujq\u00ebsis\u00eb, jo vet\u00ebm t\u00eb bujq\u00ebsis\u00eb por dhe t\u00eb prodhimit.<\/span><\/em><br \/>\n<em><span style=\"color: #000000;\">Do ta filloj me rritjen e \u00e7mimit me 6 lek\u00eb p\u00ebr lit\u00ebr t\u00eb gazit p\u00ebr industrin\u00eb prodhuese. Sot, nj\u00eb fabrik\u00eb ka nevoj\u00eb p\u00ebr 10 mij\u00eb litra gaz n\u00eb dit\u00eb dhe n\u00eb qoft\u00eb se do t\u00eb b\u00ebnim nj\u00eb llogari t\u00eb thjesht\u00eb kostot e k\u00ebtij biznesi do t\u00eb shtohen me 15.000 euro n\u00eb muaj ose 180.000 euro n\u00eb vit. Po t\u2019i shtojm\u00eb dhe kostot e transportit e gjitha bashk\u00eb edhe me rritjen e \u00e7mimit t\u00eb energjis\u00eb bizneseve tona i mbeten dy rrug\u00eb.<\/span><\/em><\/p>\n<p><em><span style=\"color: #000000;\">E para, t\u00eb ulin prodhimin duke ulur nj\u00ebkoh\u00ebsisht dhe numrin e pun\u00ebtor\u00ebve. Dhe e dyta, t\u00eb mbyllin aktivitetin sepse e para nuk p\u00ebrballojn\u00eb dot me kostot dhe produktet e tyre humbasin konkurrueshm\u00ebrin\u00eb n\u00eb tregjet e huaja por dhe n\u00eb at\u00eb vendas. Kjo taks\u00eb do e b\u00ebj\u00eb produktin \u2018Made in Albania\u2019 m\u00eb pak t\u00eb konkurruesh\u00ebm.<\/span><\/em><\/p>\n<p><em><span style=\"color: #000000;\">Sot n\u00eb vendet fqinje situata \u00ebsht\u00eb ndryshe. Parashikohen investime p\u00ebr prodhuesit dhe 70 mln euro p\u00ebr bujq\u00ebsin\u00eb. Ne nuk i afrohemi as shifrave neto. Kjo \u00ebsht\u00eb e v\u00ebrteta e suportrit q\u00eb kjo qeveri po i ofron fermer\u00ebve p\u00ebr t\u00eb hapur \u2018Open Balkan\u2019\u2026<\/span><\/em><\/p>\n<p><span style=\"color: #000000;\"><em>Dua t\u2019ju b\u00ebj thirrje fermer\u00ebve, q\u00eb v\u00ebrtet\u00eb qeveria harron t\u00eb merret me ta, me r\u00ebnd\u00ebsi \u00ebsht\u00eb unifikimi i tyre. Ne e kemi p\u00ebrgatitur me duart tona. \u00cbsht\u00eb e mir\u00eb q\u00eb moralisht t\u00eb pranojm\u00eb at\u00eb q\u00eb \u00ebsht\u00eb e v\u00ebrteta, \u00ebsht\u00eb se ne i kemi d\u00ebmtuar, por t\u00eb punojm\u00eb p\u00ebr ta. Ky \u00ebsht\u00eb nj\u00eb buxhet i cili i p\u00ebrket nj\u00eb kohe shum\u00eb t\u00eb varf\u00ebr, edhe t\u00eb viteve m\u00eb par\u00eb. \u00cbsht\u00eb buxhet q\u00eb shkat\u00ebrron sektorin m\u00eb t\u00eb r\u00ebnd\u00ebsish\u00ebm ku 52% e shqiptar\u00ebve jetojn\u00eb me sektorin e bujq\u00ebsis\u00eb.<\/em>\u201d- deklaroi zonja Kryemadhi.<\/span><\/p>\n","protected":false,"gt_translate_keys":[{"key":"rendered","format":"html"}]},"excerpt":{"rendered":"<p>Kryetarja e L\u00ebvizjes Socialiste p\u00ebr Integrim, Monika Kryemadhi deklaroi se paketa fiskale e propozuar nga qeveria do t\u00eb godas\u00eb p\u00ebr her\u00eb t\u00eb tret\u00eb qytetar\u00ebt. Gjat\u00eb fjal\u00ebs s\u00eb saj n\u00eb Kuvend, Kryemadhi tha se ky buxhet q\u00eb pritet t\u00eb miratohet n\u00eb seanc\u00ebn e sotme plenare, po shkat\u00ebrron nj\u00eb nga sektor\u00ebt m\u00eb t\u00eb r\u00ebnd\u00ebsish\u00ebm, si\u00e7 \u00ebsht\u00eb bujq\u00ebsia. [&hellip;]<\/p>\n","protected":false,"gt_translate_keys":[{"key":"rendered","format":"html"}]},"author":30,"featured_media":485140,"comment_status":"closed","ping_status":"closed","sticky":false,"template":"","format":"standard","meta":{"footnotes":""},"categories":[65,13],"tags":[],"class_list":["post-485139","post","type-post","status-publish","format-standard","has-post-thumbnail","hentry","category-lajme","category-te-fundit"],"gt_translate_keys":[{"key":"link","format":"url"}],"_links":{"self":[{"href":"https:\/\/www.hashtag.al\/index.php\/wp-json\/wp\/v2\/posts\/485139","targetHints":{"allow":["GET"]}}],"collection":[{"href":"https:\/\/www.hashtag.al\/index.php\/wp-json\/wp\/v2\/posts"}],"about":[{"href":"https:\/\/www.hashtag.al\/index.php\/wp-json\/wp\/v2\/types\/post"}],"author":[{"embeddable":true,"href":"https:\/\/www.hashtag.al\/index.php\/wp-json\/wp\/v2\/users\/30"}],"replies":[{"embeddable":true,"href":"https:\/\/www.hashtag.al\/index.php\/wp-json\/wp\/v2\/comments?post=485139"}],"version-history":[{"count":0,"href":"https:\/\/www.hashtag.al\/index.php\/wp-json\/wp\/v2\/posts\/485139\/revisions"}],"wp:featuredmedia":[{"embeddable":true,"href":"https:\/\/www.hashtag.al\/index.php\/wp-json\/wp\/v2\/media\/485140"}],"wp:attachment":[{"href":"https:\/\/www.hashtag.al\/index.php\/wp-json\/wp\/v2\/media?parent=485139"}],"wp:term":[{"taxonomy":"category","embeddable":true,"href":"https:\/\/www.hashtag.al\/index.php\/wp-json\/wp\/v2\/categories?post=485139"},{"taxonomy":"post_tag","embeddable":true,"href":"https:\/\/www.hashtag.al\/index.php\/wp-json\/wp\/v2\/tags?post=485139"}],"curies":[{"name":"wp","href":"https:\/\/api.w.org\/{rel}","templated":true}]}}