{"id":485073,"date":"2021-11-15T12:33:29","date_gmt":"2021-11-15T11:33:29","guid":{"rendered":"https:\/\/www.hashtag.al\/?p=485073"},"modified":"2021-11-15T12:33:29","modified_gmt":"2021-11-15T11:33:29","slug":"fermeret-e-myzeqese-nuk-heqin-dore-dalin-serish-ne-proteste-video","status":"publish","type":"post","link":"https:\/\/www.hashtag.al\/index.php\/2021\/11\/15\/fermeret-e-myzeqese-nuk-heqin-dore-dalin-serish-ne-proteste-video\/","title":{"rendered":"Fermer\u00ebt e Myzeqes\u00eb nuk heqin dor\u00eb, dalin s\u00ebrish n\u00eb protest\u00eb (VIDEO)","gt_translate_keys":[{"key":"rendered","format":"text"}]},"content":{"rendered":"<p><span style=\"color: #000000;\"><a href=\"https:\/\/www.hashtag.al\/wp-content\/uploads\/2021\/11\/fermer.jpg\"><img loading=\"lazy\" decoding=\"async\" class=\"aligncenter size-full wp-image-485074\" src=\"https:\/\/www.hashtag.al\/wp-content\/uploads\/2021\/11\/fermer.jpg\" alt=\"\" width=\"704\" height=\"527\" srcset=\"https:\/\/www.hashtag.al\/wp-content\/uploads\/2021\/11\/fermer.jpg 704w, https:\/\/www.hashtag.al\/wp-content\/uploads\/2021\/11\/fermer-300x225.jpg 300w\" sizes=\"auto, (max-width: 704px) 100vw, 704px\" \/><\/a><\/span><\/p>\n<p><span style=\"color: #000000;\">Fermer\u00ebt e Myzeqes\u00eb jan\u00eb mbledhur s\u00ebrish n\u00eb protest\u00eb paraditen e sotme, duke marshuar nga Rrethrrotullimi i Plastmasit n\u00eb qend\u00ebr t\u00eb Lushnj\u00ebs, p\u00ebr t\u00eb p\u00ebrfunduar n\u00eb sheshin para bashkis\u00eb s\u00eb qytetit.<\/span><\/p>\n<p><span style=\"color: #000000;\">Q\u00ebllimi i tubimit \u00ebsht\u00eb t\u00eb sensibilizoj\u00eb qeverin\u00eb p\u00ebr ndryshimin e paket\u00ebs fiskale p\u00ebr vitin 2022 n\u00eb lidhje me bujq\u00ebsin\u00eb.<\/span><\/p>\n<p><span style=\"color: #000000;\">Fermer\u00ebt k\u00ebrkojn\u00eb plot\u00ebsimin e k\u00ebrkesave t\u00eb tyre ekonomike, duke filluar nga subvencionimi p\u00ebr nj\u00ebsi prodhimi, leht\u00ebsimi e burokracirave, nxitja e eksporteve, dhe barazimi i shkall\u00ebs s\u00eb TVSH-s\u00eb n\u00eb shitje me at\u00eb n\u00eb blerje.<\/span><\/p>\n<p><span style=\"color: #000000;\">Kjo \u00ebsht\u00eb protesta e dyt\u00eb e fermer\u00ebve t\u00eb Myzeqes\u00eb t\u00eb cil\u00ebt vet\u00ebm 3 dit\u00eb m\u00eb par\u00eb bllokuan aksin nacional Lushnj\u00eb-Rrogozhin\u00eb, nd\u00ebrsa pati edhe disa prej tyre q\u00eb u shoq\u00ebruan nga Policia.<\/span><\/p>\n<p><span style=\"color: #000000;\">Edhe protesta e sotme \u00ebsht\u00eb mbik\u00ebqyrur nga forca t\u00eb shumta policie t\u00eb komisariatit t\u00eb Lushnj\u00ebs, forcat Shqiponja si dhe FNSH t\u00eb ardhur nga drejtoria e Policis\u00eb s\u00eb Qarkut Fier.<\/span><\/p>\n<div style=\"width: 608px;\" class=\"wp-video\"><video class=\"wp-video-shortcode\" id=\"video-485073-1\" width=\"608\" height=\"480\" preload=\"metadata\" controls=\"controls\"><source type=\"video\/mp4\" src=\"https:\/\/www.hashtag.al\/wp-content\/uploads\/2021\/11\/video_219566596900679.mp4?_=1\" \/><a href=\"https:\/\/www.hashtag.al\/wp-content\/uploads\/2021\/11\/video_219566596900679.mp4\">https:\/\/www.hashtag.al\/wp-content\/uploads\/2021\/11\/video_219566596900679.mp4<\/a><\/video><\/div>\n<p><strong><span style=\"color: #000000;\">K\u00cbRKESAT E FERMER\u00cbVE:<\/span><\/strong><\/p>\n<p><strong><span style=\"color: #000000;\">K\u00ebrkesa Nr.1:<\/span><\/strong><br \/>\n<span style=\"color: #000000;\">T\u00eb subvencionohet direct fermeri p\u00ebr nj\u00ebsi t\u00eb prodhimit me 10 lek\u00eb p\u00ebr kilogram.<\/span><\/p>\n<p><strong><span style=\"color: #000000;\">K\u00ebrkesa Nr.2:<\/span><\/strong><br \/>\n<span style=\"color: #000000;\">T\u00eb stimulohen eksportuesit n\u00ebp\u00ebrmjet Drejtoris\u00eb s\u00eb P\u00ebrgjithshme t\u00eb Doganave sipas modeleve t\u00eb rajonit me 3 lek p\u00ebr kilogram.<\/span><\/p>\n<p><strong><span style=\"color: #000000;\">K\u00ebrkesa Nr.3:<\/span><\/strong><br \/>\n<span style=\"color: #000000;\">T\u00eb barazohet shkalla e TVSH-s\u00eb n\u00eb shitje me at\u00eb n\u00eb blerje n\u00eb sektorin e bujq\u00ebsis\u00eb. T\u00eb garantohet tatim i ligjsh\u00ebm t\u00eb drejt\u00eb dhe t\u00eb ndersh\u00ebm p\u00ebr operator\u00ebt e sektorit.<\/span><\/p>\n<p><strong><span style=\"color: #000000;\">K\u00ebrkesa Nr.4:<\/span><\/strong><br \/>\n<span style=\"color: #000000;\">T\u00eb t\u00ebrhiqet tatimi me 10% TVSH i inputeve bujq\u00ebsore. Nuk \u00ebsht\u00eb koha e duhur p\u00ebr kete tatim shtes\u00eb sepse kosto e imputeve bujq\u00ebsore \u00ebsht\u00eb rritur<\/span><br \/>\n<span style=\"color: #000000;\">me 50-100% p\u00ebr shkak te krizes globale t\u00eb energjis\u00eb.<\/span><\/p>\n<p><strong><span style=\"color: #000000;\">K\u00ebrkesa Nr.5:<\/span><\/strong><br \/>\n<span style=\"color: #000000;\">Orientim i fermer\u00ebve nga ministria e Bujq\u00ebsis\u00eb me laborator\u00eb t\u00eb akredituar p\u00ebr analiza t\u00eb tok\u00ebs dhe produkteve bujq\u00ebsore.<\/span><\/p>\n<p><strong><span style=\"color: #000000;\">K\u00ebrkesa Nr.6:<\/span><\/strong><br \/>\n<span style=\"color: #000000;\">Angazhimi n\u00eb rregullimin me ligj t\u00eb kushteve dhe m\u00ebnyr\u00ebn e kryerjes s\u00eb tregtis\u00eb me produktet bujq\u00ebsore p\u00ebr t\u00eb garantuar interesat e paleve n\u00eb k\u00ebt\u00eb treg.<\/span><\/p>\n<p>&nbsp;<\/p>\n","protected":false,"gt_translate_keys":[{"key":"rendered","format":"html"}]},"excerpt":{"rendered":"<p>Fermer\u00ebt e Myzeqes\u00eb jan\u00eb mbledhur s\u00ebrish n\u00eb protest\u00eb paraditen e sotme, duke marshuar nga Rrethrrotullimi i Plastmasit n\u00eb qend\u00ebr t\u00eb Lushnj\u00ebs, p\u00ebr t\u00eb p\u00ebrfunduar n\u00eb sheshin para bashkis\u00eb s\u00eb qytetit. Q\u00ebllimi i tubimit \u00ebsht\u00eb t\u00eb sensibilizoj\u00eb qeverin\u00eb p\u00ebr ndryshimin e paket\u00ebs fiskale p\u00ebr vitin 2022 n\u00eb lidhje me bujq\u00ebsin\u00eb. Fermer\u00ebt k\u00ebrkojn\u00eb plot\u00ebsimin e k\u00ebrkesave t\u00eb [&hellip;]<\/p>\n","protected":false,"gt_translate_keys":[{"key":"rendered","format":"html"}]},"author":30,"featured_media":485074,"comment_status":"closed","ping_status":"closed","sticky":false,"template":"","format":"standard","meta":{"footnotes":""},"categories":[22,65,13],"tags":[],"class_list":["post-485073","post","type-post","status-publish","format-standard","has-post-thumbnail","hentry","category-ballina","category-lajme","category-te-fundit"],"gt_translate_keys":[{"key":"link","format":"url"}],"_links":{"self":[{"href":"https:\/\/www.hashtag.al\/index.php\/wp-json\/wp\/v2\/posts\/485073","targetHints":{"allow":["GET"]}}],"collection":[{"href":"https:\/\/www.hashtag.al\/index.php\/wp-json\/wp\/v2\/posts"}],"about":[{"href":"https:\/\/www.hashtag.al\/index.php\/wp-json\/wp\/v2\/types\/post"}],"author":[{"embeddable":true,"href":"https:\/\/www.hashtag.al\/index.php\/wp-json\/wp\/v2\/users\/30"}],"replies":[{"embeddable":true,"href":"https:\/\/www.hashtag.al\/index.php\/wp-json\/wp\/v2\/comments?post=485073"}],"version-history":[{"count":0,"href":"https:\/\/www.hashtag.al\/index.php\/wp-json\/wp\/v2\/posts\/485073\/revisions"}],"wp:featuredmedia":[{"embeddable":true,"href":"https:\/\/www.hashtag.al\/index.php\/wp-json\/wp\/v2\/media\/485074"}],"wp:attachment":[{"href":"https:\/\/www.hashtag.al\/index.php\/wp-json\/wp\/v2\/media?parent=485073"}],"wp:term":[{"taxonomy":"category","embeddable":true,"href":"https:\/\/www.hashtag.al\/index.php\/wp-json\/wp\/v2\/categories?post=485073"},{"taxonomy":"post_tag","embeddable":true,"href":"https:\/\/www.hashtag.al\/index.php\/wp-json\/wp\/v2\/tags?post=485073"}],"curies":[{"name":"wp","href":"https:\/\/api.w.org\/{rel}","templated":true}]}}