{"id":485068,"date":"2021-11-15T12:27:36","date_gmt":"2021-11-15T11:27:36","guid":{"rendered":"https:\/\/www.hashtag.al\/?p=485068"},"modified":"2021-11-15T12:27:36","modified_gmt":"2021-11-15T11:27:36","slug":"meta-qeveria-te-dialogoje-sa-me-pare-me-fermeret-mbi-kerkesat-e-tyre-mbeshtetja-e-bujqesise-jetike-per-vendin","status":"publish","type":"post","link":"https:\/\/www.hashtag.al\/index.php\/2021\/11\/15\/meta-qeveria-te-dialogoje-sa-me-pare-me-fermeret-mbi-kerkesat-e-tyre-mbeshtetja-e-bujqesise-jetike-per-vendin\/","title":{"rendered":"Meta: Qeveria t\u00eb dialogoj\u00eb sa m\u00eb par\u00eb me fermer\u00ebt mbi k\u00ebrkesat e tyre, mb\u00ebshtetja e bujq\u00ebsis\u00eb jetike p\u00ebr vendin","gt_translate_keys":[{"key":"rendered","format":"text"}]},"content":{"rendered":"<div style=\"width: 426px;\" class=\"wp-video\"><video class=\"wp-video-shortcode\" id=\"video-485068-1\" width=\"426\" height=\"240\" preload=\"metadata\" controls=\"controls\"><source type=\"video\/mp4\" src=\"https:\/\/www.hashtag.al\/wp-content\/uploads\/2021\/11\/lushnje.mp4?_=1\" \/><a href=\"https:\/\/www.hashtag.al\/wp-content\/uploads\/2021\/11\/lushnje.mp4\">https:\/\/www.hashtag.al\/wp-content\/uploads\/2021\/11\/lushnje.mp4<\/a><\/video><\/div>\n<p><span style=\"color: #000000;\">Presidenti Meta ka b\u00ebr\u00eb thirrje p\u00ebr bisedime mes qeveris\u00eb e fermer\u00ebve t\u00eb Lushnj\u00ebs, t\u00eb cil\u00ebt po zhvillojn\u00eb sot protest\u00ebn e dyt\u00eb pas asaj t\u00eb pak dit\u00ebve m\u00eb par\u00eb.<\/span><\/p>\n<p><span style=\"color: #000000;\"> Kreu i shtetit shkruan n\u00eb Facebook se qeveria duhet t\u00eb vler\u00ebsoj\u00eb k\u00ebrkesat e fermer\u00ebve lidhur me paket\u00ebn fiskale p\u00ebr bujq\u00ebsin\u00eb. <\/span><\/p>\n<p><span style=\"color: #000000;\">Meta thekson se mb\u00ebshtetja e sektorit t\u00eb bujq\u00ebsis\u00eb \u00ebsht\u00eb jetike p\u00ebr ekonomin\u00eb e vendit e po k\u00ebshtu edhe d\u00ebgjimi i k\u00ebrkesave t\u00eb fermer\u00ebve \u00ebsht\u00eb i domosdosh\u00ebm.<\/span><\/p>\n<p><span style=\"color: #000000;\"><em>\u201cMe shum\u00eb v\u00ebmendje po p\u00ebrcjell protestat e fermer\u00ebve t\u00eb Myzeqes\u00eb dhe trevave p\u00ebrreth.\u00a0<\/em><em>I njohur me k\u00ebrkesat e tyre p\u00ebr p\u00ebrmir\u00ebsimin e paket\u00ebs fiskale n\u00eb lidhje me bujq\u00ebsin\u00eb, theksoj r\u00ebnd\u00ebsin\u00eb e vendosjes sa m\u00eb par\u00eb t\u00eb dialogut, p\u00ebr vler\u00ebsimin nga ana e Qeveris\u00eb t\u00eb propozimeve, q\u00eb ata kan\u00eb b\u00ebr\u00eb.\u00a0<\/em><em>Mb\u00ebshtetja e sektorit t\u00eb bujq\u00ebsis\u00eb, jetik p\u00ebr ekonomin\u00eb e vendit, si dhe d\u00ebgjimi i z\u00ebrit t\u00eb fermer\u00ebve \u00ebsht\u00eb i domosdosh\u00ebm.\u201d<\/em> &#8211; shkruan Meta.<\/span><\/p>\n","protected":false,"gt_translate_keys":[{"key":"rendered","format":"html"}]},"excerpt":{"rendered":"<p>Presidenti Meta ka b\u00ebr\u00eb thirrje p\u00ebr bisedime mes qeveris\u00eb e fermer\u00ebve t\u00eb Lushnj\u00ebs, t\u00eb cil\u00ebt po zhvillojn\u00eb sot protest\u00ebn e dyt\u00eb pas asaj t\u00eb pak dit\u00ebve m\u00eb par\u00eb. Kreu i shtetit shkruan n\u00eb Facebook se qeveria duhet t\u00eb vler\u00ebsoj\u00eb k\u00ebrkesat e fermer\u00ebve lidhur me paket\u00ebn fiskale p\u00ebr bujq\u00ebsin\u00eb. Meta thekson se mb\u00ebshtetja e sektorit t\u00eb [&hellip;]<\/p>\n","protected":false,"gt_translate_keys":[{"key":"rendered","format":"html"}]},"author":51,"featured_media":485070,"comment_status":"closed","ping_status":"closed","sticky":false,"template":"","format":"standard","meta":{"footnotes":""},"categories":[65,13],"tags":[],"class_list":["post-485068","post","type-post","status-publish","format-standard","has-post-thumbnail","hentry","category-lajme","category-te-fundit"],"gt_translate_keys":[{"key":"link","format":"url"}],"_links":{"self":[{"href":"https:\/\/www.hashtag.al\/index.php\/wp-json\/wp\/v2\/posts\/485068","targetHints":{"allow":["GET"]}}],"collection":[{"href":"https:\/\/www.hashtag.al\/index.php\/wp-json\/wp\/v2\/posts"}],"about":[{"href":"https:\/\/www.hashtag.al\/index.php\/wp-json\/wp\/v2\/types\/post"}],"author":[{"embeddable":true,"href":"https:\/\/www.hashtag.al\/index.php\/wp-json\/wp\/v2\/users\/51"}],"replies":[{"embeddable":true,"href":"https:\/\/www.hashtag.al\/index.php\/wp-json\/wp\/v2\/comments?post=485068"}],"version-history":[{"count":0,"href":"https:\/\/www.hashtag.al\/index.php\/wp-json\/wp\/v2\/posts\/485068\/revisions"}],"wp:featuredmedia":[{"embeddable":true,"href":"https:\/\/www.hashtag.al\/index.php\/wp-json\/wp\/v2\/media\/485070"}],"wp:attachment":[{"href":"https:\/\/www.hashtag.al\/index.php\/wp-json\/wp\/v2\/media?parent=485068"}],"wp:term":[{"taxonomy":"category","embeddable":true,"href":"https:\/\/www.hashtag.al\/index.php\/wp-json\/wp\/v2\/categories?post=485068"},{"taxonomy":"post_tag","embeddable":true,"href":"https:\/\/www.hashtag.al\/index.php\/wp-json\/wp\/v2\/tags?post=485068"}],"curies":[{"name":"wp","href":"https:\/\/api.w.org\/{rel}","templated":true}]}}