{"id":485053,"date":"2021-11-15T12:02:49","date_gmt":"2021-11-15T11:02:49","guid":{"rendered":"https:\/\/www.hashtag.al\/?p=485053"},"modified":"2021-11-15T12:02:49","modified_gmt":"2021-11-15T11:02:49","slug":"basha-i-kthehet-rames-kujdes-me-ne-se-svijme-nga-urat-poshte-senes-mashtrove-me-pagesat-per-incineratoret-dil-e-kerko-falje-ketu","status":"publish","type":"post","link":"https:\/\/www.hashtag.al\/index.php\/2021\/11\/15\/basha-i-kthehet-rames-kujdes-me-ne-se-svijme-nga-urat-poshte-senes-mashtrove-me-pagesat-per-incineratoret-dil-e-kerko-falje-ketu\/","title":{"rendered":"Basha i kthehet Ram\u00ebs: Kujdes me ne se s\u2019vijm\u00eb nga urat posht\u00eb Sen\u00ebs, mashtrove me pagesat p\u00ebr incinerator\u00ebt, dil e k\u00ebrko falje k\u00ebtu","gt_translate_keys":[{"key":"rendered","format":"text"}]},"content":{"rendered":"<p><span style=\"color: #000000;\"><img loading=\"lazy\" decoding=\"async\" class=\"aligncenter size-full wp-image-485055\" src=\"https:\/\/www.hashtag.al\/wp-content\/uploads\/2021\/11\/basha2345.jpg\" alt=\"\" width=\"1291\" height=\"732\" srcset=\"https:\/\/www.hashtag.al\/wp-content\/uploads\/2021\/11\/basha2345.jpg 1291w, https:\/\/www.hashtag.al\/wp-content\/uploads\/2021\/11\/basha2345-300x170.jpg 300w, https:\/\/www.hashtag.al\/wp-content\/uploads\/2021\/11\/basha2345-768x435.jpg 768w, https:\/\/www.hashtag.al\/wp-content\/uploads\/2021\/11\/basha2345-1024x581.jpg 1024w\" sizes=\"auto, (max-width: 1291px) 100vw, 1291px\" \/><\/span><\/p>\n<p><span style=\"color: #000000;\">Kreu i PD-s\u00eb Basha i ka k\u00ebrkuar kryeministrit Rama q\u00eb t\u2019u k\u00ebrkoj\u00eb ndjes\u00eb deputet\u00ebve demokrat\u00eb p\u00ebr fyerjet ndaj tyre.<\/span><\/p>\n<p><span style=\"color: #000000;\"> Gjat\u00eb fjal\u00ebs s\u00eb tij, kryedemokrati tha se kryeministri Rama mashtroi shqiptar\u00ebt kur tha se p\u00ebr incinerator\u00ebt jan\u00eb parashikuar 9 milion\u00eb euro pagesa nd\u00ebrkoh\u00eb q\u00eb jan\u00eb 18 milion\u00eb euro. <\/span><\/p>\n<p><span style=\"color: #000000;\">Po k\u00ebshtu ai e akuzoi kryeministrin Rama lidhur me pagesat e parashikuar p\u00ebr Chechk-up q\u00eb sipas Bash\u00ebs jan\u00eb kthyer n\u00eb barcalet\u00eb. <\/span><\/p>\n<p><span style=\"color: #000000;\">Po k\u00ebshtu ai e akuzoi Ram\u00ebn duke th\u00ebn\u00eb se ka humbur mbi 300 milion\u00eb euro n\u00eb arbitrazhet nd\u00ebrkomb\u00ebtare.<\/span><\/p>\n<p><span style=\"color: #000000;\"><em>\u201cZonja \u00ebsht\u00eb doktoresh\u00eb shkencash kur t\u2019i bridhje posht\u00eb urave t\u00eb Parisit. \u00cbsht\u00eb diplomuar n\u00eb Angli kur t\u2019i ofroje sh\u00ebrbime n\u00eb \u2018Gare du Nord\u2019. Kujdes kur merresh me ne se ta ka th\u00ebn\u00eb paraardh\u00ebsi yt si t\u00eb ka gjetur, jemi gjenerat\u00eb tjete\u00ebr ne. Vijm\u00eb nga universitetet m\u00eb t\u00eb mira p\u00ebr t\u2019i sh\u00ebrbyer vendit, nuk vijm\u00eb as nga urat posht\u00eb Sen\u00ebs, as nga \u2018Gare du Nord\u2019. Ti je kujtim i grop\u00ebs s\u00eb Hajdin Sejdis\u00eb, mish\u00ebrimi i saj. Je ai q\u00eb je dhe ke mbetur ai q\u00eb ke qen\u00eb, mati mir\u00eb fjal\u00ebt me t\u00eb cilat u drejtohesh zonjave e zot\u00ebrinjve t\u00eb PD-s\u00eb. Fjalorin p\u00ebrdore n\u00eb sht\u00ebpin\u00eb t\u00ebnde n\u00ebse e p\u00ebrdor. Ti je nj\u00eb zero, nj\u00eb hi\u00e7, nuk do merrem me ty 20 minuta. Ti je shpagesa p\u00ebr m\u00ebkatet e et\u00ebrve tan\u00eb, edhe t\u00eb PD-s\u00eb, nj\u00eb pjese t\u00eb saj. G\u00ebnjeve kur the 9 milion\u00eb euro p\u00ebr incinerator\u00ebt. Jan\u00eb 18 milion\u00eb euro sipas shifrave. Dil k\u00ebtu dhe k\u00ebrko falje p\u00ebr mashtrimin e r\u00ebndomt\u00eb, si\u00e7 ke b\u00ebr\u00eb k\u00ebto 8 vite. Check-up yt \u00ebsht\u00eb kthyer n\u00eb barcalet\u00eb edhe mes oligark\u00ebve t\u00eb tu. Mbi 300 milion\u00eb euro ke humbur n\u00eb arbitrazh, 112 milion\u00eb euro nga t\u00eb cilat jan\u00eb p\u00ebr Bechetti-n.\u201d<\/em> &#8211; tha Basha.<\/span><\/p>\n","protected":false,"gt_translate_keys":[{"key":"rendered","format":"html"}]},"excerpt":{"rendered":"<p>Kreu i PD-s\u00eb Basha i ka k\u00ebrkuar kryeministrit Rama q\u00eb t\u2019u k\u00ebrkoj\u00eb ndjes\u00eb deputet\u00ebve demokrat\u00eb p\u00ebr fyerjet ndaj tyre. Gjat\u00eb fjal\u00ebs s\u00eb tij, kryedemokrati tha se kryeministri Rama mashtroi shqiptar\u00ebt kur tha se p\u00ebr incinerator\u00ebt jan\u00eb parashikuar 9 milion\u00eb euro pagesa nd\u00ebrkoh\u00eb q\u00eb jan\u00eb 18 milion\u00eb euro. Po k\u00ebshtu ai e akuzoi kryeministrin Rama lidhur [&hellip;]<\/p>\n","protected":false,"gt_translate_keys":[{"key":"rendered","format":"html"}]},"author":51,"featured_media":485055,"comment_status":"closed","ping_status":"closed","sticky":false,"template":"","format":"standard","meta":{"footnotes":""},"categories":[65,13],"tags":[],"class_list":["post-485053","post","type-post","status-publish","format-standard","has-post-thumbnail","hentry","category-lajme","category-te-fundit"],"gt_translate_keys":[{"key":"link","format":"url"}],"_links":{"self":[{"href":"https:\/\/www.hashtag.al\/index.php\/wp-json\/wp\/v2\/posts\/485053","targetHints":{"allow":["GET"]}}],"collection":[{"href":"https:\/\/www.hashtag.al\/index.php\/wp-json\/wp\/v2\/posts"}],"about":[{"href":"https:\/\/www.hashtag.al\/index.php\/wp-json\/wp\/v2\/types\/post"}],"author":[{"embeddable":true,"href":"https:\/\/www.hashtag.al\/index.php\/wp-json\/wp\/v2\/users\/51"}],"replies":[{"embeddable":true,"href":"https:\/\/www.hashtag.al\/index.php\/wp-json\/wp\/v2\/comments?post=485053"}],"version-history":[{"count":0,"href":"https:\/\/www.hashtag.al\/index.php\/wp-json\/wp\/v2\/posts\/485053\/revisions"}],"wp:featuredmedia":[{"embeddable":true,"href":"https:\/\/www.hashtag.al\/index.php\/wp-json\/wp\/v2\/media\/485055"}],"wp:attachment":[{"href":"https:\/\/www.hashtag.al\/index.php\/wp-json\/wp\/v2\/media?parent=485053"}],"wp:term":[{"taxonomy":"category","embeddable":true,"href":"https:\/\/www.hashtag.al\/index.php\/wp-json\/wp\/v2\/categories?post=485053"},{"taxonomy":"post_tag","embeddable":true,"href":"https:\/\/www.hashtag.al\/index.php\/wp-json\/wp\/v2\/tags?post=485053"}],"curies":[{"name":"wp","href":"https:\/\/api.w.org\/{rel}","templated":true}]}}