{"id":484713,"date":"2021-11-13T14:36:30","date_gmt":"2021-11-13T13:36:30","guid":{"rendered":"https:\/\/www.hashtag.al\/?p=484713"},"modified":"2021-11-13T14:39:58","modified_gmt":"2021-11-13T13:39:58","slug":"zedhenesi-i-fshf-se-si-perballon-dot-kritikat-iu-drejtohet-tifozeve-me-fjalor-vulgar-shkoni-mor-quni","status":"publish","type":"post","link":"https:\/\/www.hashtag.al\/index.php\/2021\/11\/13\/zedhenesi-i-fshf-se-si-perballon-dot-kritikat-iu-drejtohet-tifozeve-me-fjalor-vulgar-shkoni-mor-quni\/","title":{"rendered":"Z\u00ebdh\u00ebn\u00ebsi i FSHF-s\u00eb s\u2019i p\u00ebrballon dot kritikat, iu drejtohet tifoz\u00ebve me fjalor vulgar: \u201cShkoni mor q**uni\u201d","gt_translate_keys":[{"key":"rendered","format":"text"}]},"content":{"rendered":"<p><a href=\"https:\/\/www.hashtag.al\/wp-content\/uploads\/2021\/11\/Andi-Vercani.jpg\"><img loading=\"lazy\" decoding=\"async\" class=\"aligncenter size-full wp-image-484715\" src=\"https:\/\/www.hashtag.al\/wp-content\/uploads\/2021\/11\/Andi-Vercani.jpg\" alt=\"\" width=\"900\" height=\"506\" srcset=\"https:\/\/www.hashtag.al\/wp-content\/uploads\/2021\/11\/Andi-Vercani.jpg 900w, https:\/\/www.hashtag.al\/wp-content\/uploads\/2021\/11\/Andi-Vercani-300x169.jpg 300w, https:\/\/www.hashtag.al\/wp-content\/uploads\/2021\/11\/Andi-Vercani-768x432.jpg 768w\" sizes=\"auto, (max-width: 900px) 100vw, 900px\" \/><\/a><\/p>\n<p><span style=\"color: #000000;\">Z\u00ebdh\u00ebn\u00ebsi i Federat\u00ebs Shqiptare t\u00eb Futbollit Andi Ver\u00e7ani, nuk e ka p\u00ebrmbajtur dot veten pas reagimeve t\u00eb shumta q\u00eb pati mbr\u00ebmjen e kaluar nga tifoz\u00ebt e komb\u00ebtares shqiptare, pas humbjes zhg\u00ebnjyese 5 me 0 kund\u00ebr Anglis\u00eb.<\/span><\/p>\n<p><span style=\"color: #000000;\">Pas kritikave t\u00eb shumta q\u00eb tifoz\u00ebt i b\u00ebn\u00eb futbollist\u00ebve t\u00eb komb\u00ebtares p\u00ebr paraqitjen jo t\u00eb mir\u00eb, Ver\u00e7ani iu drejtua atyre me nj\u00eb fjalor vulgar p\u00ebrmes nj\u00eb postimi n\u00eb rrjetet sociale.<\/span><\/p>\n<p><span style=\"color: #000000;\"><em>\u201cPara nj\u00eb muaji k\u00ebta ishin heronj p\u00ebr t\u00eb gjith\u00eb shqiptar\u00ebt dhe t\u00eb gjith\u00eb donin t\u00eb ishin n\u00eb \u2018AIR Albania\u2019. Sot k\u00ebta qenkan turpi i kombit. Shkonin m\u00ebr q*huni.\u201d<\/em>-shkruan z\u00ebdh\u00ebn\u00ebsi i FSHF-s\u00eb.<\/span><\/p>\n<p><span style=\"color: #000000;\">Nj\u00eb gjuh\u00eb kjo t\u00ebr\u00ebsisht e padenj\u00eb p\u00ebr nj\u00eb person q\u00eb p\u00ebrfaq\u00ebson zyr\u00ebn p\u00ebr shtyp t\u00eb FSHF-s\u00eb.<\/span><\/p>\n<p>&nbsp;<\/p>\n<div id=\"attachment_484714\" style=\"width: 634px\" class=\"wp-caption aligncenter\"><a href=\"https:\/\/www.hashtag.al\/wp-content\/uploads\/2021\/11\/Andi-Vercani.jpeg\"><img loading=\"lazy\" decoding=\"async\" aria-describedby=\"caption-attachment-484714\" class=\"wp-image-484714 size-full\" src=\"https:\/\/www.hashtag.al\/wp-content\/uploads\/2021\/11\/Andi-Vercani.jpeg\" alt=\"\" width=\"624\" height=\"1024\" srcset=\"https:\/\/www.hashtag.al\/wp-content\/uploads\/2021\/11\/Andi-Vercani.jpeg 624w, https:\/\/www.hashtag.al\/wp-content\/uploads\/2021\/11\/Andi-Vercani-183x300.jpeg 183w\" sizes=\"auto, (max-width: 624px) 100vw, 624px\" \/><\/a><p id=\"caption-attachment-484714\" class=\"wp-caption-text\"><span style=\"color: #000000;\"><em>Postimi i Ve\u00e7anit n\u00eb rrjetet sociale<\/em><\/span><\/p><\/div>\n","protected":false,"gt_translate_keys":[{"key":"rendered","format":"html"}]},"excerpt":{"rendered":"<p>Z\u00ebdh\u00ebn\u00ebsi i Federat\u00ebs Shqiptare t\u00eb Futbollit Andi Ver\u00e7ani, nuk e ka p\u00ebrmbajtur dot veten pas reagimeve t\u00eb shumta q\u00eb pati mbr\u00ebmjen e kaluar nga tifoz\u00ebt e komb\u00ebtares shqiptare, pas humbjes zhg\u00ebnjyese 5 me 0 kund\u00ebr Anglis\u00eb. Pas kritikave t\u00eb shumta q\u00eb tifoz\u00ebt i b\u00ebn\u00eb futbollist\u00ebve t\u00eb komb\u00ebtares p\u00ebr paraqitjen jo t\u00eb mir\u00eb, Ver\u00e7ani iu drejtua [&hellip;]<\/p>\n","protected":false,"gt_translate_keys":[{"key":"rendered","format":"html"}]},"author":30,"featured_media":484715,"comment_status":"closed","ping_status":"closed","sticky":false,"template":"","format":"standard","meta":{"footnotes":""},"categories":[65,134,13],"tags":[],"class_list":["post-484713","post","type-post","status-publish","format-standard","has-post-thumbnail","hentry","category-lajme","category-sport","category-te-fundit"],"gt_translate_keys":[{"key":"link","format":"url"}],"_links":{"self":[{"href":"https:\/\/www.hashtag.al\/index.php\/wp-json\/wp\/v2\/posts\/484713","targetHints":{"allow":["GET"]}}],"collection":[{"href":"https:\/\/www.hashtag.al\/index.php\/wp-json\/wp\/v2\/posts"}],"about":[{"href":"https:\/\/www.hashtag.al\/index.php\/wp-json\/wp\/v2\/types\/post"}],"author":[{"embeddable":true,"href":"https:\/\/www.hashtag.al\/index.php\/wp-json\/wp\/v2\/users\/30"}],"replies":[{"embeddable":true,"href":"https:\/\/www.hashtag.al\/index.php\/wp-json\/wp\/v2\/comments?post=484713"}],"version-history":[{"count":0,"href":"https:\/\/www.hashtag.al\/index.php\/wp-json\/wp\/v2\/posts\/484713\/revisions"}],"wp:featuredmedia":[{"embeddable":true,"href":"https:\/\/www.hashtag.al\/index.php\/wp-json\/wp\/v2\/media\/484715"}],"wp:attachment":[{"href":"https:\/\/www.hashtag.al\/index.php\/wp-json\/wp\/v2\/media?parent=484713"}],"wp:term":[{"taxonomy":"category","embeddable":true,"href":"https:\/\/www.hashtag.al\/index.php\/wp-json\/wp\/v2\/categories?post=484713"},{"taxonomy":"post_tag","embeddable":true,"href":"https:\/\/www.hashtag.al\/index.php\/wp-json\/wp\/v2\/tags?post=484713"}],"curies":[{"name":"wp","href":"https:\/\/api.w.org\/{rel}","templated":true}]}}