{"id":484648,"date":"2021-11-13T10:35:35","date_gmt":"2021-11-13T09:35:35","guid":{"rendered":"https:\/\/www.hashtag.al\/?p=484648"},"modified":"2021-11-13T10:35:35","modified_gmt":"2021-11-13T09:35:35","slug":"protesta-e-fermereve-ne-lushnje-policia-procedon-5-prej-protestuesve-bllokuan-qarkullimin-per-15-minuta","status":"publish","type":"post","link":"https:\/\/www.hashtag.al\/index.php\/2021\/11\/13\/protesta-e-fermereve-ne-lushnje-policia-procedon-5-prej-protestuesve-bllokuan-qarkullimin-per-15-minuta\/","title":{"rendered":"Protesta e fermer\u00ebve n\u00eb Lushnj\u00eb\/ Policia procedon 5 prej protestuesve: Bllokuan qarkullimin p\u00ebr 15 minuta","gt_translate_keys":[{"key":"rendered","format":"text"}]},"content":{"rendered":"<p><span style=\"color: #000000;\"><a href=\"https:\/\/www.hashtag.al\/wp-content\/uploads\/2021\/11\/Lushnje.png\"><img loading=\"lazy\" decoding=\"async\" class=\"aligncenter size-full wp-image-484649\" src=\"https:\/\/www.hashtag.al\/wp-content\/uploads\/2021\/11\/Lushnje.png\" alt=\"\" width=\"800\" height=\"397\" srcset=\"https:\/\/www.hashtag.al\/wp-content\/uploads\/2021\/11\/Lushnje.png 800w, https:\/\/www.hashtag.al\/wp-content\/uploads\/2021\/11\/Lushnje-300x149.png 300w, https:\/\/www.hashtag.al\/wp-content\/uploads\/2021\/11\/Lushnje-768x381.png 768w\" sizes=\"auto, (max-width: 800px) 100vw, 800px\" \/><\/a><\/span><\/p>\n<p><span style=\"color: #000000;\">Pes\u00eb persona jan\u00eb proceduar nga ana e Policis\u00eb n\u00eb Lushnj\u00eb, pas protest\u00ebs q\u00eb b\u00ebn\u00eb fermer\u00ebt e zon\u00ebs s\u00eb Myzeqes\u00eb dit\u00ebn e djeshme, ku bllokuan p\u00ebr pak minuta qarkullimin n\u00eb rrethrrotullimin e Plugut.<\/span><\/p>\n<p><span style=\"color: #000000;\">Mes protestuesve \u00ebsht\u00eb edhe kreu i sindikat\u00ebs s\u00eb fermer\u00ebve Eduard Sharka. Fermer\u00ebt e tjer\u00eb q\u00eb jan\u00eb shoq\u00ebruar fillimisht dhe m\u00eb pas jan\u00eb proceduar nga policia jan\u00eb: Klejdison Hatija, Arben Vrapi, Ernesto Vrapi dhe Dashnor Oshafi.<\/span><\/p>\n<p><span style=\"color: #000000;\">Sipas Policis\u00eb, ata kan\u00eb kund\u00ebrshtuar me dhun\u00eb punonj\u00ebsit e rendit.<\/span><\/p>\n<p><span style=\"color: #000000;\"><em>\u201cSpecialist\u00ebt p\u00ebr Hetimin e Krimeve n\u00eb Komisariatin e Policis\u00eb Lushnj\u00eb proceduan penalisht p\u00ebr veprat penale \u2018Pengimi i qarkullimit t\u00eb mjeteve t\u00eb transportit\u2019, \u2018Mosbindja ndaj urdhrit t\u00eb punonj\u00ebsit t\u00eb rendit publik\u2019 dhe \u2018Organizimi dhe pjes\u00ebmarrja n\u00eb manifestime t\u00eb paligjshme\u2019, shtetasit E. Sh., 43 vje\u00e7, banues n\u00eb Lushnj\u00eb, K. H., 23 vje\u00e7, A. V., 41 vje\u00e7, E. V., 36 vje\u00e7, D. O., 34 vje\u00e7, banues n\u00eb fshatin Drenovic\u00eb, Berat, pasi dit\u00ebn e djeshme n\u00eb vendin e quajtur \u2018Rotondo e Plugut\u2019 kan\u00eb bllokuar kalimin e mjeteve p\u00ebr rreth 15 minuta dhe kan\u00eb kund\u00ebrshtuar me dhun\u00eb punonj\u00ebsit e Policis\u00eb.<\/em><\/span><\/p>\n<p><span style=\"color: #000000;\"><em>Materialet i kaluan Prokuroris\u00eb p\u00ebr veprime t\u00eb m\u00ebtejshme.\u201d-<\/em> thuhet n\u00eb njoftimin e Policis\u00eb.<\/span><\/p>\n<p><span style=\"color: #000000;\">Kujtojm\u00eb se fermer\u00ebt protestuan nj\u00eb dit\u00eb m\u00eb par\u00eb kund\u00ebr paket\u00ebs fiskale q\u00eb ka prezantuar qeveria p\u00ebr vitin e ardhsh\u00ebm, ku p\u00ebrfshihet edhe vendosja e TVSH-s\u00eb 10% p\u00ebr imputet bujq\u00ebsore. Gjat\u00eb protest\u00ebs, fermer\u00ebt bllokuan p\u00ebr pak minuta qarkullimin n\u00eb rrethrrotullimin e Plugut nd\u00ebrsa pati edhe nj\u00eb p\u00ebrplasje me Policin\u00eb.<\/span><\/p>\n","protected":false,"gt_translate_keys":[{"key":"rendered","format":"html"}]},"excerpt":{"rendered":"<p>Pes\u00eb persona jan\u00eb proceduar nga ana e Policis\u00eb n\u00eb Lushnj\u00eb, pas protest\u00ebs q\u00eb b\u00ebn\u00eb fermer\u00ebt e zon\u00ebs s\u00eb Myzeqes\u00eb dit\u00ebn e djeshme, ku bllokuan p\u00ebr pak minuta qarkullimin n\u00eb rrethrrotullimin e Plugut. Mes protestuesve \u00ebsht\u00eb edhe kreu i sindikat\u00ebs s\u00eb fermer\u00ebve Eduard Sharka. Fermer\u00ebt e tjer\u00eb q\u00eb jan\u00eb shoq\u00ebruar fillimisht dhe m\u00eb pas jan\u00eb proceduar [&hellip;]<\/p>\n","protected":false,"gt_translate_keys":[{"key":"rendered","format":"html"}]},"author":30,"featured_media":484649,"comment_status":"closed","ping_status":"closed","sticky":false,"template":"","format":"standard","meta":{"footnotes":""},"categories":[65,13],"tags":[],"class_list":["post-484648","post","type-post","status-publish","format-standard","has-post-thumbnail","hentry","category-lajme","category-te-fundit"],"gt_translate_keys":[{"key":"link","format":"url"}],"_links":{"self":[{"href":"https:\/\/www.hashtag.al\/index.php\/wp-json\/wp\/v2\/posts\/484648","targetHints":{"allow":["GET"]}}],"collection":[{"href":"https:\/\/www.hashtag.al\/index.php\/wp-json\/wp\/v2\/posts"}],"about":[{"href":"https:\/\/www.hashtag.al\/index.php\/wp-json\/wp\/v2\/types\/post"}],"author":[{"embeddable":true,"href":"https:\/\/www.hashtag.al\/index.php\/wp-json\/wp\/v2\/users\/30"}],"replies":[{"embeddable":true,"href":"https:\/\/www.hashtag.al\/index.php\/wp-json\/wp\/v2\/comments?post=484648"}],"version-history":[{"count":0,"href":"https:\/\/www.hashtag.al\/index.php\/wp-json\/wp\/v2\/posts\/484648\/revisions"}],"wp:featuredmedia":[{"embeddable":true,"href":"https:\/\/www.hashtag.al\/index.php\/wp-json\/wp\/v2\/media\/484649"}],"wp:attachment":[{"href":"https:\/\/www.hashtag.al\/index.php\/wp-json\/wp\/v2\/media?parent=484648"}],"wp:term":[{"taxonomy":"category","embeddable":true,"href":"https:\/\/www.hashtag.al\/index.php\/wp-json\/wp\/v2\/categories?post=484648"},{"taxonomy":"post_tag","embeddable":true,"href":"https:\/\/www.hashtag.al\/index.php\/wp-json\/wp\/v2\/tags?post=484648"}],"curies":[{"name":"wp","href":"https:\/\/api.w.org\/{rel}","templated":true}]}}