{"id":484073,"date":"2021-11-10T18:38:00","date_gmt":"2021-11-10T17:38:00","guid":{"rendered":"https:\/\/www.hashtag.al\/?p=484073"},"modified":"2021-11-10T18:39:09","modified_gmt":"2021-11-10T17:39:09","slug":"peleshi-prezanton-buxhetin-per-mbrojtjen-pagat-do-rriten-me-30-buxheti-shkon-ne-1-75-te-pbb-se","status":"publish","type":"post","link":"https:\/\/www.hashtag.al\/index.php\/2021\/11\/10\/peleshi-prezanton-buxhetin-per-mbrojtjen-pagat-do-rriten-me-30-buxheti-shkon-ne-1-75-te-pbb-se\/","title":{"rendered":"Peleshi prezanton buxhetin p\u00ebr mbrojtjen: Pagat do rriten me 30%, buxheti shkon n\u00eb 1.75% t\u00eb PBB-s\u00eb","gt_translate_keys":[{"key":"rendered","format":"text"}]},"content":{"rendered":"<p><span style=\"color: #000000;\"><img loading=\"lazy\" decoding=\"async\" class=\"aligncenter size-full wp-image-484074\" src=\"https:\/\/www.hashtag.al\/wp-content\/uploads\/2021\/11\/peleshi-2.jpg\" alt=\"\" width=\"767\" height=\"472\" srcset=\"https:\/\/www.hashtag.al\/wp-content\/uploads\/2021\/11\/peleshi-2.jpg 767w, https:\/\/www.hashtag.al\/wp-content\/uploads\/2021\/11\/peleshi-2-300x185.jpg 300w\" sizes=\"auto, (max-width: 767px) 100vw, 767px\" \/><\/span><\/p>\n<p><span style=\"color: #000000;\">Ministri i Mbrojtjes, Niko Peleshi s\u00eb bashku me Kryeministrin Edi Rama n\u00eb prani t\u00eb punonj\u00ebsve t\u00eb ushtris\u00eb kan\u00eb prezantuar buxhetin p\u00ebr vitin 2022 p\u00ebr mbrojtjen.<\/span><\/p>\n<p><span style=\"color: #000000;\">Peleshi njoftoi se buxheti p\u00ebr mbrojtjen k\u00ebt\u00eb vit do shkoj\u00eb 1.75% t\u00eb PBB-s\u00eb duke u afruar edhe me objektivin e r\u00ebn\u00eb dakord si p\u00ebrmbushje e detyrimit si an\u00ebtar i NATO-s\u00eb.<\/span><\/p>\n<p><span style=\"color: #000000;\">N\u00eb k\u00ebt\u00eb buxhet \u00ebsht\u00eb parashikuar edhe rritja e pagave p\u00ebr punonj\u00ebsit ushtarak\u00eb me 30%.<\/span><\/p>\n<p><span style=\"color: #000000;\"><em>\u201cBuxheti i vitit 2022 \u00ebsht\u00eb 1.3 m\u00eb shum\u00eb se i vitit q\u00eb lam\u00eb pas. E th\u00ebn\u00eb n\u00eb kuota buxheti i mbrojtjes \u00ebsht\u00eb 32.6 mld lek\u00eb. Akoma m\u00eb e madhe \u00ebsht\u00eb rritja n\u00eb z\u00ebrin e investimeve, 102 % \u00ebsht\u00eb rritja n\u00eb z\u00ebrin e investimeve. Si\u00e7 u tha dhe si\u00e7 e dim\u00eb ne kemi angazhime buxhetore n\u00eb aleanc\u00ebn ton\u00eb n\u00eb NATO. N\u00eb vitin 2024 t\u00eb gjitha buxhetet t\u00eb kapin shifr\u00ebn e 2% t\u00eb prodhimit t\u00eb brendsh\u00ebm bruto. Ne kemi depozituar n\u00eb NATO nj\u00eb grafik mbi k\u00ebt\u00eb ecuri. Si\u00e7 e shikoni me 1.75% t\u00eb GDP ne i p\u00ebrmbahemi angazhimit q\u00eb t\u00eb jemi nj\u00eb vend dinjitoz n\u00eb NATO. E cil\u00ebsoj historike e t\u00eb prekshme nj\u00eb arritje t\u00eb madhe k\u00ebt\u00eb buxhet, q\u00eb \u00ebsht\u00eb rritja e pagave nga ushtari i par\u00eb te oficer\u00ebt e gradave t\u00eb larta. Duke pasur m\u00eb shum\u00eb se 6 mij\u00eb p\u00ebrfitues. \u00cbsht\u00eb e fresk\u00ebt dita ku ne vler\u00ebsuam t\u00eb gjith\u00eb pjes\u00ebmarrjen e efektiv\u00ebve tan\u00eb, n\u00eb emergjenc\u00ebn e jasht\u00ebzakonshme t\u00eb zjarreve t\u00eb gushtit. Aty kryeministri ka b\u00ebr\u00eb t\u00eb njohur rritjen e pagave t\u00eb ushtarak\u00ebve. Ne kemi arritur n\u00eb rritjen 30% t\u00eb pag\u00ebs, as un\u00eb nuk e prisja. K\u00ebshtu q\u00eb zoti kryeminist\u00ebr n\u00eb em\u00ebr t\u00eb FA<\/em> <em>faleminderit<\/em>\u201d-deklaroi Peleshi.<\/span><\/p>\n","protected":false,"gt_translate_keys":[{"key":"rendered","format":"html"}]},"excerpt":{"rendered":"<p>Ministri i Mbrojtjes, Niko Peleshi s\u00eb bashku me Kryeministrin Edi Rama n\u00eb prani t\u00eb punonj\u00ebsve t\u00eb ushtris\u00eb kan\u00eb prezantuar buxhetin p\u00ebr vitin 2022 p\u00ebr mbrojtjen. Peleshi njoftoi se buxheti p\u00ebr mbrojtjen k\u00ebt\u00eb vit do shkoj\u00eb 1.75% t\u00eb PBB-s\u00eb duke u afruar edhe me objektivin e r\u00ebn\u00eb dakord si p\u00ebrmbushje e detyrimit si an\u00ebtar i NATO-s\u00eb. [&hellip;]<\/p>\n","protected":false,"gt_translate_keys":[{"key":"rendered","format":"html"}]},"author":32,"featured_media":484074,"comment_status":"closed","ping_status":"closed","sticky":false,"template":"","format":"standard","meta":{"footnotes":""},"categories":[65,13],"tags":[],"class_list":["post-484073","post","type-post","status-publish","format-standard","has-post-thumbnail","hentry","category-lajme","category-te-fundit"],"gt_translate_keys":[{"key":"link","format":"url"}],"_links":{"self":[{"href":"https:\/\/www.hashtag.al\/index.php\/wp-json\/wp\/v2\/posts\/484073","targetHints":{"allow":["GET"]}}],"collection":[{"href":"https:\/\/www.hashtag.al\/index.php\/wp-json\/wp\/v2\/posts"}],"about":[{"href":"https:\/\/www.hashtag.al\/index.php\/wp-json\/wp\/v2\/types\/post"}],"author":[{"embeddable":true,"href":"https:\/\/www.hashtag.al\/index.php\/wp-json\/wp\/v2\/users\/32"}],"replies":[{"embeddable":true,"href":"https:\/\/www.hashtag.al\/index.php\/wp-json\/wp\/v2\/comments?post=484073"}],"version-history":[{"count":0,"href":"https:\/\/www.hashtag.al\/index.php\/wp-json\/wp\/v2\/posts\/484073\/revisions"}],"wp:featuredmedia":[{"embeddable":true,"href":"https:\/\/www.hashtag.al\/index.php\/wp-json\/wp\/v2\/media\/484074"}],"wp:attachment":[{"href":"https:\/\/www.hashtag.al\/index.php\/wp-json\/wp\/v2\/media?parent=484073"}],"wp:term":[{"taxonomy":"category","embeddable":true,"href":"https:\/\/www.hashtag.al\/index.php\/wp-json\/wp\/v2\/categories?post=484073"},{"taxonomy":"post_tag","embeddable":true,"href":"https:\/\/www.hashtag.al\/index.php\/wp-json\/wp\/v2\/tags?post=484073"}],"curies":[{"name":"wp","href":"https:\/\/api.w.org\/{rel}","templated":true}]}}