{"id":483979,"date":"2021-11-10T14:19:37","date_gmt":"2021-11-10T13:19:37","guid":{"rendered":"https:\/\/www.hashtag.al\/?p=483979"},"modified":"2021-11-10T14:20:44","modified_gmt":"2021-11-10T13:20:44","slug":"kreret-e-drejtesise-shqiptare-prej-disa-ditesh-per-vizite-pune-ne-gjykaten-kushtetuese-federale-gjermane-dhe-gjykaten-europiane-ne-strasburg","status":"publish","type":"post","link":"https:\/\/www.hashtag.al\/index.php\/2021\/11\/10\/kreret-e-drejtesise-shqiptare-prej-disa-ditesh-per-vizite-pune-ne-gjykaten-kushtetuese-federale-gjermane-dhe-gjykaten-europiane-ne-strasburg\/","title":{"rendered":"Krer\u00ebt e drejt\u00ebsis\u00eb shqiptare prej disa dit\u00ebsh p\u00ebr vizit\u00eb pune n\u00eb Gjykat\u00ebn Kushtetuese Federale Gjermane dhe Gjykat\u00ebn Europiane n\u00eb Strasburg","gt_translate_keys":[{"key":"rendered","format":"text"}]},"content":{"rendered":"<p><span style=\"color: #000000;\"><a href=\"https:\/\/www.hashtag.al\/wp-content\/uploads\/2021\/11\/5e069eeb_537e_4c27_b5fc_8507f1eac5cc_6667.jpg\"><img loading=\"lazy\" decoding=\"async\" class=\"aligncenter size-full wp-image-483980\" src=\"https:\/\/www.hashtag.al\/wp-content\/uploads\/2021\/11\/5e069eeb_537e_4c27_b5fc_8507f1eac5cc_6667.jpg\" alt=\"\" width=\"1449\" height=\"894\" srcset=\"https:\/\/www.hashtag.al\/wp-content\/uploads\/2021\/11\/5e069eeb_537e_4c27_b5fc_8507f1eac5cc_6667.jpg 1449w, https:\/\/www.hashtag.al\/wp-content\/uploads\/2021\/11\/5e069eeb_537e_4c27_b5fc_8507f1eac5cc_6667-300x185.jpg 300w, https:\/\/www.hashtag.al\/wp-content\/uploads\/2021\/11\/5e069eeb_537e_4c27_b5fc_8507f1eac5cc_6667-768x474.jpg 768w, https:\/\/www.hashtag.al\/wp-content\/uploads\/2021\/11\/5e069eeb_537e_4c27_b5fc_8507f1eac5cc_6667-1024x632.jpg 1024w\" sizes=\"auto, (max-width: 1449px) 100vw, 1449px\" \/><\/a><\/span><\/p>\n<p><span style=\"color: #000000;\">Prej disa dit\u00ebsh nj\u00eb delegacion nga Shqip\u00ebria po kryen nj\u00eb vizit\u00eb pran\u00eb Gjykat\u00ebs Kushtetuese Federale Gjermane si edhe n\u00eb Gjykat\u00ebn Evropiane p\u00ebr t\u00eb Drejtat e Njeriut n\u00eb Strasburg.<\/span><\/p>\n<p><span style=\"color: #000000;\">Ky aktivitet sikurse b\u00ebhet me dije nga nj\u00eb <span style=\"color: #0000ff;\"><a style=\"color: #0000ff;\" href=\"http:\/\/gjykataelarte.gov.al\/web\/Nje_delegacion_i_nivelit_te_larte_te_drejtuesve_te_institucioneve_kryesore_te_sistemit_te_drejtesise_prej_disa_ditesh_po_kryen_nje_vizite_12182_1-1.php\">njoftim<\/a> <\/span>i Gjykat\u00ebs s\u00eb Lart\u00eb, \u00ebsht\u00eb organizuar nga Fondacioni Konrad Adenauer dhe marrin pres\u00eb drejtues t\u00eb institucioneve kryesore t\u00eb sistemit t\u00eb Drejt\u00ebsis\u00eb.<\/span><\/p>\n<p><span style=\"color: #000000;\">N\u00eb kuad\u00ebr t\u00eb k\u00ebsaj vizite, temat kryesore t\u00eb bashk\u00ebbisedimit kishin n\u00eb v\u00ebmendje <em>&#8220;Pavar\u00ebsin\u00eb e gjyq\u00ebsorit&#8221;<\/em> si edhe <em>&#8220;Masat p\u00ebr uljen e numrit t\u00eb \u00e7\u00ebshtjeve n\u00eb gjykata&#8221;.<\/em><\/span><\/p>\n<p><span style=\"color: #000000;\">N\u00eb njoftim thuhet se p\u00ebr t\u00eb dyja k\u00ebto tema, <em>\u201cZ\u00ebvend\u00ebskryetari i Gjykat\u00ebs s\u00eb Lart\u00eb, Z. Sokol Sadushi shprehu mendimet e tij dhe q\u00ebndrimet konkrete t\u00eb gjyqtar\u00ebve t\u00eb Gjykat\u00ebs s\u00eb Lart\u00eb, p\u00ebr t\u00eb garantuar aksesin n\u00eb drejt\u00ebsi, pavar\u00ebsisht kushteve me t\u00eb cilat p\u00ebrballet sot sistemi i drejt\u00ebsis\u00eb n\u00eb Shqip\u00ebri.\u201d<\/em><\/span><\/p>\n<p><span style=\"color: #000000;\">Gjykata e Lart\u00eb thot\u00eb se mbetet <em>&#8220;e angazhuar p\u00ebr t\u00eb b\u00ebr\u00eb p\u00ebrpjekjet maksimale p\u00ebr gjykimin brenda nj\u00eb afati sa m\u00eb t\u00eb shpejt\u00eb t\u00eb \u00e7\u00ebshtjeve t\u00eb prapambetura, n\u00eb kuad\u00ebr t\u00eb t\u00eb cilit ka hartuar dhe nj\u00eb plan veprimi me masa konkrete, n\u00eb bashk\u00ebpunim me K\u00ebshillin e Lart\u00eb Gjyq\u00ebsor dhe projektin e financuar nga INL p\u00ebr k\u00ebt\u00eb q\u00ebllim<\/em>&#8220;.<\/span><\/p>\n<p><span style=\"color: #000000;\">N\u00eb k\u00ebt\u00eb bashk\u00ebbisedim mjaft t\u00eb frytsh\u00ebm midis delegacioneve, mor\u00ebn pjes\u00eb edhe gjyqtar\u00ebt e Gjykat\u00ebs Evropiane p\u00ebr t\u00eb Drejtat e Njeriut, z.Georges Ravarani, kryetar seksioni, gjyqtar i zgjedhur p\u00ebr Luksemburgun, z.Georgios Serghides, z\u00ebvend\u00ebskryetar seksioni, gjyqtar i zgjedhur p\u00ebr Qipron, z. Dmitry Dedov, gjyqtar i zgjedhur p\u00ebr Federat\u00ebn Ruse, znj. Mar\u00eda El\u00f3segui, gjyqtare e zgjedhur p\u00ebr Spanj\u00ebn, z. Darian Pavli, gjyqtar i zgjedhur p\u00ebr Shqip\u00ebrin\u00eb, znj. Anja Seibert-Fohr, gjyqtare e zgjedhur p\u00ebr Gjermanin\u00eb, z. Peeter Roosma, gjyqtar i zgjedhur p\u00ebr Estonin\u00eb, z. Andreas Z\u00fcnd, gjyqtar i zgjedhur p\u00ebr Zvicr\u00ebn dhe z. Fr\u00e9d\u00e9ric Krenc, gjyqtar i zgjedhur p\u00ebr Belgjik\u00ebn.<\/span><\/p>\n<p><a href=\"https:\/\/www.hashtag.al\/wp-content\/uploads\/2021\/11\/5e069eeb_537e_4c27_b5fc_8507f1eac5cc_6667.jpg\"><img loading=\"lazy\" decoding=\"async\" class=\"aligncenter size-full wp-image-483980\" src=\"https:\/\/www.hashtag.al\/wp-content\/uploads\/2021\/11\/5e069eeb_537e_4c27_b5fc_8507f1eac5cc_6667.jpg\" alt=\"\" width=\"1449\" height=\"894\" srcset=\"https:\/\/www.hashtag.al\/wp-content\/uploads\/2021\/11\/5e069eeb_537e_4c27_b5fc_8507f1eac5cc_6667.jpg 1449w, https:\/\/www.hashtag.al\/wp-content\/uploads\/2021\/11\/5e069eeb_537e_4c27_b5fc_8507f1eac5cc_6667-300x185.jpg 300w, https:\/\/www.hashtag.al\/wp-content\/uploads\/2021\/11\/5e069eeb_537e_4c27_b5fc_8507f1eac5cc_6667-768x474.jpg 768w, https:\/\/www.hashtag.al\/wp-content\/uploads\/2021\/11\/5e069eeb_537e_4c27_b5fc_8507f1eac5cc_6667-1024x632.jpg 1024w\" sizes=\"auto, (max-width: 1449px) 100vw, 1449px\" \/><\/a><a href=\"https:\/\/www.hashtag.al\/wp-content\/uploads\/2021\/11\/a8b93235_70b3_4e3c_8ca9_e53a15ade032_6669.jpg\"><img loading=\"lazy\" decoding=\"async\" class=\"aligncenter size-full wp-image-483981\" src=\"https:\/\/www.hashtag.al\/wp-content\/uploads\/2021\/11\/a8b93235_70b3_4e3c_8ca9_e53a15ade032_6669.jpg\" alt=\"\" width=\"1280\" height=\"606\" srcset=\"https:\/\/www.hashtag.al\/wp-content\/uploads\/2021\/11\/a8b93235_70b3_4e3c_8ca9_e53a15ade032_6669.jpg 1280w, https:\/\/www.hashtag.al\/wp-content\/uploads\/2021\/11\/a8b93235_70b3_4e3c_8ca9_e53a15ade032_6669-300x142.jpg 300w, https:\/\/www.hashtag.al\/wp-content\/uploads\/2021\/11\/a8b93235_70b3_4e3c_8ca9_e53a15ade032_6669-768x364.jpg 768w, https:\/\/www.hashtag.al\/wp-content\/uploads\/2021\/11\/a8b93235_70b3_4e3c_8ca9_e53a15ade032_6669-1024x485.jpg 1024w\" sizes=\"auto, (max-width: 1280px) 100vw, 1280px\" \/><\/a><a href=\"https:\/\/www.hashtag.al\/wp-content\/uploads\/2021\/11\/d0b05776_9b90_41a3_8efe_0e30881b5b13_6670.jpg\"><img loading=\"lazy\" decoding=\"async\" class=\"aligncenter size-full wp-image-483982\" src=\"https:\/\/www.hashtag.al\/wp-content\/uploads\/2021\/11\/d0b05776_9b90_41a3_8efe_0e30881b5b13_6670.jpg\" alt=\"\" width=\"1313\" height=\"1004\" srcset=\"https:\/\/www.hashtag.al\/wp-content\/uploads\/2021\/11\/d0b05776_9b90_41a3_8efe_0e30881b5b13_6670.jpg 1313w, https:\/\/www.hashtag.al\/wp-content\/uploads\/2021\/11\/d0b05776_9b90_41a3_8efe_0e30881b5b13_6670-300x229.jpg 300w, https:\/\/www.hashtag.al\/wp-content\/uploads\/2021\/11\/d0b05776_9b90_41a3_8efe_0e30881b5b13_6670-768x587.jpg 768w, https:\/\/www.hashtag.al\/wp-content\/uploads\/2021\/11\/d0b05776_9b90_41a3_8efe_0e30881b5b13_6670-1024x783.jpg 1024w\" sizes=\"auto, (max-width: 1313px) 100vw, 1313px\" \/><\/a><\/p>\n","protected":false,"gt_translate_keys":[{"key":"rendered","format":"html"}]},"excerpt":{"rendered":"<p>Prej disa dit\u00ebsh nj\u00eb delegacion nga Shqip\u00ebria po kryen nj\u00eb vizit\u00eb pran\u00eb Gjykat\u00ebs Kushtetuese Federale Gjermane si edhe n\u00eb Gjykat\u00ebn Evropiane p\u00ebr t\u00eb Drejtat e Njeriut n\u00eb Strasburg. Ky aktivitet sikurse b\u00ebhet me dije nga nj\u00eb njoftim i Gjykat\u00ebs s\u00eb Lart\u00eb, \u00ebsht\u00eb organizuar nga Fondacioni Konrad Adenauer dhe marrin pres\u00eb drejtues t\u00eb institucioneve kryesore t\u00eb [&hellip;]<\/p>\n","protected":false,"gt_translate_keys":[{"key":"rendered","format":"html"}]},"author":30,"featured_media":483980,"comment_status":"closed","ping_status":"closed","sticky":false,"template":"","format":"standard","meta":{"footnotes":""},"categories":[65,13],"tags":[],"class_list":["post-483979","post","type-post","status-publish","format-standard","has-post-thumbnail","hentry","category-lajme","category-te-fundit"],"gt_translate_keys":[{"key":"link","format":"url"}],"_links":{"self":[{"href":"https:\/\/www.hashtag.al\/index.php\/wp-json\/wp\/v2\/posts\/483979","targetHints":{"allow":["GET"]}}],"collection":[{"href":"https:\/\/www.hashtag.al\/index.php\/wp-json\/wp\/v2\/posts"}],"about":[{"href":"https:\/\/www.hashtag.al\/index.php\/wp-json\/wp\/v2\/types\/post"}],"author":[{"embeddable":true,"href":"https:\/\/www.hashtag.al\/index.php\/wp-json\/wp\/v2\/users\/30"}],"replies":[{"embeddable":true,"href":"https:\/\/www.hashtag.al\/index.php\/wp-json\/wp\/v2\/comments?post=483979"}],"version-history":[{"count":0,"href":"https:\/\/www.hashtag.al\/index.php\/wp-json\/wp\/v2\/posts\/483979\/revisions"}],"wp:featuredmedia":[{"embeddable":true,"href":"https:\/\/www.hashtag.al\/index.php\/wp-json\/wp\/v2\/media\/483980"}],"wp:attachment":[{"href":"https:\/\/www.hashtag.al\/index.php\/wp-json\/wp\/v2\/media?parent=483979"}],"wp:term":[{"taxonomy":"category","embeddable":true,"href":"https:\/\/www.hashtag.al\/index.php\/wp-json\/wp\/v2\/categories?post=483979"},{"taxonomy":"post_tag","embeddable":true,"href":"https:\/\/www.hashtag.al\/index.php\/wp-json\/wp\/v2\/tags?post=483979"}],"curies":[{"name":"wp","href":"https:\/\/api.w.org\/{rel}","templated":true}]}}