{"id":483970,"date":"2021-11-10T13:42:36","date_gmt":"2021-11-10T12:42:36","guid":{"rendered":"https:\/\/www.hashtag.al\/?p=483970"},"modified":"2021-11-10T13:48:21","modified_gmt":"2021-11-10T12:48:21","slug":"mark-rutte-e-rendesishme-te-udheheqin-politikane-te-larte-ne-ballkan-rama-shembull-vertet-i-mire","status":"publish","type":"post","link":"https:\/\/www.hashtag.al\/index.php\/2021\/11\/10\/mark-rutte-e-rendesishme-te-udheheqin-politikane-te-larte-ne-ballkan-rama-shembull-vertet-i-mire\/","title":{"rendered":"Mark Rutte: E r\u00ebnd\u00ebsishme t\u00eb udh\u00ebheqin politikan\u00eb t\u00eb lart\u00eb n\u00eb Ballkan, Rama shembull v\u00ebrtet i mir\u00eb","gt_translate_keys":[{"key":"rendered","format":"text"}]},"content":{"rendered":"<p><span style=\"color: #000000;\"><a href=\"https:\/\/www.hashtag.al\/wp-content\/uploads\/2021\/11\/Mr.jpg\"><img loading=\"lazy\" decoding=\"async\" class=\"aligncenter size-full wp-image-483971\" src=\"https:\/\/www.hashtag.al\/wp-content\/uploads\/2021\/11\/Mr.jpg\" alt=\"\" width=\"797\" height=\"543\" srcset=\"https:\/\/www.hashtag.al\/wp-content\/uploads\/2021\/11\/Mr.jpg 797w, https:\/\/www.hashtag.al\/wp-content\/uploads\/2021\/11\/Mr-300x204.jpg 300w, https:\/\/www.hashtag.al\/wp-content\/uploads\/2021\/11\/Mr-768x523.jpg 768w\" sizes=\"auto, (max-width: 797px) 100vw, 797px\" \/><\/a><\/span><\/p>\n<p><span style=\"color: #000000;\">Kryeministri holandez, Mark Rutte u shpreh n\u00eb favor t\u00eb nism\u00ebs p\u00ebr \u201cBalkanin e Hapur\u201d p\u00ebr sa koh\u00eb \u00ebsht\u00eb e hapur p\u00ebr t\u00eb gjith\u00eb dhe ai vler\u00ebsoi se \u00ebsht\u00eb e hapur.<\/span><\/p>\n<p><span style=\"color: #000000;\">Gjat\u00eb fjal\u00ebs s\u00eb tij, Rutte shprehu shqet\u00ebsim lidhur me situat\u00ebn n\u00eb Bosnje Hercegovin\u00eb duke theksuar r\u00ebnd\u00ebsin\u00eb e udh\u00ebheqjes nga politikan\u00eb t\u00eb lart\u00eb n\u00eb Ballkan. K\u00ebtu ai e vler\u00ebsoi kryeministrin shqiptar Edi Rama, si shembull i mir\u00eb n\u00eb k\u00ebt\u00eb drejtim pasi sipas tij, ai \u00ebsht\u00eb i respektuar n\u00eb t\u00eb gjith\u00eb rajonin e Ballkanit Per\u00ebndimor dhe se \u00ebsht\u00eb aktiv p\u00ebr t\u00eb b\u00ebr\u00eb at\u00eb \u00e7far\u00eb duhet p\u00ebr t\u00eb ruajtur stabilitetin.<\/span><\/p>\n<p><span style=\"color: #000000;\"><em>\u00a0\u201cP\u00ebrsa i p\u00ebrket nism\u00ebs s\u00eb Ballkanit t\u00eb Hapur ne jemi ne jemi n\u00eb favor t\u00eb integrimit rajonal p\u00ebr aq koh\u00eb sa \u00ebsht\u00eb i hapur p\u00ebr k\u00ebdo. Un\u00eb e kuptoj q\u00eb \u00ebsht\u00eb shum\u00eb i hapur edhe p\u00ebr Malin e Zi, p\u00ebr Kosov\u00ebn, p\u00ebr Bosnj\u00eb-Hercegovin\u00ebn n\u00eb m\u00ebnyr\u00eb q\u00eb edhe ato t\u00eb b\u00ebhen pjes\u00eb gjithashtu sepse ndihmon k\u00ebshtu t\u00eb punohet drejt hapave t\u00eb m\u00ebtejsh\u00ebm n\u00eb bisedimet e an\u00ebtar\u00ebsimit duke p\u00ebrdorur ma ha mendja p\u00ebrdorimin e standardeve dhe kuadrove t\u00eb BE-s\u00eb sa m\u00eb shum\u00eb t\u00eb jet\u00eb e mundur n\u00eb m\u00ebnyr\u00eb q\u00eb t\u00eb b\u00ebhet nj\u00eb lloj hap\u00ebsire p\u00ebr at\u00eb \u00e7far\u00eb ndodh m\u00eb tej.<\/em><\/span><\/p>\n<p><span style=\"color: #000000;\"><em>Un\u00eb jam v\u00ebrtet i shqet\u00ebsuar p\u00ebr Bosnj\u00eb-Hercegovin\u00ebn pasi duket sikur serb\u00ebt e Bosnj\u00ebs n\u00eb k\u00ebt\u00eb moment po dhunojn\u00eb hapur, po shkelin hapur marr\u00ebveshjen e Dejtonit, dhe t\u00eb Kushtetut\u00ebs s\u00eb Bosnj\u00ebs. Po punojn\u00eb shum\u00eb n\u00eb nivelet e BE-s\u00eb p\u00ebr t\u00eb qet\u00ebsuar situat\u00ebn dhe p\u00ebr t\u00eb parandaluar sistemin politik t\u00eb ndahet n\u00eb at\u00eb vend p\u00ebrgjat\u00eb vijave etnike.<\/em><\/span><\/p>\n<p><span style=\"color: #000000;\"><em>Kjo thekson r\u00ebnd\u00ebsin\u00eb e dialogut por po k\u00ebshtu edhe t\u00eb udh\u00ebheqjes s\u00eb politikan\u00ebve t\u00eb lart\u00eb n\u00eb Ballkanin Per\u00ebndimor, me Edi Ram\u00ebn vet\u00eb q\u00eb \u00ebsht\u00eb nj\u00eb shembull v\u00ebrtet i mir\u00eb, i cili \u00ebsht\u00eb i respektuar n\u00eb t\u00eb gjith\u00eb rajonin dhe \u00ebsht\u00eb mjaft aktiv p\u00ebr t\u00eb b\u00ebr\u00eb at\u00eb \u00e7ka mundet p\u00ebr t\u00eb siguruar q\u00eb rajoni t\u00eb mbetet sa m\u00eb i stabilizuar q\u00eb t\u00eb jet\u00eb e mundur.<\/em><\/span><\/p>\n<p><em><span style=\"color: #000000;\">Sepse shqet\u00ebsimi yn\u00eb \u00ebsht\u00eb se ajo q\u00eb vjen si an\u00eb negative e k\u00ebsaj \u00ebsht\u00eb nj\u00eb influenc\u00eb n\u00eb rritje t\u00eb Rusis\u00eb dhe Kin\u00ebs dhe ne jemi t\u00eb interesuar q\u00eb perspektiva e BE-s\u00eb t\u00eb jet\u00eb e pranishme k\u00ebtu dhe perspektiva e lidhjes m\u00eb t\u00eb ngusht\u00eb me Kin\u00ebn apo Rusin\u00eb.\u201d-<\/span><\/em><span style=\"color: #000000;\">tha Rutte.<\/span><\/p>\n","protected":false,"gt_translate_keys":[{"key":"rendered","format":"html"}]},"excerpt":{"rendered":"<p>Kryeministri holandez, Mark Rutte u shpreh n\u00eb favor t\u00eb nism\u00ebs p\u00ebr \u201cBalkanin e Hapur\u201d p\u00ebr sa koh\u00eb \u00ebsht\u00eb e hapur p\u00ebr t\u00eb gjith\u00eb dhe ai vler\u00ebsoi se \u00ebsht\u00eb e hapur. Gjat\u00eb fjal\u00ebs s\u00eb tij, Rutte shprehu shqet\u00ebsim lidhur me situat\u00ebn n\u00eb Bosnje Hercegovin\u00eb duke theksuar r\u00ebnd\u00ebsin\u00eb e udh\u00ebheqjes nga politikan\u00eb t\u00eb lart\u00eb n\u00eb Ballkan. K\u00ebtu [&hellip;]<\/p>\n","protected":false,"gt_translate_keys":[{"key":"rendered","format":"html"}]},"author":30,"featured_media":483971,"comment_status":"closed","ping_status":"closed","sticky":false,"template":"","format":"standard","meta":{"footnotes":""},"categories":[65,13],"tags":[],"class_list":["post-483970","post","type-post","status-publish","format-standard","has-post-thumbnail","hentry","category-lajme","category-te-fundit"],"gt_translate_keys":[{"key":"link","format":"url"}],"_links":{"self":[{"href":"https:\/\/www.hashtag.al\/index.php\/wp-json\/wp\/v2\/posts\/483970","targetHints":{"allow":["GET"]}}],"collection":[{"href":"https:\/\/www.hashtag.al\/index.php\/wp-json\/wp\/v2\/posts"}],"about":[{"href":"https:\/\/www.hashtag.al\/index.php\/wp-json\/wp\/v2\/types\/post"}],"author":[{"embeddable":true,"href":"https:\/\/www.hashtag.al\/index.php\/wp-json\/wp\/v2\/users\/30"}],"replies":[{"embeddable":true,"href":"https:\/\/www.hashtag.al\/index.php\/wp-json\/wp\/v2\/comments?post=483970"}],"version-history":[{"count":0,"href":"https:\/\/www.hashtag.al\/index.php\/wp-json\/wp\/v2\/posts\/483970\/revisions"}],"wp:featuredmedia":[{"embeddable":true,"href":"https:\/\/www.hashtag.al\/index.php\/wp-json\/wp\/v2\/media\/483971"}],"wp:attachment":[{"href":"https:\/\/www.hashtag.al\/index.php\/wp-json\/wp\/v2\/media?parent=483970"}],"wp:term":[{"taxonomy":"category","embeddable":true,"href":"https:\/\/www.hashtag.al\/index.php\/wp-json\/wp\/v2\/categories?post=483970"},{"taxonomy":"post_tag","embeddable":true,"href":"https:\/\/www.hashtag.al\/index.php\/wp-json\/wp\/v2\/tags?post=483970"}],"curies":[{"name":"wp","href":"https:\/\/api.w.org\/{rel}","templated":true}]}}