{"id":483967,"date":"2021-11-10T13:24:54","date_gmt":"2021-11-10T12:24:54","guid":{"rendered":"https:\/\/www.hashtag.al\/?p=483967"},"modified":"2021-11-10T13:24:54","modified_gmt":"2021-11-10T12:24:54","slug":"mark-rutte-shpresoj-qe-bullgaria-te-ndryshoje-qendrim-ju-keni-bere-shume-perparime","status":"publish","type":"post","link":"https:\/\/www.hashtag.al\/index.php\/2021\/11\/10\/mark-rutte-shpresoj-qe-bullgaria-te-ndryshoje-qendrim-ju-keni-bere-shume-perparime\/","title":{"rendered":"Mark Rutte: Shpresoj q\u00eb Bullgaria t\u00eb ndryshoj\u00eb q\u00ebndrim, ju keni b\u00ebr\u00eb shum\u00eb p\u00ebrparime","gt_translate_keys":[{"key":"rendered","format":"text"}]},"content":{"rendered":"<p><span style=\"color: #000000;\"><a href=\"https:\/\/www.hashtag.al\/wp-content\/uploads\/2021\/11\/rutte.jpg\"><img loading=\"lazy\" decoding=\"async\" class=\"aligncenter size-full wp-image-483968\" src=\"https:\/\/www.hashtag.al\/wp-content\/uploads\/2021\/11\/rutte.jpg\" alt=\"\" width=\"890\" height=\"473\" srcset=\"https:\/\/www.hashtag.al\/wp-content\/uploads\/2021\/11\/rutte.jpg 890w, https:\/\/www.hashtag.al\/wp-content\/uploads\/2021\/11\/rutte-300x159.jpg 300w, https:\/\/www.hashtag.al\/wp-content\/uploads\/2021\/11\/rutte-768x408.jpg 768w\" sizes=\"auto, (max-width: 890px) 100vw, 890px\" \/><\/a><\/span><\/p>\n<p><span style=\"color: #000000;\">Kryeministri i Holand\u00ebs, Mark Rutte, n\u00eb konferenc\u00ebn e p\u00ebrbashk\u00ebt me kryeministrin Edi Rama, ka shprehur qart\u00eb se mb\u00ebshtetjen e tij p\u00ebr mbajtjen sa m\u00eb shpejt t\u00eb Konferenc\u00ebs s\u00eb Par\u00eb Nd\u00ebrqeveritare. Ai tha q\u00eb shpreson q\u00eb t\u00eb ndryshoj\u00eb q\u00ebndrimi i Bullgaris\u00eb, nd\u00ebrsa theksoi se Shqip\u00ebria ka b\u00ebr\u00eb shum\u00eb.<\/span><\/p>\n<p><span style=\"color: #000000;\"><em>&#8220;\u00cbsht\u00eb e drejt\u00eb q\u00eb p\u00ebr t\u00eb nisur konferenc\u00ebn e par\u00eb nd\u00ebrqeveritare t\u00eb ndryshoj\u00eb q\u00ebndrimi i Bullgaris\u00eb. Shpresoj q\u00eb kjo t\u00eb ndodh\u00eb. Do t\u00eb ishte e drejt\u00eb, ju keni b\u00ebr\u00eb kaq shum\u00eb p\u00ebrparime. Natyrisht q\u00eb shum\u00eb keni b\u00ebr\u00eb. Bashkimi Europian dhe Shqip\u00ebria duhet t\u00eb forcojn\u00eb marr\u00ebdh\u00ebniet. Duhet t\u00eb ket\u00eb di\u00e7ka midis gjat\u00eb rrug\u00ebs q\u00eb ecim p\u00ebrpara. <\/em><\/span><\/p>\n<p><span style=\"color: #000000;\"><em>Jam i lumtur q\u00eb vendet tona zhvillojn\u00eb marr\u00ebdh\u00ebniet dypal\u00ebshe. Ne bashk\u00ebpunojm\u00eb intensivisht. Holanda \u00ebsht\u00eb investuesi m\u00eb i madh n\u00eb Shqip\u00ebri. Ne vazhdojm\u00eb t\u00eb takohemi. Le t\u00eb vazhdojm\u00eb t\u00eb punojm\u00eb k\u00ebshtu, t\u00eb takohemi, ta nd\u00ebrtojm\u00eb k\u00ebt\u00eb miq\u00ebsi dhe ta b\u00ebjm\u00eb m\u00eb shum\u00eb praktike.&#8221;-<\/em> tha Rutte.<\/span><\/p>\n<p>&nbsp;<\/p>\n","protected":false,"gt_translate_keys":[{"key":"rendered","format":"html"}]},"excerpt":{"rendered":"<p>Kryeministri i Holand\u00ebs, Mark Rutte, n\u00eb konferenc\u00ebn e p\u00ebrbashk\u00ebt me kryeministrin Edi Rama, ka shprehur qart\u00eb se mb\u00ebshtetjen e tij p\u00ebr mbajtjen sa m\u00eb shpejt t\u00eb Konferenc\u00ebs s\u00eb Par\u00eb Nd\u00ebrqeveritare. Ai tha q\u00eb shpreson q\u00eb t\u00eb ndryshoj\u00eb q\u00ebndrimi i Bullgaris\u00eb, nd\u00ebrsa theksoi se Shqip\u00ebria ka b\u00ebr\u00eb shum\u00eb. &#8220;\u00cbsht\u00eb e drejt\u00eb q\u00eb p\u00ebr t\u00eb nisur konferenc\u00ebn [&hellip;]<\/p>\n","protected":false,"gt_translate_keys":[{"key":"rendered","format":"html"}]},"author":30,"featured_media":483968,"comment_status":"closed","ping_status":"closed","sticky":false,"template":"","format":"standard","meta":{"footnotes":""},"categories":[65,13],"tags":[],"class_list":["post-483967","post","type-post","status-publish","format-standard","has-post-thumbnail","hentry","category-lajme","category-te-fundit"],"gt_translate_keys":[{"key":"link","format":"url"}],"_links":{"self":[{"href":"https:\/\/www.hashtag.al\/index.php\/wp-json\/wp\/v2\/posts\/483967","targetHints":{"allow":["GET"]}}],"collection":[{"href":"https:\/\/www.hashtag.al\/index.php\/wp-json\/wp\/v2\/posts"}],"about":[{"href":"https:\/\/www.hashtag.al\/index.php\/wp-json\/wp\/v2\/types\/post"}],"author":[{"embeddable":true,"href":"https:\/\/www.hashtag.al\/index.php\/wp-json\/wp\/v2\/users\/30"}],"replies":[{"embeddable":true,"href":"https:\/\/www.hashtag.al\/index.php\/wp-json\/wp\/v2\/comments?post=483967"}],"version-history":[{"count":0,"href":"https:\/\/www.hashtag.al\/index.php\/wp-json\/wp\/v2\/posts\/483967\/revisions"}],"wp:featuredmedia":[{"embeddable":true,"href":"https:\/\/www.hashtag.al\/index.php\/wp-json\/wp\/v2\/media\/483968"}],"wp:attachment":[{"href":"https:\/\/www.hashtag.al\/index.php\/wp-json\/wp\/v2\/media?parent=483967"}],"wp:term":[{"taxonomy":"category","embeddable":true,"href":"https:\/\/www.hashtag.al\/index.php\/wp-json\/wp\/v2\/categories?post=483967"},{"taxonomy":"post_tag","embeddable":true,"href":"https:\/\/www.hashtag.al\/index.php\/wp-json\/wp\/v2\/tags?post=483967"}],"curies":[{"name":"wp","href":"https:\/\/api.w.org\/{rel}","templated":true}]}}