{"id":483963,"date":"2021-11-10T13:15:29","date_gmt":"2021-11-10T12:15:29","guid":{"rendered":"https:\/\/www.hashtag.al\/?p=483963"},"modified":"2021-11-10T13:15:29","modified_gmt":"2021-11-10T12:15:29","slug":"rama-ne-konference-te-perbashket-me-rutte-iu-desh-qe-te-fitonte-4-pale-zgjedhje-qe-te-vinte-ne-shqiperi","status":"publish","type":"post","link":"https:\/\/www.hashtag.al\/index.php\/2021\/11\/10\/rama-ne-konference-te-perbashket-me-rutte-iu-desh-qe-te-fitonte-4-pale-zgjedhje-qe-te-vinte-ne-shqiperi\/","title":{"rendered":"Rama n\u00eb konferenc\u00eb t\u00eb p\u00ebrbashk\u00ebt me Rutte: Iu desh q\u00eb t\u00eb fitonte 4 pal\u00eb zgjedhje q\u00eb t\u00eb vinte n\u00eb Shqip\u00ebri","gt_translate_keys":[{"key":"rendered","format":"text"}]},"content":{"rendered":"<p><span style=\"color: #000000;\"><a href=\"https:\/\/www.hashtag.al\/wp-content\/uploads\/2021\/11\/rama-Rutte.jpg\"><img loading=\"lazy\" decoding=\"async\" class=\"aligncenter size-full wp-image-483965\" src=\"https:\/\/www.hashtag.al\/wp-content\/uploads\/2021\/11\/rama-Rutte.jpg\" alt=\"\" width=\"896\" height=\"471\" srcset=\"https:\/\/www.hashtag.al\/wp-content\/uploads\/2021\/11\/rama-Rutte.jpg 896w, https:\/\/www.hashtag.al\/wp-content\/uploads\/2021\/11\/rama-Rutte-300x158.jpg 300w, https:\/\/www.hashtag.al\/wp-content\/uploads\/2021\/11\/rama-Rutte-768x404.jpg 768w\" sizes=\"auto, (max-width: 896px) 100vw, 896px\" \/><\/a>Kryeministri Edi Rama ka zhvilluar nj\u00eb konferenc\u00eb t\u00eb p\u00ebrbashk\u00ebt p\u00ebr mediet me homologun e tij holandez Mark Rutte, i cili sot ndodhet n\u00eb Shqip\u00ebri.<\/span><\/p>\n<p><span style=\"color: #000000;\">Gjat\u00eb fjal\u00ebs s\u00eb tij hyr\u00ebse, Rama tha se kjo \u00ebsht\u00eb vizita m\u00eb e ve\u00e7ant\u00eb e miqve, duke th\u00ebn\u00eb se vjen n\u00eb nj\u00eb koh\u00eb t\u00eb ve\u00e7ant\u00eb.<\/span><\/p>\n<p><em><span style=\"color: #000000;\">\u00a0\u201cMir\u00ebdita t\u00eb gjith\u00ebve,<\/span><\/em><\/p>\n<p><em><span style=\"color: #000000;\">T\u00eb gjitha vizitat e miqve dhe t\u00eb partner\u00ebve tan\u00eb n\u00eb Tiran\u00eb jan\u00eb momente t\u00eb ve\u00e7anta, por pa ekzagjerim do thosha se ky \u00ebsht\u00eb nj\u00eb moment shum\u00eb i ve\u00e7ant\u00eb, q\u00eb kemi sot n\u00eb Tiran\u00eb, m\u00eb n\u00eb fund pas nj\u00eb kohe t\u00eb gjat\u00eb qysh kur un\u00eb pata nderin t\u00eb jem i pranish\u00ebm n\u00eb zyr\u00ebn e tij n\u00eb Hag\u00eb ku u mikprita si t\u00eb isha n\u00eb sht\u00ebpin\u00eb time. Sot kryeministri Mark Rutte \u00ebsht\u00eb n\u00eb Tiran\u00eb, iu desh t\u00eb fitonte 4 pal\u00eb zgjedhje q\u00eb t\u00eb vinte n\u00eb Shqip\u00ebri dhe \u00ebsht\u00eb v\u00ebrtet nj\u00eb k\u00ebnaq\u00ebsi sepse p\u00ebrve\u00e7se \u00ebsht\u00eb sot n\u00eb Tiran\u00eb, kjo ndodh n\u00eb nj\u00eb moment shum\u00eb pozitiv n\u00eb marr\u00ebdh\u00ebniet tona, n\u00eb marr\u00ebdh\u00ebniet mes Shqip\u00ebris\u00eb dhe mbret\u00ebris\u00eb s\u00eb Holland\u00ebs dhe n\u00eb marr\u00ebdh\u00ebniet tona mes dy qeverive, ku si\u00e7 e dini Hollanda e ka mb\u00ebshtetur hapur hedhjen e hapit t\u00eb m\u00ebtejsh\u00ebm p\u00ebr Shqip\u00ebrin\u00eb dhe thirrjen e konferenc\u00ebs s\u00eb par\u00eb nd\u00ebrqeveritare. Kjo marr\u00ebdh\u00ebnie shkon p\u00ebrtej procesit ton\u00eb t\u00eb integrimit. Kremtuam 50 vite marr\u00ebdh\u00ebnie diplomatike me Holand\u00ebn. Kemi vazhdim\u00ebsi marr\u00ebdh\u00ebnie pune pozitive dhe impakti i Holand\u00ebs n\u00eb Shqip\u00ebri rritet vit pas viti, nga nj\u00eb an\u00eb p\u00ebrmes projekteve dhe mb\u00ebshtetjes q\u00eb marrin p\u00ebr to. Kemi folur me kryeministrin p\u00ebr bashk\u00ebpuni8min p\u00ebr sigurin\u00eb, krimit t\u00eb organizuar dhe jemi t\u00eb bindur se progresin i b\u00ebr\u00eb do t\u00eb rritet, si pasoj\u00eb e rritjes s\u00eb kapaciteteve t\u00eb v\u00ebna n\u00eb dispozicion p\u00ebr k\u00ebt\u00eb bashk\u00ebpunim. Kemi folur dhe p\u00ebr mund\u00ebsin\u00eb q\u00eb Holanda t\u00eb mb\u00ebshtes\u00eb nj\u00eb p\u00ebrafrim t\u00eb universiteteve tona me ato europiane.<\/span><\/em><\/p>\n<p><span style=\"color: #000000;\"><em>Kemi folur p\u00ebr nj\u00eb qasje m\u00eb t\u00eb hapur ndaj t\u00eb rinjve n\u00eb zonat rurale p\u00ebr t\u2019i p\u00ebrfshir\u00eb n\u00eb programe t\u00eb m\u00ebtejshme. Kemi folur edhe p\u00ebr momentin ku jemi e dim\u00eb se Franca, Holanda, Gjermania, e t\u00eb gjith\u00eb jan\u00eb gati t\u00eb ulen me Shqip\u00ebrin\u00eb e Maqedonin\u00eb e Veriut, por duhet zgjidhur ng\u00ebr\u00e7i i krijuar nga veto bullgare. E fal\u00ebnderoj mikun tim Mark p\u00ebr komunikimin e tij personal me pal\u00ebn bullgare. K\u00ebnaq\u00ebsi dhe duket edhe nga sa mund\u00ebm deri tani ta shprehim mikpritjen me mir\u00ebseardhjen. Ky \u00ebsht\u00eb nj\u00eb vend q\u00eb ka shum\u00eb ndjek\u00ebs e tifoz\u00eb t\u00eb komb\u00ebtares holandeze dhe q\u00eb sot jan\u00eb shum\u00eb t\u00eb lumtur q\u00eb kan\u00eb flamurin e Holand\u00ebs t\u00eb varur kudo. Duket se e fituat kup\u00ebn e Bot\u00ebs k\u00ebtu n\u00eb Tiran\u00eb t\u00eb pakt\u00ebn.\u201d<\/em>&#8211; tha Rama.<\/span><\/p>\n<p>&nbsp;<\/p>\n","protected":false,"gt_translate_keys":[{"key":"rendered","format":"html"}]},"excerpt":{"rendered":"<p>Kryeministri Edi Rama ka zhvilluar nj\u00eb konferenc\u00eb t\u00eb p\u00ebrbashk\u00ebt p\u00ebr mediet me homologun e tij holandez Mark Rutte, i cili sot ndodhet n\u00eb Shqip\u00ebri. Gjat\u00eb fjal\u00ebs s\u00eb tij hyr\u00ebse, Rama tha se kjo \u00ebsht\u00eb vizita m\u00eb e ve\u00e7ant\u00eb e miqve, duke th\u00ebn\u00eb se vjen n\u00eb nj\u00eb koh\u00eb t\u00eb ve\u00e7ant\u00eb. \u00a0\u201cMir\u00ebdita t\u00eb gjith\u00ebve, T\u00eb gjitha vizitat [&hellip;]<\/p>\n","protected":false,"gt_translate_keys":[{"key":"rendered","format":"html"}]},"author":30,"featured_media":483965,"comment_status":"closed","ping_status":"closed","sticky":false,"template":"","format":"standard","meta":{"footnotes":""},"categories":[65,13],"tags":[],"class_list":["post-483963","post","type-post","status-publish","format-standard","has-post-thumbnail","hentry","category-lajme","category-te-fundit"],"gt_translate_keys":[{"key":"link","format":"url"}],"_links":{"self":[{"href":"https:\/\/www.hashtag.al\/index.php\/wp-json\/wp\/v2\/posts\/483963","targetHints":{"allow":["GET"]}}],"collection":[{"href":"https:\/\/www.hashtag.al\/index.php\/wp-json\/wp\/v2\/posts"}],"about":[{"href":"https:\/\/www.hashtag.al\/index.php\/wp-json\/wp\/v2\/types\/post"}],"author":[{"embeddable":true,"href":"https:\/\/www.hashtag.al\/index.php\/wp-json\/wp\/v2\/users\/30"}],"replies":[{"embeddable":true,"href":"https:\/\/www.hashtag.al\/index.php\/wp-json\/wp\/v2\/comments?post=483963"}],"version-history":[{"count":0,"href":"https:\/\/www.hashtag.al\/index.php\/wp-json\/wp\/v2\/posts\/483963\/revisions"}],"wp:featuredmedia":[{"embeddable":true,"href":"https:\/\/www.hashtag.al\/index.php\/wp-json\/wp\/v2\/media\/483965"}],"wp:attachment":[{"href":"https:\/\/www.hashtag.al\/index.php\/wp-json\/wp\/v2\/media?parent=483963"}],"wp:term":[{"taxonomy":"category","embeddable":true,"href":"https:\/\/www.hashtag.al\/index.php\/wp-json\/wp\/v2\/categories?post=483963"},{"taxonomy":"post_tag","embeddable":true,"href":"https:\/\/www.hashtag.al\/index.php\/wp-json\/wp\/v2\/tags?post=483963"}],"curies":[{"name":"wp","href":"https:\/\/api.w.org\/{rel}","templated":true}]}}