{"id":483960,"date":"2021-11-10T13:03:05","date_gmt":"2021-11-10T12:03:05","guid":{"rendered":"https:\/\/www.hashtag.al\/?p=483960"},"modified":"2021-11-10T13:03:05","modified_gmt":"2021-11-10T12:03:05","slug":"plagosja-e-34-vjecarit-ne-tirane-arrestohet-pas-5-muajsh-i-dyshuari-i-dyte-i-vellai-u-arrestua-ne-vendngjarje","status":"publish","type":"post","link":"https:\/\/www.hashtag.al\/index.php\/2021\/11\/10\/plagosja-e-34-vjecarit-ne-tirane-arrestohet-pas-5-muajsh-i-dyshuari-i-dyte-i-vellai-u-arrestua-ne-vendngjarje\/","title":{"rendered":"Plagosja e 34-vje\u00e7arit n\u00eb Tiran\u00eb\/ Arrestohet pas 5 muajsh i dyshuari i dyt\u00eb, i v\u00ebllai u arrestua n\u00eb vendngjarje","gt_translate_keys":[{"key":"rendered","format":"text"}]},"content":{"rendered":"<p><span style=\"color: #000000;\"><a href=\"https:\/\/www.hashtag.al\/wp-content\/uploads\/2021\/11\/policia-arrestim-1-1.jpg\"><img loading=\"lazy\" decoding=\"async\" class=\"aligncenter size-full wp-image-483961\" src=\"https:\/\/www.hashtag.al\/wp-content\/uploads\/2021\/11\/policia-arrestim-1-1.jpg\" alt=\"\" width=\"681\" height=\"347\" srcset=\"https:\/\/www.hashtag.al\/wp-content\/uploads\/2021\/11\/policia-arrestim-1-1.jpg 681w, https:\/\/www.hashtag.al\/wp-content\/uploads\/2021\/11\/policia-arrestim-1-1-300x153.jpg 300w, https:\/\/www.hashtag.al\/wp-content\/uploads\/2021\/11\/policia-arrestim-1-1-568x290.jpg 568w\" sizes=\"auto, (max-width: 681px) 100vw, 681px\" \/><\/a><\/span><\/p>\n<p><span style=\"color: #000000;\">Pes\u00eb muaj pas nj\u00eb p\u00ebrplasjeje me arm\u00eb n\u00eb Tiran\u00eb, ku mbeti i plagosur nj\u00eb 34-vje\u00e7ar, \u00ebsht\u00eb arrestuar i dyshuari Ramadan Shanaj.<\/span><\/p>\n<p><span style=\"color: #000000;\">Vet\u00ebm pak pas ngjarjes s\u00eb ndodhur m\u00eb 12 qershor 2021, policia kishte arrestuar n\u00eb flagranc\u00eb v\u00ebllan\u00eb e tij, Klajdi Shanaj.<\/span><\/p>\n<p><span style=\"color: #000000;\">Dy v\u00ebllez\u00ebrit jan\u00eb p\u00ebrplasur me arm\u00eb zjarri n\u00eb af\u00ebrsi t\u00eb nj\u00eb lokali n\u00eb rrug\u00ebn \u201cKahreman Ylli\u201d, me 33-vje\u00e7arin Valter Pershpalaj, dhe 2 persona t\u00eb tjer\u00eb. Si pasoj\u00eb e t\u00eb sht\u00ebnave me arm\u00eb, ka mbetur i plagosur n\u00eb k\u00ebmb\u00eb shtetasi Ergin Gjoni.<\/span><\/p>\n<p><span style=\"color: #000000;\">Ndaj 25-vje\u00e7arit t\u00eb arrestuar sot, Gjykata e Shkall\u00ebs s\u00eb Par\u00eb e Rrethit Gjyq\u00ebsor Tiran\u00eb ka caktuar mas\u00ebn e siguris\u00eb \u201carrest n\u00eb burg\u201d, p\u00ebr veprat penale \u201cVrasja me dashje\u201d mbetur n\u00eb tentativ\u00eb kryer n\u00eb bashk\u00ebpunim, \u201cProdhimi dhe shitja e narkotik\u00ebve\u201d, \u201cPrishja e qet\u00ebsis\u00eb publike\u201d dhe \u201cFalsifikimi i let\u00ebrnjoftimeve, i pasaportave ose i vizave\u201d.<\/span><\/p>\n<p><strong><span style=\"color: #000000;\">INFORMACIONI I POLICIS\u00cb<\/span><\/strong><\/p>\n<p><span style=\"color: #000000;\">Vijon puna p\u00ebr kapjen e personave t\u00eb shpallur n\u00eb k\u00ebrkim p\u00ebr vepra t\u00eb ndryshme penale<\/span><\/p>\n<p><span style=\"color: #000000;\">Kapet dhe ndalohet nga sh\u00ebrbimet e Komisariatit t\u00eb Policis\u00eb Nr. 4, nj\u00eb shtetas i shpallur n\u00eb k\u00ebrkim p\u00ebr disa vepra penale.<\/span><\/p>\n<p><span style=\"color: #000000;\">N\u00eb vijim t\u00eb pun\u00ebs p\u00ebr kapjen e personave n\u00eb k\u00ebrkim dhe v\u00ebnien para p\u00ebrgjegj\u00ebsis\u00eb ligjore, n\u00eb baz\u00eb t\u00eb informacioneve t\u00eb marra n\u00eb rrug\u00eb operative, sh\u00ebrbimet e Komisariatit t\u00eb Policis\u00eb Nr. 4 kap\u00ebn dhe ndaluan shtetasin n\u00eb k\u00ebrkim:<\/span><\/p>\n<p><span style=\"color: #000000;\">-K.Sh., 25 vje\u00e7, banues ne Tiran\u00eb, t\u00eb cilit Gjykata e Shkall\u00ebs s\u00eb Par\u00eb e Rrethit Gjyq\u00ebsor Tiran\u00eb, i ka caktuar mas\u00ebn e siguris\u00eb \u201cArrest n\u00eb burg\u201d, p\u00ebr veprat penale \u201cVrasja me dashje\u201d mbetur n\u00eb tentativ\u00eb, kryer n\u00eb bashk\u00ebpunim, \u201cProdhimi dhe shitja e narkotik\u00ebve\u201d, \u201cPrishja e qet\u00ebsis\u00eb publike\u201d dhe \u201cFalsifikimi i let\u00ebrnjoftimeve, i pasaportave ose i vizave\u201d.<\/span><\/p>\n<p><span style=\"color: #000000;\">Ky shtetas, m\u00eb dat\u00eb 12.06.2021, n\u00eb rrug\u00ebn \u201cKahreman Ylli\u201d, n\u00eb af\u00ebrsi t\u00eb nj\u00eb lokali, s\u00eb bashku me v\u00ebllain e tij, shtetasin K. Sh. (i arrestuar n\u00eb flagranc\u00eb), jan\u00eb konfliktuar me arm\u00eb zjarri me shtetasin V. P., 33 vje\u00e7 dhe 2 persona t\u00eb tjer\u00eb. Si pasoje e t\u00eb sht\u00ebnave ka mbetur i plagosur n\u00eb k\u00ebmb\u00eb shtetasi E. Gj.<\/span><\/p>\n<p><span style=\"color: #000000;\">Materialet kaluan n\u00eb Prokurorin\u00eb e Rrethit Gjyq\u00ebsor Tiran\u00eb, p\u00ebr veprime t\u00eb m\u00ebtejshme.<\/span><\/p>\n","protected":false,"gt_translate_keys":[{"key":"rendered","format":"html"}]},"excerpt":{"rendered":"<p>Pes\u00eb muaj pas nj\u00eb p\u00ebrplasjeje me arm\u00eb n\u00eb Tiran\u00eb, ku mbeti i plagosur nj\u00eb 34-vje\u00e7ar, \u00ebsht\u00eb arrestuar i dyshuari Ramadan Shanaj. Vet\u00ebm pak pas ngjarjes s\u00eb ndodhur m\u00eb 12 qershor 2021, policia kishte arrestuar n\u00eb flagranc\u00eb v\u00ebllan\u00eb e tij, Klajdi Shanaj. Dy v\u00ebllez\u00ebrit jan\u00eb p\u00ebrplasur me arm\u00eb zjarri n\u00eb af\u00ebrsi t\u00eb nj\u00eb lokali n\u00eb rrug\u00ebn [&hellip;]<\/p>\n","protected":false,"gt_translate_keys":[{"key":"rendered","format":"html"}]},"author":30,"featured_media":483961,"comment_status":"closed","ping_status":"closed","sticky":false,"template":"","format":"standard","meta":{"footnotes":""},"categories":[65,13],"tags":[],"class_list":["post-483960","post","type-post","status-publish","format-standard","has-post-thumbnail","hentry","category-lajme","category-te-fundit"],"gt_translate_keys":[{"key":"link","format":"url"}],"_links":{"self":[{"href":"https:\/\/www.hashtag.al\/index.php\/wp-json\/wp\/v2\/posts\/483960","targetHints":{"allow":["GET"]}}],"collection":[{"href":"https:\/\/www.hashtag.al\/index.php\/wp-json\/wp\/v2\/posts"}],"about":[{"href":"https:\/\/www.hashtag.al\/index.php\/wp-json\/wp\/v2\/types\/post"}],"author":[{"embeddable":true,"href":"https:\/\/www.hashtag.al\/index.php\/wp-json\/wp\/v2\/users\/30"}],"replies":[{"embeddable":true,"href":"https:\/\/www.hashtag.al\/index.php\/wp-json\/wp\/v2\/comments?post=483960"}],"version-history":[{"count":0,"href":"https:\/\/www.hashtag.al\/index.php\/wp-json\/wp\/v2\/posts\/483960\/revisions"}],"wp:featuredmedia":[{"embeddable":true,"href":"https:\/\/www.hashtag.al\/index.php\/wp-json\/wp\/v2\/media\/483961"}],"wp:attachment":[{"href":"https:\/\/www.hashtag.al\/index.php\/wp-json\/wp\/v2\/media?parent=483960"}],"wp:term":[{"taxonomy":"category","embeddable":true,"href":"https:\/\/www.hashtag.al\/index.php\/wp-json\/wp\/v2\/categories?post=483960"},{"taxonomy":"post_tag","embeddable":true,"href":"https:\/\/www.hashtag.al\/index.php\/wp-json\/wp\/v2\/tags?post=483960"}],"curies":[{"name":"wp","href":"https:\/\/api.w.org\/{rel}","templated":true}]}}