{"id":483717,"date":"2021-11-09T09:58:44","date_gmt":"2021-11-09T08:58:44","guid":{"rendered":"https:\/\/www.hashtag.al\/?p=483717"},"modified":"2021-11-09T09:58:44","modified_gmt":"2021-11-09T08:58:44","slug":"pacolli-njofton-perfundimin-e-banesave-te-financuara-prej-tij-ne-thumane-dorezohen-me-24-nentor","status":"publish","type":"post","link":"https:\/\/www.hashtag.al\/index.php\/2021\/11\/09\/pacolli-njofton-perfundimin-e-banesave-te-financuara-prej-tij-ne-thumane-dorezohen-me-24-nentor\/","title":{"rendered":"Pacolli njofton p\u00ebrfundimin e banesave t\u00eb financuara prej tij n\u00eb Thuman\u00eb: Dor\u00ebzohen m\u00eb 24 n\u00ebntor","gt_translate_keys":[{"key":"rendered","format":"text"}]},"content":{"rendered":"<p><span style=\"color: #000000;\"><img loading=\"lazy\" decoding=\"async\" class=\"aligncenter size-full wp-image-483718\" src=\"https:\/\/www.hashtag.al\/wp-content\/uploads\/2021\/11\/pacolli1.jpg2_.jpg\" alt=\"\" width=\"960\" height=\"720\" srcset=\"https:\/\/www.hashtag.al\/wp-content\/uploads\/2021\/11\/pacolli1.jpg2_.jpg 960w, https:\/\/www.hashtag.al\/wp-content\/uploads\/2021\/11\/pacolli1.jpg2_-300x225.jpg 300w, https:\/\/www.hashtag.al\/wp-content\/uploads\/2021\/11\/pacolli1.jpg2_-768x576.jpg 768w\" sizes=\"auto, (max-width: 960px) 100vw, 960px\" \/><\/span><\/p>\n<p><span style=\"color: #000000;\">Biznesmeni nga Kosova, Behgjet Pacolli, ka njoftuar se sht\u00ebpit\u00eb e financuara nga fondacioni i tij n\u00eb Thuman\u00eb jan\u00eb drejt fundit e do u dor\u00ebzohen familjeve n\u00eb dat\u00ebn 24 n\u00ebntor. <\/span><\/p>\n<p><span style=\"color: #000000;\">Ai shkruan n\u00eb Facebook se pallatet kan\u00eb p\u00ebrfunduar nd\u00ebrkoh\u00eb q\u00eb po b\u00ebhen rregullimet e fundit n\u00eb mjediset e jashtme.<\/span><\/p>\n<p><span style=\"color: #000000;\"><em>\u201cM\u00eb 24 t\u00eb k\u00ebtij muaji dor\u00ebzohen sht\u00ebpit\u00eb per familjet e prekura nga t\u00ebrmeti n\u00eb Thuman\u00eb.\u00a0 Jemi pran\u00eb fundit! Sht\u00ebpit\u00eb kan\u00eb p\u00ebrfunduar, tani po b\u00ebjm\u00eb rregullimin e jasht\u00ebm, sh\u00ebtitoret, trotuaret, hap\u00easirat e gjelb\u00ebrta dhe mbjelljen e drujve dekorativ etj. Financimi i projektit (mbi 1.250.000) \u00ebsht\u00eb realizuar nga Fondacioni \u201cBehgjet Pacolli\u201d.\u00a0 Gjej rastin t\u00eb fal\u00ebnderoj familjaret e mi, bashk\u00ebpun\u00ebtor\u00ebt, koperuesit dhe t\u00eb gjith\u00eb ata q\u00eb mor\u00ebn pjes\u00eb n\u00eb punimet p\u00ebr realizimin e k\u00ebsaj vepre t\u00eb r\u00ebnd\u00ebsishme humanitare.\u201d<\/em> &#8211; shkruan Pacolli.<\/span><\/p>\n<p><img loading=\"lazy\" decoding=\"async\" class=\"aligncenter size-full wp-image-483719\" src=\"https:\/\/www.hashtag.al\/wp-content\/uploads\/2021\/11\/pacolli1.jpg\" alt=\"\" width=\"960\" height=\"720\" srcset=\"https:\/\/www.hashtag.al\/wp-content\/uploads\/2021\/11\/pacolli1.jpg 960w, https:\/\/www.hashtag.al\/wp-content\/uploads\/2021\/11\/pacolli1-300x225.jpg 300w, https:\/\/www.hashtag.al\/wp-content\/uploads\/2021\/11\/pacolli1-768x576.jpg 768w\" sizes=\"auto, (max-width: 960px) 100vw, 960px\" \/><\/p>\n","protected":false,"gt_translate_keys":[{"key":"rendered","format":"html"}]},"excerpt":{"rendered":"<p>Biznesmeni nga Kosova, Behgjet Pacolli, ka njoftuar se sht\u00ebpit\u00eb e financuara nga fondacioni i tij n\u00eb Thuman\u00eb jan\u00eb drejt fundit e do u dor\u00ebzohen familjeve n\u00eb dat\u00ebn 24 n\u00ebntor. Ai shkruan n\u00eb Facebook se pallatet kan\u00eb p\u00ebrfunduar nd\u00ebrkoh\u00eb q\u00eb po b\u00ebhen rregullimet e fundit n\u00eb mjediset e jashtme. \u201cM\u00eb 24 t\u00eb k\u00ebtij muaji dor\u00ebzohen sht\u00ebpit\u00eb [&hellip;]<\/p>\n","protected":false,"gt_translate_keys":[{"key":"rendered","format":"html"}]},"author":51,"featured_media":483718,"comment_status":"closed","ping_status":"closed","sticky":false,"template":"","format":"standard","meta":{"footnotes":""},"categories":[65,13],"tags":[],"class_list":["post-483717","post","type-post","status-publish","format-standard","has-post-thumbnail","hentry","category-lajme","category-te-fundit"],"gt_translate_keys":[{"key":"link","format":"url"}],"_links":{"self":[{"href":"https:\/\/www.hashtag.al\/index.php\/wp-json\/wp\/v2\/posts\/483717","targetHints":{"allow":["GET"]}}],"collection":[{"href":"https:\/\/www.hashtag.al\/index.php\/wp-json\/wp\/v2\/posts"}],"about":[{"href":"https:\/\/www.hashtag.al\/index.php\/wp-json\/wp\/v2\/types\/post"}],"author":[{"embeddable":true,"href":"https:\/\/www.hashtag.al\/index.php\/wp-json\/wp\/v2\/users\/51"}],"replies":[{"embeddable":true,"href":"https:\/\/www.hashtag.al\/index.php\/wp-json\/wp\/v2\/comments?post=483717"}],"version-history":[{"count":0,"href":"https:\/\/www.hashtag.al\/index.php\/wp-json\/wp\/v2\/posts\/483717\/revisions"}],"wp:featuredmedia":[{"embeddable":true,"href":"https:\/\/www.hashtag.al\/index.php\/wp-json\/wp\/v2\/media\/483718"}],"wp:attachment":[{"href":"https:\/\/www.hashtag.al\/index.php\/wp-json\/wp\/v2\/media?parent=483717"}],"wp:term":[{"taxonomy":"category","embeddable":true,"href":"https:\/\/www.hashtag.al\/index.php\/wp-json\/wp\/v2\/categories?post=483717"},{"taxonomy":"post_tag","embeddable":true,"href":"https:\/\/www.hashtag.al\/index.php\/wp-json\/wp\/v2\/tags?post=483717"}],"curies":[{"name":"wp","href":"https:\/\/api.w.org\/{rel}","templated":true}]}}