{"id":483566,"date":"2021-11-08T16:00:25","date_gmt":"2021-11-08T15:00:25","guid":{"rendered":"https:\/\/www.hashtag.al\/?p=483566"},"modified":"2021-11-08T16:00:25","modified_gmt":"2021-11-08T15:00:25","slug":"axhenda-anti-familje-si-kercenim-per-te-gjithe","status":"publish","type":"post","link":"https:\/\/www.hashtag.al\/index.php\/2021\/11\/08\/axhenda-anti-familje-si-kercenim-per-te-gjithe\/","title":{"rendered":"Axhenda anti-familje si k\u00ebrc\u00ebnim p\u00ebr t\u00eb gjith\u00eb","gt_translate_keys":[{"key":"rendered","format":"text"}]},"content":{"rendered":"<p><span style=\"color: #000000;\"><strong><a href=\"https:\/\/www.hashtag.al\/wp-content\/uploads\/2019\/07\/tomorri-e1578260058165.jpg\"><img loading=\"lazy\" decoding=\"async\" class=\"wp-image-309272 size-medium alignleft\" src=\"https:\/\/www.hashtag.al\/wp-content\/uploads\/2019\/07\/tomorri-e1578260058165-300x224.jpg\" alt=\"\" width=\"300\" height=\"224\" srcset=\"https:\/\/www.hashtag.al\/wp-content\/uploads\/2019\/07\/tomorri-e1578260058165-300x224.jpg 300w, https:\/\/www.hashtag.al\/wp-content\/uploads\/2019\/07\/tomorri-e1578260058165-768x574.jpg 768w, https:\/\/www.hashtag.al\/wp-content\/uploads\/2019\/07\/tomorri-e1578260058165.jpg 960w\" sizes=\"auto, (max-width: 300px) 100vw, 300px\" \/><\/a>Nga Klodian Tomorri<\/strong><\/span><\/p>\n<p><span style=\"color: #000000;\">Sulmi frontal q\u00eb liberal\u00ebt e majt\u00eb dhe p\u00ebrfaq\u00ebsuesit e minoriteteve seksuale kan\u00eb nd\u00ebrmarr\u00eb ndaj institucionit t\u00eb familjes tradicionale shtron nj\u00eb pyetje thelb\u00ebsore: A mundet pakica t\u00eb diktoj\u00eb normat, q\u00eb rregullojn\u00eb bashk\u00ebjetes\u00ebn e shoq\u00ebris\u00eb njer\u00ebzore?<\/span><\/p>\n<p><span style=\"color: #000000;\">N\u00eb k\u00ebt\u00eb rast argumenti kryesor i p\u00ebrdorur \u00ebsht\u00eb ai se e drejta duhet t\u00eb prevaloj\u00eb edhe kur ajo nuk mb\u00ebshtetet nga shumica. P\u00ebrtej debatit n\u00ebse ndryshimet e k\u00ebrkuara n\u00eb Kodin e Familjes jan\u00eb apo jo t\u00eb drejta, kjo shtron nj\u00eb problem tjet\u00ebr po kaq t\u00eb madh. Kush \u00ebsht\u00eb autoriteti hyjnor q\u00eb p\u00ebrcakton se \u201cPrindi 1-Prindi 2\u201d \u00ebsht\u00eb e drejta, nd\u00ebrsa em\u00ebrtimet \u201cn\u00ebn\u00eb-bab\u00eb\u201d jan\u00eb e gabuara?<\/span><\/p>\n<p><span style=\"color: #000000;\">Supozojm\u00eb p\u00ebr nj\u00eb moment sikur pakica politike t\u2019i imponohej shumic\u00ebs me t\u00eb nj\u00ebjtin argument. Sakt\u00ebsisht mbi t\u00eb nj\u00ebjt\u00ebn baz\u00eb Selami Jenishehri mund t\u00eb pretendoj\u00eb se kryeministri i Shqip\u00ebris\u00eb duhet t\u00eb jet\u00eb Kujtim Gjuzi, pasi 1274 votat e koalicionit ABEOK p\u00ebrfaq\u00ebsojn\u00eb nj\u00eb gjykim m\u00eb t\u00eb drejt\u00eb se sa 1 milion\u00eb votat e shumic\u00ebs qeveris\u00ebse. Ups!<\/span><\/p>\n<p><span style=\"color: #000000;\">N\u00eb kursin e historis\u00eb bot\u00ebrore njihet vet\u00ebm nj\u00eb m\u00ebnyr\u00eb se si pakica i imponohet shumic\u00ebs kund\u00ebr vullnetit. Ajo \u00ebsht\u00eb dhuna. T\u00eb gjitha regjimet diktatoriale n\u00eb histori nuk kan\u00eb qen\u00eb asgj\u00eb tjet\u00ebr, p\u00ebrve\u00e7se imponimi i pakic\u00ebs ndaj shumic\u00ebs p\u00ebrmes dhun\u00ebs. Kur pakica dikton rregullat, demokracia vdes.<\/span><\/p>\n<p><span style=\"color: #000000;\">Por le t\u2019i kthemi s\u00ebrish debatit p\u00ebr ndryshimin e normave q\u00eb organizojn\u00eb bashk\u00ebjet\u00ebs\u00ebn e shoq\u00ebris\u00eb. A \u00ebsht\u00eb asgj\u00ebsimi ligjor i familjes tradicionale nj\u00eb e drejt\u00eb themelore e pakic\u00ebs q\u00eb nuk e gjen veten n\u00eb k\u00ebt\u00eb institucion?<\/span><\/p>\n<p><span style=\"color: #000000;\">Deklarata Universale e t\u00eb Drejtave t\u00eb Njeriut e klasifikon familjen si nj\u00eb nj\u00ebsi naturale dhe themelore p\u00ebr shoq\u00ebrin\u00eb, e cila g\u00ebzon mbrojtje nga shoq\u00ebria dhe shteti. Kjo deklarat\u00eb e njeh familjen si bashkimin midis nj\u00eb burri dhe nj\u00eb gruaje n\u00ebp\u00ebrmjet martes\u00ebs. Pra, tentativa p\u00ebr t\u00eb goditur familjen, jo vet\u00ebm q\u00eb nuk \u00ebsht\u00eb e drejt\u00eb themelore e atyre q\u00eb nuk e gjejn\u00eb vet\u00ebn n\u00eb t\u00eb, por praktikisht nj\u00eb sulm mbi t\u00eb drejtat themelore t\u00eb njeriut, shoq\u00ebrin\u00eb njer\u00ebzore dhe mir\u00ebq\u00ebnies s\u00eb p\u00ebrgjithshme.<\/span><\/p>\n<p><span style=\"color: #000000;\">N\u00eb fund t\u00eb shekullit 18, kur shkroi \u201cPasuria e Kombeve\u201d, Adam Smith doli n\u00eb p\u00ebrfundimin se mekanizmi magjik, q\u00eb shtyn p\u00ebrpara progresin e njer\u00ebzimit \u00ebsht\u00eb interesi individual. \u201cNuk \u00ebsht\u00eb nga dashamir\u00ebsia e buk\u00ebpjes\u00ebsit apo kasapit, q\u00eb ne kemi ushqim n\u00eb tryez\u00ebn ton\u00eb, por nga p\u00ebrmbushja e interesit t\u00eb tyre vetjak\u201d- u shnd\u00ebrrua n\u00eb mantr\u00ebn e doktrin\u00ebs ekonomike.<\/span><\/p>\n<p><span style=\"color: #000000;\">Por dy shekuj m\u00eb von\u00eb, Milton Friedman, nj\u00eb tjet\u00ebr mendje brilante e historis\u00eb njer\u00ebzore do ta korrigjonte k\u00ebt\u00eb koncept. P\u00ebrmes nj\u00eb serie leksionesh t\u00eb regjistruara n\u00eb vitin 1977-1978, Friedman provoi se incentiva q\u00eb nxit progresin e shoq\u00ebris\u00eb njer\u00ebzore nuk \u00ebsht\u00eb interesi vetjak, por institucioni i familjes.<\/span><\/p>\n<p><span style=\"color: #000000;\">Prind\u00ebrit punojn\u00eb dhe krijojn\u00eb vler\u00eb p\u00ebr shoq\u00ebrin\u00eb sepse duan t\u00eb sigurojn\u00eb mir\u00ebq\u00ebnien e f\u00ebmij\u00ebve t\u00eb tyre. An\u00ebtar\u00ebt e nj\u00eb familje krijojn\u00eb vler\u00eb ekonomike, jo vet\u00ebm p\u00ebr interesin vetjak, por p\u00ebr t\u00eb mb\u00ebshtetur t\u00eb af\u00ebrmit e tyre.<\/span><\/p>\n<p><span style=\"color: #000000;\">Koncepti i familjes si incentiva baz\u00eb e zhvillimit ekonomik tashm\u00eb \u00ebsht\u00eb pranuar gjer\u00ebsisht nga shkenca. Thuajse t\u00eb gjitha studimet shkencore n\u00eb k\u00ebt\u00eb fush\u00eb kan\u00eb konkluduar n\u00eb tre parime, t\u00eb pranuara tashm\u00eb edhe n\u00eb rezolutat e K\u00ebshillit t\u00eb t\u00eb Drejtave t\u00eb Njeriut:<\/span><\/p>\n<p><span style=\"color: #000000;\">1- Familja \u00ebsht\u00eb e mir\u00eb p\u00ebr f\u00ebmij\u00ebt. Asnj\u00eb struktur\u00eb apo institucion tjet\u00ebr nuk \u00ebsht\u00eb i aft\u00eb t\u00eb siguroj\u00eb t\u00eb nj\u00ebtat rezultate cil\u00ebsore p\u00ebr rritjen e f\u00ebmij\u00ebs se sa familja e p\u00ebrb\u00ebr\u00eb nga nj\u00eb burr\u00eb dhe nj\u00eb grua n\u00eb nj\u00eb lidhje t\u00eb q\u00ebndrueshme.<\/span><\/p>\n<p><span style=\"color: #000000;\">2- Familja \u00ebsht\u00eb e mir\u00eb p\u00ebr prind\u00ebrit. Lidhja n\u00eb martes\u00eb dhe formimi i nj\u00eb familje shoq\u00ebrohet me sh\u00ebndet m\u00eb t\u00eb mir\u00eb fizik dhe mendor, mir\u00ebq\u00ebnie emocionale, m\u00eb pak kriminalitet dhe jet\u00ebgjat\u00ebsi m\u00eb t\u00eb madhe.<\/span><\/p>\n<p><span style=\"color: #000000;\">3- Familja \u00ebsht\u00eb e mir\u00eb p\u00ebr shoq\u00ebrin\u00eb. Familja \u00ebsht\u00eb instrument thelb\u00ebsor n\u00eb luft\u00ebn kund\u00ebr varf\u00ebris\u00eb dhe krijimit t\u00eb mund\u00ebsive ekonomike.<\/span><\/p>\n<p><span style=\"color: #000000;\">Pra shkenca \u00ebsht\u00eb e qart\u00eb. \u00c7do tentativ\u00eb p\u00ebr t\u00eb goditur familjen \u00ebsht\u00eb nj\u00eb fakt sulm mbi themelet e bashk\u00ebjetes\u00ebs shoq\u00ebrore dhe mekanizmit t\u00eb mrekulluesh\u00ebm q\u00eb b\u00ebn t\u00eb mundur progresin ekonomik dhe mir\u00ebq\u00ebnien e njer\u00ebzimit.<\/span><\/p>\n","protected":false,"gt_translate_keys":[{"key":"rendered","format":"html"}]},"excerpt":{"rendered":"<p>Nga Klodian Tomorri Sulmi frontal q\u00eb liberal\u00ebt e majt\u00eb dhe p\u00ebrfaq\u00ebsuesit e minoriteteve seksuale kan\u00eb nd\u00ebrmarr\u00eb ndaj institucionit t\u00eb familjes tradicionale shtron nj\u00eb pyetje thelb\u00ebsore: A mundet pakica t\u00eb diktoj\u00eb normat, q\u00eb rregullojn\u00eb bashk\u00ebjetes\u00ebn e shoq\u00ebris\u00eb njer\u00ebzore? N\u00eb k\u00ebt\u00eb rast argumenti kryesor i p\u00ebrdorur \u00ebsht\u00eb ai se e drejta duhet t\u00eb prevaloj\u00eb edhe kur ajo [&hellip;]<\/p>\n","protected":false,"gt_translate_keys":[{"key":"rendered","format":"html"}]},"author":30,"featured_media":309272,"comment_status":"closed","ping_status":"closed","sticky":false,"template":"","format":"standard","meta":{"footnotes":""},"categories":[20],"tags":[],"class_list":["post-483566","post","type-post","status-publish","format-standard","has-post-thumbnail","hentry","category-blog"],"gt_translate_keys":[{"key":"link","format":"url"}],"_links":{"self":[{"href":"https:\/\/www.hashtag.al\/index.php\/wp-json\/wp\/v2\/posts\/483566","targetHints":{"allow":["GET"]}}],"collection":[{"href":"https:\/\/www.hashtag.al\/index.php\/wp-json\/wp\/v2\/posts"}],"about":[{"href":"https:\/\/www.hashtag.al\/index.php\/wp-json\/wp\/v2\/types\/post"}],"author":[{"embeddable":true,"href":"https:\/\/www.hashtag.al\/index.php\/wp-json\/wp\/v2\/users\/30"}],"replies":[{"embeddable":true,"href":"https:\/\/www.hashtag.al\/index.php\/wp-json\/wp\/v2\/comments?post=483566"}],"version-history":[{"count":0,"href":"https:\/\/www.hashtag.al\/index.php\/wp-json\/wp\/v2\/posts\/483566\/revisions"}],"wp:featuredmedia":[{"embeddable":true,"href":"https:\/\/www.hashtag.al\/index.php\/wp-json\/wp\/v2\/media\/309272"}],"wp:attachment":[{"href":"https:\/\/www.hashtag.al\/index.php\/wp-json\/wp\/v2\/media?parent=483566"}],"wp:term":[{"taxonomy":"category","embeddable":true,"href":"https:\/\/www.hashtag.al\/index.php\/wp-json\/wp\/v2\/categories?post=483566"},{"taxonomy":"post_tag","embeddable":true,"href":"https:\/\/www.hashtag.al\/index.php\/wp-json\/wp\/v2\/tags?post=483566"}],"curies":[{"name":"wp","href":"https:\/\/api.w.org\/{rel}","templated":true}]}}