{"id":483552,"date":"2021-11-08T15:23:53","date_gmt":"2021-11-08T14:23:53","guid":{"rendered":"https:\/\/www.hashtag.al\/?p=483552"},"modified":"2021-11-08T15:23:53","modified_gmt":"2021-11-08T14:23:53","slug":"meta-vlereson-me-dekoraten-nderi-i-kombit-gazetarin-dhe-publicistin-ferdinand-samarxhi","status":"publish","type":"post","link":"https:\/\/www.hashtag.al\/index.php\/2021\/11\/08\/meta-vlereson-me-dekoraten-nderi-i-kombit-gazetarin-dhe-publicistin-ferdinand-samarxhi\/","title":{"rendered":"Meta vler\u00ebson me Dekorat\u00ebn &#8216;Nderi i Kombit&#8217; gazetarin dhe publicistin Ferdinand Samarxhi","gt_translate_keys":[{"key":"rendered","format":"text"}]},"content":{"rendered":"<p><a href=\"https:\/\/www.hashtag.al\/wp-content\/uploads\/2021\/11\/1636379515_25a9606230514ed794fc3e544f13071a.jpg\"><img loading=\"lazy\" decoding=\"async\" class=\"aligncenter size-full wp-image-483553\" src=\"https:\/\/www.hashtag.al\/wp-content\/uploads\/2021\/11\/1636379515_25a9606230514ed794fc3e544f13071a.jpg\" alt=\"\" width=\"780\" height=\"440\" srcset=\"https:\/\/www.hashtag.al\/wp-content\/uploads\/2021\/11\/1636379515_25a9606230514ed794fc3e544f13071a.jpg 780w, https:\/\/www.hashtag.al\/wp-content\/uploads\/2021\/11\/1636379515_25a9606230514ed794fc3e544f13071a-300x169.jpg 300w, https:\/\/www.hashtag.al\/wp-content\/uploads\/2021\/11\/1636379515_25a9606230514ed794fc3e544f13071a-768x433.jpg 768w\" sizes=\"auto, (max-width: 780px) 100vw, 780px\" \/><\/a><\/p>\n<p><span style=\"color: #000000;\">Presidenti i vendit Ilir Meta, k\u00ebt\u00eb t\u00eb h\u00ebn\u00eb vler\u00ebsoi gazetarin dhe publicistin Ferdinand Samarxhi, me Dekorat\u00ebn e lart\u00eb \u201cNderi i Kombit\u201d.<\/span><\/p>\n<p><span style=\"color: #000000;\">Ky vler\u00ebsim ndaj gazetarit b\u00ebhet pas propozimit t\u00eb t\u00eb gjith\u00eb krer\u00ebve t\u00eb bashk\u00ebsive fetare n\u00eb Shqip\u00ebri, Kosov\u00eb dhe Maqedonin\u00eb e Veriut,<\/span><\/p>\n<p><span style=\"color: #000000;\">N\u00eb ceremonin\u00eb ku ishin t\u00eb pranish\u00ebm krer\u00ebt e t\u00eb gjitha bashk\u00ebsive fetare, akademik\u00eb, profesor\u00eb, gazetar\u00eb, sip\u00ebrmarr\u00ebs, bamir\u00ebs e shum\u00eb personalitete t\u00eb tjera, Meta iu drejtua Samarxhiut: \u201c<em>P\u00ebr pun\u00ebn gjysm\u00ebshekullore plot p\u00ebrkushtim t\u00eb rrall\u00eb, me dinjitet e integritet, p\u00ebr pasqyrimin e realiteteve t\u00eb koh\u00ebs, sfidave t\u00eb saj. Njeriut q\u00eb frym\u00ebzon besimin tek Zoti, tek harmonia, bashk\u00ebjetesa fetare, n\u00eb mbrojtje t\u00eb virtyteve njer\u00ebzore dhe n\u00eb sh\u00ebrbim t\u00eb atdheut dhe kombit.\u201d<\/em><\/span><\/p>\n<p><span style=\"color: #000000;\">Gjat\u00eb fjal\u00ebs s\u00eb tij, Meta tha se ishte vullneti, dashuria p\u00ebr njer\u00ebzit dhe talenti,\u00a0q\u00eb e b\u00ebn\u00eb publicistin q\u00eb t\u00eb hynte n\u00eb epok\u00ebn e re t\u00eb demokracis\u00eb, duke krijuar p\u00ebr her\u00eb t\u00eb par\u00eb n\u00eb vendin ton\u00eb kolan\u00ebn e gazetaris\u00eb televizive t\u00eb p\u00ebrkushtuar ndaj fes\u00eb dhe besimit, q\u00eb\u00a0kishte qen\u00eb rrept\u00ebsisht\u00eb e ndaluar gjat\u00eb diktatur\u00ebs.<\/span><\/p>\n<p><a href=\"https:\/\/www.hashtag.al\/wp-content\/uploads\/2021\/11\/1636379546_6ec18f20a3394552a571d47d86332fda.jpg\"><img loading=\"lazy\" decoding=\"async\" class=\"aligncenter size-full wp-image-483554\" src=\"https:\/\/www.hashtag.al\/wp-content\/uploads\/2021\/11\/1636379546_6ec18f20a3394552a571d47d86332fda.jpg\" alt=\"\" width=\"780\" height=\"440\" srcset=\"https:\/\/www.hashtag.al\/wp-content\/uploads\/2021\/11\/1636379546_6ec18f20a3394552a571d47d86332fda.jpg 780w, https:\/\/www.hashtag.al\/wp-content\/uploads\/2021\/11\/1636379546_6ec18f20a3394552a571d47d86332fda-300x169.jpg 300w, https:\/\/www.hashtag.al\/wp-content\/uploads\/2021\/11\/1636379546_6ec18f20a3394552a571d47d86332fda-768x433.jpg 768w\" sizes=\"auto, (max-width: 780px) 100vw, 780px\" \/><\/a><\/p>\n<p><span style=\"color: #000000;\"><strong>FJALIMI I MET\u00cbS<br \/>\n<\/strong><\/span><\/p>\n<p><span style=\"color: #000000;\">Do doja ta nisja me nj\u00eb fal\u00ebnderim p\u00ebr t\u00eb gjith\u00eb udh\u00ebheq\u00ebsit e komuniteteve fetare p\u00ebr propozimin e tyre prej koh\u00ebsh, p\u00ebr t\u00eb akorduar k\u00ebt\u00eb vler\u00ebsim t\u00eb lart\u00eb, p\u00ebr zotin Ferdinand Samarxhi. \u00c7do dit\u00eb e jet\u00ebs s\u00eb njeriut \u00ebsht\u00eb e \u00e7muar, por ajo b\u00ebhet e vyer kur i p\u00ebrkushtohesh shoq\u00ebris\u00eb, atdheut dhe kombit.<\/span><\/p>\n<p><span style=\"color: #000000;\">Ndaj edhe gjith\u00eb k\u00ebto vler\u00ebsime t\u00eb deritanishme t\u00eb b\u00ebra, jan\u00eb pik\u00ebrisht p\u00ebr t\u00eb vler\u00ebsuar shembullin q\u00eb \u00ebsht\u00eb zhvilluar m\u00eb shum\u00eb se gjysm\u00ebshekulli, n\u00eb sh\u00ebrbim ndaj shoq\u00ebris\u00eb, atdheut, kombit dhe n\u00eb ve\u00e7anti, ndaj zotit dhe njeriut.<\/span><\/p>\n<p><span style=\"color: #000000;\">K\u00ebt\u00eb preambul e gjejm\u00eb t\u00eb p\u00ebrputhur me jet\u00ebn dhe veprimtarin\u00eb publicistike t\u00eb zotit Ferdinand Samarxhi, k\u00ebtij intelektuali aktiv, q\u00eb me talent, frym\u00ebzim dhe mir\u00ebsi, ka spikatur n\u00eb fush\u00ebn e gazetaris\u00eb televizive. Ferdinand Samarxhiu lindi n\u00eb Elbasan n\u00eb nj\u00eb familja adhuruese t\u00eb arsimit dhe dijes, por dhe e shenjt\u00ebris\u00eb s\u00eb Zotit. Nuk ishin t\u00eb pakta rreziqet q\u00eb ai kaloi n\u00eb kushte t\u00eb ushtrimit t\u00eb profesionit, n\u00eb nj\u00eb sistem monopartiak.<\/span><\/p>\n<p><span style=\"color: #000000;\">Por ishte vullneti, dashuria p\u00ebr njer\u00ebzit dhe talenti,\u00a0q\u00eb e b\u00ebn\u00eb Ferdinandin t\u00eb hynte n\u00eb epok\u00ebn e re t\u00eb demokracis\u00eb, p\u00ebrmes nj\u00eb origjinaliteti t\u00eb jasht\u00ebzakonsh\u00ebm dhe t\u00eb spikatur,\u00a0duke krijuar p\u00ebr her\u00eb t\u00eb par\u00eb n\u00eb vendin ton\u00eb kolan\u00ebn e gazetaris\u00eb televizive t\u00eb p\u00ebrkushtuar ndaj fes\u00eb dhe besimit, q\u00eb\u00a0 kishte qen\u00eb rrept\u00ebsisht\u00eb e ndaluar.<\/span><\/p>\n<p><span style=\"color: #000000;\">N\u00eb k\u00ebt\u00eb drejtim Enver Hoxha nuk ishte stalinist, por ishte edhe m\u00eb \u201cstalinist\u201d se Stalini, duke ja kaluar n\u00eb k\u00ebt\u00eb drejtim, n\u00eb raport me besimet fetare.\u00a0 \u00a0<\/span><\/p>\n<p><span style=\"color: #000000;\">Ende pa r\u00ebn\u00eb perdja zyrtare e sistemit komunist, Ferdinand Samarxhiu bashk\u00eb me disa klerik\u00eb t\u00eb rrall\u00eb, ishin t\u00eb par\u00ebt q\u00eb i mor\u00ebn shqiptar\u00ebt n\u00eb rrug\u00ebn ku flitej p\u00ebr Zotin, dhe p\u00ebr t\u00eb gjitha besimet, me t\u00eb nj\u00ebjt\u00ebn dashuri dhe respekt.<\/span><\/p>\n<p><span style=\"color: #000000;\">Nuk ishte vet\u00ebm z\u00ebri i ve\u00e7ant\u00eb i Ferdinandit me klerik\u00ebt e dal\u00eb nga bota e ferrit komunist, por ishte bota e tij shpirt\u00ebrore, pathosi dhe dituria e k\u00ebtij gazetari t\u00eb ve\u00e7ant\u00eb p\u00ebr t\u00eb motivuar t\u00eb gjith\u00eb besimtar\u00ebt n\u00eb nj\u00eb shenjt\u00ebri po aq t\u00eb devotshme sa ajo e Zotit, n\u00eb shenjt\u00ebrin\u00eb e formul\u00ebs s\u00eb gjith\u00eb klerik\u00ebve shqiptar\u00eb t\u00eb cil\u00ebt jan\u00eb t\u00eb p\u00ebrshkuar nga formula \u201cP\u00ebr fe dhe atdhe\u201d.<\/span><\/p>\n<p><span style=\"color: #000000;\">N\u00eb fillimet e para t\u00eb pun\u00ebs dhe veprimtaris\u00eb intelektuale t\u00eb fuqishme t\u00eb zotit Samarxhi, spikat hapja p\u00ebr her\u00eb t\u00eb par\u00eb e dritares n\u00eb ekranin e \u201cTelevizionit Shtet\u00ebror Shqiptar\u201d prej nga ku kundrohej me adhurim liria dhe besimi.<\/span><\/p>\n<p><span style=\"color: #000000;\">Jan\u00eb t\u00eb lidhur me z\u00ebrin dhe kronikat e ve\u00e7anta t\u00eb zotit Ferdinand Samarxhi, ekspozimi, prezantimi, njohja me emrat e shquar tashm\u00eb t\u00eb k\u00ebsaj bote si Hafiz Sabri Ko\u00e7i, Kryepeshkopi Anastas, Dede Reshat Bardhi, Monsinjor Frano Ilia, Monsinjor Rrok Mirdita e deri tek Kardinali i ardh\u00ebm Dom Ernest Troshani.<\/span><\/p>\n<p><span style=\"color: #000000;\">\u00cbsht\u00eb i paharruesh\u00ebm portreti i At Zef Pllumbit, q\u00eb gjithashtu erdhi p\u00ebrmes k\u00ebtyre kronikave t\u00eb Ferdinand Samarxhiut, n\u00eb mozaikun e bot\u00ebs demokratike ku u shfaq p\u00ebrfundimisht me nj\u00eb aspekt jetik, origjinal por t\u00eb nevojsh\u00ebm m\u00eb shum\u00eb se vet\u00eb kapitalizmi q\u00eb kishte hyr\u00eb.<\/span><\/p>\n<p><span style=\"color: #000000;\">I palodhur, energjik dhe i p\u00ebrkushtuar, vet\u00ebm devocion dhe lumturi p\u00ebr njer\u00ebzit, g\u00ebzim dhe shpres\u00eb p\u00ebr ta, Ferdinandi skaliti p\u00ebrfundimisht portretin e tij dhe u b\u00eb padyshim nj\u00eb autoritet n\u00eb hierarkin\u00eb e vlerave intelektualo- shoq\u00ebrore t\u00eb dobis\u00eb komb\u00ebtare.<\/span><\/p>\n<p><span style=\"color: #000000;\">Z\u00ebri i ve\u00e7ant\u00eb n\u00eb k\u00ebto raste p\u00ebrcolli ide demokratike shum\u00eb interesante, shum\u00eb t\u00eb nevojshme n\u00eb kakofonin\u00eb e abuzuar t\u00eb liris\u00eb, sepse ai i thurte himn harmonis\u00eb fetare, toleranc\u00ebs, bashk\u00ebjetes\u00ebs, paqes, virtyteve dhe u b\u00eb k\u00ebshtu nj\u00eb z\u00eb mjaft i dashur p\u00ebr t\u00eb rritur besimin e njer\u00ebzve tek Zoti, tek atdheu, tek kombi.<\/span><\/p>\n<p><span style=\"color: #000000;\">Ai ka moderuar me dinjitet profesional ardhjen e Sekretarit t\u00eb P\u00ebrgjithsh\u00ebm t\u00eb Konferenc\u00ebs Islamike Abdyl El Gambi n\u00eb vitin 1991, ardhjen e Papa Gjon Palit t\u00eb II n\u00eb 25 prill 1993, ardhjen e patriarkut Vartholomeu i I n\u00eb 10 gusht 1997, ardhjen e Papa Fran\u00e7eskut n\u00eb 21 shtator 2014, ardhjen e Patriarkut t\u00eb Mosk\u00ebs dhe Gjith\u00eb Rusis\u00eb Kirillit n\u00eb 20 prill 2018, e shum\u00eb e shum\u00eb evente t\u00eb tjera.<\/span><\/p>\n<p><span style=\"color: #000000;\">I gjith\u00eb ky aktivitet p\u00ebrfshin\u00eb intervista, kronika e programe q\u00eb u p\u00ebrsh\u00ebndet\u00ebn nga k\u00ebta personalitete ve\u00e7an\u00ebrisht p\u00ebr pasqyrimin me dinjitet dhe integritet njer\u00ebzor.<\/span><\/p>\n<p><span style=\"color: #000000;\">Diaspora \u00ebsht\u00eb nj\u00eb dashuri dhe p\u00ebrkushtim i tij si gazetar, t\u00eb cil\u00ebn ai e ka ushqyer n\u00eb k\u00ebto 30 vjet me dashurin\u00eb p\u00ebr kombin, Zotin, besimin p\u00ebrkat\u00ebs, dhe mbi t\u00eb gjitha p\u00ebr atdheun.<\/span><\/p>\n<p><span style=\"color: #000000;\">Ai \u00ebsht\u00eb vler\u00ebsuar nga shum\u00eb institucione komb\u00ebtare e nd\u00ebrkomb\u00ebtare me tituj e \u00e7mime, nga Papa Fran\u00e7esku n\u00eb vitin 2015, \u00ebsht\u00eb cil\u00ebsuar si ambasador i paqes dhe mbi t\u00eb gjitha n\u00eb k\u00ebt\u00eb udh\u00ebtim t\u00eb gjat\u00eb t\u00eb jet\u00ebs s\u00eb tij gjysm\u00ebshekullor si gazetar, ai \u00ebsht\u00eb i njohur prej t\u00eb gjith\u00eb shqiptar\u00ebve, jo vet\u00ebm n\u00eb Shqip\u00ebri por edhe n\u00eb Kosov\u00eb, Maqedonin\u00eb e Veriut e Malin e Zi, t\u00eb cil\u00ebve iu \u00ebsht\u00eb gjendur si gazetar p\u00ebr t\u00eb gjitha problemet sociale, fetare, shoq\u00ebrore dhe komb\u00ebtare.<\/span><\/p>\n<p><span style=\"color: #000000;\">Ndaj edhe n\u00eb vler\u00ebsim t\u00eb gjith\u00eb k\u00ebtij aktiviteti jet\u00ebsor dhe profesional kam sot k\u00ebnaq\u00ebsin\u00eb q\u00eb t\u00eb vler\u00ebsoj me propozimin e t\u00eb gjith\u00eb drejtuesve t\u00eb besimeve tona fetare, zotin Ferdinand Samarxhi me Dekorat\u00ebn e lart\u00eb \u201cNderi i Kombit\u201d, duke i uruar suksese n\u00eb t\u00eb ardhmen. \u00a0<\/span><\/p>\n","protected":false,"gt_translate_keys":[{"key":"rendered","format":"html"}]},"excerpt":{"rendered":"<p>Presidenti i vendit Ilir Meta, k\u00ebt\u00eb t\u00eb h\u00ebn\u00eb vler\u00ebsoi gazetarin dhe publicistin Ferdinand Samarxhi, me Dekorat\u00ebn e lart\u00eb \u201cNderi i Kombit\u201d. Ky vler\u00ebsim ndaj gazetarit b\u00ebhet pas propozimit t\u00eb t\u00eb gjith\u00eb krer\u00ebve t\u00eb bashk\u00ebsive fetare n\u00eb Shqip\u00ebri, Kosov\u00eb dhe Maqedonin\u00eb e Veriut, N\u00eb ceremonin\u00eb ku ishin t\u00eb pranish\u00ebm krer\u00ebt e t\u00eb gjitha bashk\u00ebsive fetare, akademik\u00eb, [&hellip;]<\/p>\n","protected":false,"gt_translate_keys":[{"key":"rendered","format":"html"}]},"author":30,"featured_media":483553,"comment_status":"closed","ping_status":"closed","sticky":false,"template":"","format":"standard","meta":{"footnotes":""},"categories":[65,13],"tags":[],"class_list":["post-483552","post","type-post","status-publish","format-standard","has-post-thumbnail","hentry","category-lajme","category-te-fundit"],"gt_translate_keys":[{"key":"link","format":"url"}],"_links":{"self":[{"href":"https:\/\/www.hashtag.al\/index.php\/wp-json\/wp\/v2\/posts\/483552","targetHints":{"allow":["GET"]}}],"collection":[{"href":"https:\/\/www.hashtag.al\/index.php\/wp-json\/wp\/v2\/posts"}],"about":[{"href":"https:\/\/www.hashtag.al\/index.php\/wp-json\/wp\/v2\/types\/post"}],"author":[{"embeddable":true,"href":"https:\/\/www.hashtag.al\/index.php\/wp-json\/wp\/v2\/users\/30"}],"replies":[{"embeddable":true,"href":"https:\/\/www.hashtag.al\/index.php\/wp-json\/wp\/v2\/comments?post=483552"}],"version-history":[{"count":0,"href":"https:\/\/www.hashtag.al\/index.php\/wp-json\/wp\/v2\/posts\/483552\/revisions"}],"wp:featuredmedia":[{"embeddable":true,"href":"https:\/\/www.hashtag.al\/index.php\/wp-json\/wp\/v2\/media\/483553"}],"wp:attachment":[{"href":"https:\/\/www.hashtag.al\/index.php\/wp-json\/wp\/v2\/media?parent=483552"}],"wp:term":[{"taxonomy":"category","embeddable":true,"href":"https:\/\/www.hashtag.al\/index.php\/wp-json\/wp\/v2\/categories?post=483552"},{"taxonomy":"post_tag","embeddable":true,"href":"https:\/\/www.hashtag.al\/index.php\/wp-json\/wp\/v2\/tags?post=483552"}],"curies":[{"name":"wp","href":"https:\/\/api.w.org\/{rel}","templated":true}]}}