{"id":483287,"date":"2021-11-06T22:51:30","date_gmt":"2021-11-06T21:51:30","guid":{"rendered":"https:\/\/www.hashtag.al\/?p=483287"},"modified":"2021-11-06T22:51:30","modified_gmt":"2021-11-06T21:51:30","slug":"kryemadhi-nga-berati-misioni-madhor-per-mbrojtjen-e-interesave-te-qytetareve-vazhdon-pa-u-ndalur","status":"publish","type":"post","link":"https:\/\/www.hashtag.al\/index.php\/2021\/11\/06\/kryemadhi-nga-berati-misioni-madhor-per-mbrojtjen-e-interesave-te-qytetareve-vazhdon-pa-u-ndalur\/","title":{"rendered":"Kryemadhi nga Berati: Misioni madhor p\u00ebr mbrojtjen e interesave t\u00eb qytetar\u00ebve vazhdon pa u ndalur","gt_translate_keys":[{"key":"rendered","format":"text"}]},"content":{"rendered":"<p><span style=\"color: #000000;\"><img loading=\"lazy\" decoding=\"async\" class=\"aligncenter size-full wp-image-483288\" src=\"https:\/\/www.hashtag.al\/wp-content\/uploads\/2021\/11\/monikakryemadhi.jpg\" alt=\"\" width=\"960\" height=\"720\" srcset=\"https:\/\/www.hashtag.al\/wp-content\/uploads\/2021\/11\/monikakryemadhi.jpg 960w, https:\/\/www.hashtag.al\/wp-content\/uploads\/2021\/11\/monikakryemadhi-300x225.jpg 300w, https:\/\/www.hashtag.al\/wp-content\/uploads\/2021\/11\/monikakryemadhi-768x576.jpg 768w\" sizes=\"auto, (max-width: 960px) 100vw, 960px\" \/><\/span><\/p>\n<p><span style=\"color: #000000;\">Kryetarja e LSI-s\u00eb, Kryemadhi, ka zhvilluar nj\u00eb takim me strukturat e partis\u00eb n\u00eb Berat. <\/span><\/p>\n<p><span style=\"color: #000000;\">Ajo ka postuar nj\u00eb foto nga takimi nd\u00ebrsa shkruan se qytetar\u00ebt i kan\u00eb besuar LSI-s\u00eb m\u00eb 25 prill q\u00eb t\u00eb p\u00ebrfaq\u00ebsoj\u00eb e mbroj\u00eb interesat e tyre. <\/span><\/p>\n<p><span style=\"color: #000000;\">Kryemadhi shton se p\u00ebrkushtimi p\u00ebr k\u00ebt\u00eb mision vijon pa u ndalur.<\/span><\/p>\n<p><span style=\"color: #000000;\"><em>\u201cNj\u00eb moment nga takimi i pun\u00ebs me ekipin e LSI Berat. P\u00ebrmes vot\u00ebs n\u00eb 25 Prill, qytetar\u00ebt na kan\u00eb besuar p\u00ebrfaq\u00ebsimin dhe mbrojtjen e interesave t\u00eb tyre, ndaj p\u00ebrkushtimi p\u00ebr realizimin e k\u00ebtij misionit madhor vazhdon pa u ndalur.\u201d<\/em> &#8211; shkruan Kryemadhi.<\/span><\/p>\n","protected":false,"gt_translate_keys":[{"key":"rendered","format":"html"}]},"excerpt":{"rendered":"<p>Kryetarja e LSI-s\u00eb, Kryemadhi, ka zhvilluar nj\u00eb takim me strukturat e partis\u00eb n\u00eb Berat. Ajo ka postuar nj\u00eb foto nga takimi nd\u00ebrsa shkruan se qytetar\u00ebt i kan\u00eb besuar LSI-s\u00eb m\u00eb 25 prill q\u00eb t\u00eb p\u00ebrfaq\u00ebsoj\u00eb e mbroj\u00eb interesat e tyre. Kryemadhi shton se p\u00ebrkushtimi p\u00ebr k\u00ebt\u00eb mision vijon pa u ndalur. \u201cNj\u00eb moment nga takimi [&hellip;]<\/p>\n","protected":false,"gt_translate_keys":[{"key":"rendered","format":"html"}]},"author":51,"featured_media":483288,"comment_status":"closed","ping_status":"closed","sticky":false,"template":"","format":"standard","meta":{"footnotes":""},"categories":[65,13],"tags":[],"class_list":["post-483287","post","type-post","status-publish","format-standard","has-post-thumbnail","hentry","category-lajme","category-te-fundit"],"gt_translate_keys":[{"key":"link","format":"url"}],"_links":{"self":[{"href":"https:\/\/www.hashtag.al\/index.php\/wp-json\/wp\/v2\/posts\/483287","targetHints":{"allow":["GET"]}}],"collection":[{"href":"https:\/\/www.hashtag.al\/index.php\/wp-json\/wp\/v2\/posts"}],"about":[{"href":"https:\/\/www.hashtag.al\/index.php\/wp-json\/wp\/v2\/types\/post"}],"author":[{"embeddable":true,"href":"https:\/\/www.hashtag.al\/index.php\/wp-json\/wp\/v2\/users\/51"}],"replies":[{"embeddable":true,"href":"https:\/\/www.hashtag.al\/index.php\/wp-json\/wp\/v2\/comments?post=483287"}],"version-history":[{"count":0,"href":"https:\/\/www.hashtag.al\/index.php\/wp-json\/wp\/v2\/posts\/483287\/revisions"}],"wp:featuredmedia":[{"embeddable":true,"href":"https:\/\/www.hashtag.al\/index.php\/wp-json\/wp\/v2\/media\/483288"}],"wp:attachment":[{"href":"https:\/\/www.hashtag.al\/index.php\/wp-json\/wp\/v2\/media?parent=483287"}],"wp:term":[{"taxonomy":"category","embeddable":true,"href":"https:\/\/www.hashtag.al\/index.php\/wp-json\/wp\/v2\/categories?post=483287"},{"taxonomy":"post_tag","embeddable":true,"href":"https:\/\/www.hashtag.al\/index.php\/wp-json\/wp\/v2\/tags?post=483287"}],"curies":[{"name":"wp","href":"https:\/\/api.w.org\/{rel}","templated":true}]}}