{"id":483218,"date":"2021-11-06T19:12:10","date_gmt":"2021-11-06T18:12:10","guid":{"rendered":"https:\/\/www.hashtag.al\/?p=483218"},"modified":"2021-11-06T19:12:10","modified_gmt":"2021-11-06T18:12:10","slug":"kellici-i-pergjigjet-bashes-zgjedhjet-ne-frpd-u-shtyne-nga-termeti-pandemia-e-zgjedhjet-e-25-prillit-do-behen-pasi-pd-te-zgjidhe-problemet-e-brendshme","status":"publish","type":"post","link":"https:\/\/www.hashtag.al\/index.php\/2021\/11\/06\/kellici-i-pergjigjet-bashes-zgjedhjet-ne-frpd-u-shtyne-nga-termeti-pandemia-e-zgjedhjet-e-25-prillit-do-behen-pasi-pd-te-zgjidhe-problemet-e-brendshme\/","title":{"rendered":"K\u00eblli\u00e7i i p\u00ebrgjigjet Bash\u00ebs: Zgjedhjet n\u00eb FRPD u shtyn\u00eb nga t\u00ebrmeti, pandemia e zgjedhjet e 25 prillit, do b\u00ebhen pasi PD t\u00eb zgjidh\u00eb problemet e brendshme","gt_translate_keys":[{"key":"rendered","format":"text"}]},"content":{"rendered":"<p><span style=\"color: #000000;\"><img loading=\"lazy\" decoding=\"async\" class=\"aligncenter size-full wp-image-483220\" src=\"https:\/\/www.hashtag.al\/wp-content\/uploads\/2021\/11\/kellicibasha.jpg\" alt=\"\" width=\"1024\" height=\"595\" srcset=\"https:\/\/www.hashtag.al\/wp-content\/uploads\/2021\/11\/kellicibasha.jpg 1024w, https:\/\/www.hashtag.al\/wp-content\/uploads\/2021\/11\/kellicibasha-300x174.jpg 300w, https:\/\/www.hashtag.al\/wp-content\/uploads\/2021\/11\/kellicibasha-768x446.jpg 768w, https:\/\/www.hashtag.al\/wp-content\/uploads\/2021\/11\/kellicibasha-250x145.jpg 250w\" sizes=\"auto, (max-width: 1024px) 100vw, 1024px\" \/><\/span><\/p>\n<p><span style=\"color: #000000;\">Deputeti i PD-s\u00eb, Belind K\u00eblli\u00e7i, ka p\u00ebrs\u00ebritur sot se FRPD e LDG jan\u00eb organizata partnere t\u00eb PD-s\u00eb q\u00eb veprojn\u00eb sipas statutit t\u00eb tyre e riorganizohen n\u00ebp\u00ebrmjet vot\u00ebs s\u00eb lir\u00eb e jo prej vullnetit personal t\u00eb kreut t\u00eb partis\u00eb. <\/span><\/p>\n<p><span style=\"color: #000000;\">Ai shton se ndryshe nga sa pretenduar kryedemokrati Basha, ka qen\u00eb pik\u00ebrisht ky i fundit q\u00eb ka sugjeruar shtyrjen e procesit zgjedhor p\u00ebr shkak t\u00eb t\u00ebrmetit e aksionit t\u00eb FRPD-s\u00eb n\u00eb ndihm\u00eb t\u00eb qytetar\u00ebve. <\/span><\/p>\n<p><span style=\"color: #000000;\">K\u00eblli\u00e7i b\u00ebn me tej me dije se me nisjen e fushat\u00ebs elektorale p\u00ebr zgjedhjet e 25 prillit, Basha i ka k\u00ebrkuar FRPD-s\u00eb t\u2019i p\u00ebrqendronte t\u00eb gjitha energjit\u00eb n\u00eb fushat\u00eb. <\/span><\/p>\n<p><span style=\"color: #000000;\">Ai e mbyll postimin n\u00eb Facebook duke b\u00ebr\u00eb me dije se FRPD-ja \u00ebsht\u00eb e hapur p\u00ebr t\u2019u riorganizuar sapo PD t\u00eb zgjidh\u00eb problemet e veta me mendimin ndryshe n\u00eb parti.<\/span><\/p>\n<p><span style=\"color: #000000;\"><em>\u201cFRPD dhe LDG jan\u00eb organizata partnere t\u00eb PD-s\u00eb. Secila vepron me statutin e saj dhe riorganizohet n\u00ebp\u00ebrmjet vot\u00ebs s\u00eb lir\u00eb, e jo prej vullnetit personal t\u00eb kryetarit t\u00eb partis\u00eb.Ndihem i keqardhur q\u00eb kryetari Basha e trajtoi munges\u00ebn e zgjedhjeve n\u00eb FRPD si nj\u00eb letargji t\u00eb q\u00ebllimt\u00eb nga ana jon\u00eb. D\u00ebshiroj t\u00eb sqaroj an\u00ebtar\u00ebsin\u00eb e FRPD dhe t\u00eb PD, si dhe t\u00eb gjith\u00eb demokrat\u00ebt brenda dhe jasht\u00eb vendit, se ka qen\u00eb kryetari Basha q\u00eb ka sugjeruar shtyrjen e procesit t\u00eb zgjedhjeve p\u00ebr shkak t\u00eb t\u00ebrmetit shkat\u00ebrrues t\u00eb N\u00ebntorit 2019 dhe aksionit ton\u00eb n\u00eb terren p\u00ebr t\u2019iu gjendur af\u00ebr qytetar\u00ebve. Gjithashtu, prej karantin\u00ebs dhe masave shtr\u00ebnguese anti-Covid19 q\u00eb paralizuan l\u00ebvizjen e lir\u00eb dhe veprimtarit\u00eb ekonomike, sociale e m\u00eb gjer\u00eb. Me nisjen e vitit elektoral 2021, na u k\u00ebrkua prej tij t\u00eb p\u00ebrq\u00ebndronim t\u00eb gjith\u00eb energjit\u00eb tona n\u00eb fushat\u00ebn zgjedhore p\u00ebr zgjedhjet e 25 prillit, ku i t\u00ebr\u00eb forumi rinor u angazhua n\u00eb \u00e7do qytet, lagje, rrugic\u00eb e fshat, p\u00ebr t\u00eb fituar zgjedhjet dhe p\u00ebr t\u00eb b\u00ebr\u00eb Kryeminist\u00ebr Lulzim Bash\u00ebn. Jemi t\u00eb hapur p\u00ebr riorganizimin e brendsh\u00ebm t\u00eb FRPD, menj\u00ebher\u00eb sapo PD t\u00eb zgjidh\u00eb problemet e veta me mendimin ndryshe n\u00eb parti. Gj\u00ebja e fundit q\u00eb i sh\u00ebrben PD n\u00eb k\u00ebto momente \u00ebsht\u00eb nj\u00eb p\u00ebr\u00e7arje e rradh\u00ebs mes t\u00eb rinjve apo zonjave demokrate.\u201d<\/em> &#8211; shkruan K\u00eblli\u00e7i.<\/span><\/p>\n<p><span style=\"color: #000000;\"><img loading=\"lazy\" decoding=\"async\" class=\"aligncenter size-full wp-image-483219\" src=\"https:\/\/www.hashtag.al\/wp-content\/uploads\/2021\/11\/belindkellici.jpg\" alt=\"\" width=\"900\" height=\"900\" srcset=\"https:\/\/www.hashtag.al\/wp-content\/uploads\/2021\/11\/belindkellici.jpg 900w, https:\/\/www.hashtag.al\/wp-content\/uploads\/2021\/11\/belindkellici-150x150.jpg 150w, https:\/\/www.hashtag.al\/wp-content\/uploads\/2021\/11\/belindkellici-300x300.jpg 300w, https:\/\/www.hashtag.al\/wp-content\/uploads\/2021\/11\/belindkellici-768x768.jpg 768w, https:\/\/www.hashtag.al\/wp-content\/uploads\/2021\/11\/belindkellici-600x600.jpg 600w, https:\/\/www.hashtag.al\/wp-content\/uploads\/2021\/11\/belindkellici-180x180.jpg 180w, https:\/\/www.hashtag.al\/wp-content\/uploads\/2021\/11\/belindkellici-80x80.jpg 80w\" sizes=\"auto, (max-width: 900px) 100vw, 900px\" \/><\/span><\/p>\n","protected":false,"gt_translate_keys":[{"key":"rendered","format":"html"}]},"excerpt":{"rendered":"<p>Deputeti i PD-s\u00eb, Belind K\u00eblli\u00e7i, ka p\u00ebrs\u00ebritur sot se FRPD e LDG jan\u00eb organizata partnere t\u00eb PD-s\u00eb q\u00eb veprojn\u00eb sipas statutit t\u00eb tyre e riorganizohen n\u00ebp\u00ebrmjet vot\u00ebs s\u00eb lir\u00eb e jo prej vullnetit personal t\u00eb kreut t\u00eb partis\u00eb. Ai shton se ndryshe nga sa pretenduar kryedemokrati Basha, ka qen\u00eb pik\u00ebrisht ky i fundit q\u00eb ka [&hellip;]<\/p>\n","protected":false,"gt_translate_keys":[{"key":"rendered","format":"html"}]},"author":51,"featured_media":483220,"comment_status":"closed","ping_status":"closed","sticky":false,"template":"","format":"standard","meta":{"footnotes":""},"categories":[65,13],"tags":[],"class_list":["post-483218","post","type-post","status-publish","format-standard","has-post-thumbnail","hentry","category-lajme","category-te-fundit"],"gt_translate_keys":[{"key":"link","format":"url"}],"_links":{"self":[{"href":"https:\/\/www.hashtag.al\/index.php\/wp-json\/wp\/v2\/posts\/483218","targetHints":{"allow":["GET"]}}],"collection":[{"href":"https:\/\/www.hashtag.al\/index.php\/wp-json\/wp\/v2\/posts"}],"about":[{"href":"https:\/\/www.hashtag.al\/index.php\/wp-json\/wp\/v2\/types\/post"}],"author":[{"embeddable":true,"href":"https:\/\/www.hashtag.al\/index.php\/wp-json\/wp\/v2\/users\/51"}],"replies":[{"embeddable":true,"href":"https:\/\/www.hashtag.al\/index.php\/wp-json\/wp\/v2\/comments?post=483218"}],"version-history":[{"count":0,"href":"https:\/\/www.hashtag.al\/index.php\/wp-json\/wp\/v2\/posts\/483218\/revisions"}],"wp:featuredmedia":[{"embeddable":true,"href":"https:\/\/www.hashtag.al\/index.php\/wp-json\/wp\/v2\/media\/483220"}],"wp:attachment":[{"href":"https:\/\/www.hashtag.al\/index.php\/wp-json\/wp\/v2\/media?parent=483218"}],"wp:term":[{"taxonomy":"category","embeddable":true,"href":"https:\/\/www.hashtag.al\/index.php\/wp-json\/wp\/v2\/categories?post=483218"},{"taxonomy":"post_tag","embeddable":true,"href":"https:\/\/www.hashtag.al\/index.php\/wp-json\/wp\/v2\/tags?post=483218"}],"curies":[{"name":"wp","href":"https:\/\/api.w.org\/{rel}","templated":true}]}}