{"id":483060,"date":"2021-11-06T10:25:58","date_gmt":"2021-11-06T09:25:58","guid":{"rendered":"https:\/\/www.hashtag.al\/?p=483060"},"modified":"2021-11-06T10:25:58","modified_gmt":"2021-11-06T09:25:58","slug":"rama-paralajmeron-qytetaret-vaksinohuni-ndryshe-nuk-do-te-lejoheni-ne-ambiente-publike","status":"publish","type":"post","link":"https:\/\/www.hashtag.al\/index.php\/2021\/11\/06\/rama-paralajmeron-qytetaret-vaksinohuni-ndryshe-nuk-do-te-lejoheni-ne-ambiente-publike\/","title":{"rendered":"Rama paralajm\u00ebron qytetar\u00ebt: Vaksinohuni, ndryshe nuk do t\u00eb lejoheni n\u00eb ambiente publike","gt_translate_keys":[{"key":"rendered","format":"text"}]},"content":{"rendered":"<p><span style=\"color: #000000;\"><a href=\"https:\/\/www.hashtag.al\/wp-content\/uploads\/2021\/11\/edi-rama.jpg\"><img loading=\"lazy\" decoding=\"async\" class=\"aligncenter size-full wp-image-482751\" src=\"https:\/\/www.hashtag.al\/wp-content\/uploads\/2021\/11\/edi-rama.jpg\" alt=\"\" width=\"780\" height=\"440\" srcset=\"https:\/\/www.hashtag.al\/wp-content\/uploads\/2021\/11\/edi-rama.jpg 780w, https:\/\/www.hashtag.al\/wp-content\/uploads\/2021\/11\/edi-rama-300x169.jpg 300w, https:\/\/www.hashtag.al\/wp-content\/uploads\/2021\/11\/edi-rama-768x433.jpg 768w\" sizes=\"auto, (max-width: 780px) 100vw, 780px\" \/><\/a><\/span><\/p>\n<p><span style=\"color: #000000;\">Kryeministri Edi Rama ka p\u00ebrs\u00ebritur k\u00ebt\u00eb m\u00ebngjes paralajm\u00ebrimin se se qytetar\u00ebt e pavaksinuar nuk do t\u00eb lejohen t\u00eb futen n\u00eb ambientet e brendshme publike pa \u201cGreen Pass\u201d, ose kart\u00ebn e vaksinimit.<\/span><\/p>\n<p><span style=\"color: #000000;\">P\u00ebrmes nj\u00eb postimi n\u00eb \u201cFacebook\u201d, Rama iu b\u00ebn thirrje qytetar\u00ebve q\u00eb t\u00eb marrin vaksin\u00ebn kund\u00ebr Covid-19, pasi sipas tij situata epidemolgjike n\u00eb dim\u00ebr mund t\u00eb imponoj\u00eb vendosjen e k\u00ebsaj mase.<\/span><\/p>\n<p><span style=\"color: #000000;\"><em>\u201cMirm\u00ebngjes dhe me ftes\u00ebn p\u00ebr t\u00eb pavaksinuarit q\u00eb t\u00eb vaksinohen nj\u00eb or\u00eb e m\u00eb par\u00eb, p\u00ebr t\u00eb mbrojtur veten e p\u00ebr t\u00eb mos u ndodhur jasht\u00eb mund\u00ebsis\u00eb s\u00eb aksesit n\u00eb mjedise publike, n\u00ebqoft\u00ebse situata e dimrit do ta imponoj\u00eb, ju uroj nj\u00eb fundjav\u00eb t\u00eb mbar\u00eb.&#8221;-<\/em> shkruan Rama.<\/span><\/p>\n<p><iframe loading=\"lazy\" style=\"border: none; overflow: hidden;\" src=\"https:\/\/www.facebook.com\/plugins\/video.php?height=317&amp;href=https%3A%2F%2Fwww.facebook.com%2Fediramaal%2Fvideos%2F285981236737326%2F&amp;show_text=false&amp;width=560&amp;t=0\" width=\"560\" height=\"317\" frameborder=\"0\" scrolling=\"no\" allowfullscreen=\"allowfullscreen\"><\/iframe><\/p>\n<p><span style=\"color: #000000;\">Kujtojm\u00eb se ministrja e Sh\u00ebndet\u00ebsis\u00eb Ogerta Manastirliu, paralam\u00ebroi p\u00ebrmes nj\u00eb fjalimi n\u00eb Kuvend n\u00eb seanc\u00ebn plenare t\u00eb s\u00eb enjtes se ashtu si n\u00eb vendet e Evrop\u00ebs edhe n\u00eb vendin ton\u00eb do t\u00eb vendoset rregulli p\u00ebr pajisjen me nj\u00eb certifikat\u00eb vaksinimi, p\u00ebr t\u2019u futur n\u00eb lokale, restorante apo p\u00ebr t\u00eb marr\u00eb sh\u00ebrbime t\u00eb tjera.<\/span><\/p>\n","protected":false,"gt_translate_keys":[{"key":"rendered","format":"html"}]},"excerpt":{"rendered":"<p>Kryeministri Edi Rama ka p\u00ebrs\u00ebritur k\u00ebt\u00eb m\u00ebngjes paralajm\u00ebrimin se se qytetar\u00ebt e pavaksinuar nuk do t\u00eb lejohen t\u00eb futen n\u00eb ambientet e brendshme publike pa \u201cGreen Pass\u201d, ose kart\u00ebn e vaksinimit. P\u00ebrmes nj\u00eb postimi n\u00eb \u201cFacebook\u201d, Rama iu b\u00ebn thirrje qytetar\u00ebve q\u00eb t\u00eb marrin vaksin\u00ebn kund\u00ebr Covid-19, pasi sipas tij situata epidemolgjike n\u00eb dim\u00ebr mund [&hellip;]<\/p>\n","protected":false,"gt_translate_keys":[{"key":"rendered","format":"html"}]},"author":30,"featured_media":482751,"comment_status":"closed","ping_status":"closed","sticky":false,"template":"","format":"standard","meta":{"footnotes":""},"categories":[65,13],"tags":[],"class_list":["post-483060","post","type-post","status-publish","format-standard","has-post-thumbnail","hentry","category-lajme","category-te-fundit"],"gt_translate_keys":[{"key":"link","format":"url"}],"_links":{"self":[{"href":"https:\/\/www.hashtag.al\/index.php\/wp-json\/wp\/v2\/posts\/483060","targetHints":{"allow":["GET"]}}],"collection":[{"href":"https:\/\/www.hashtag.al\/index.php\/wp-json\/wp\/v2\/posts"}],"about":[{"href":"https:\/\/www.hashtag.al\/index.php\/wp-json\/wp\/v2\/types\/post"}],"author":[{"embeddable":true,"href":"https:\/\/www.hashtag.al\/index.php\/wp-json\/wp\/v2\/users\/30"}],"replies":[{"embeddable":true,"href":"https:\/\/www.hashtag.al\/index.php\/wp-json\/wp\/v2\/comments?post=483060"}],"version-history":[{"count":0,"href":"https:\/\/www.hashtag.al\/index.php\/wp-json\/wp\/v2\/posts\/483060\/revisions"}],"wp:featuredmedia":[{"embeddable":true,"href":"https:\/\/www.hashtag.al\/index.php\/wp-json\/wp\/v2\/media\/482751"}],"wp:attachment":[{"href":"https:\/\/www.hashtag.al\/index.php\/wp-json\/wp\/v2\/media?parent=483060"}],"wp:term":[{"taxonomy":"category","embeddable":true,"href":"https:\/\/www.hashtag.al\/index.php\/wp-json\/wp\/v2\/categories?post=483060"},{"taxonomy":"post_tag","embeddable":true,"href":"https:\/\/www.hashtag.al\/index.php\/wp-json\/wp\/v2\/tags?post=483060"}],"curies":[{"name":"wp","href":"https:\/\/api.w.org\/{rel}","templated":true}]}}