{"id":483058,"date":"2021-11-06T10:16:21","date_gmt":"2021-11-06T09:16:21","guid":{"rendered":"https:\/\/www.hashtag.al\/?p=483058"},"modified":"2021-11-06T10:43:51","modified_gmt":"2021-11-06T09:43:51","slug":"grabitja-dhe-dhunimi-i-biznesmenit-ne-nikel-policia-operacion-per-kapjen-e-personave-te-perfshire","status":"publish","type":"post","link":"https:\/\/www.hashtag.al\/index.php\/2021\/11\/06\/grabitja-dhe-dhunimi-i-biznesmenit-ne-nikel-policia-operacion-per-kapjen-e-personave-te-perfshire\/","title":{"rendered":"Grabitja dhe dhunimi i biznesmenit n\u00eb Nik\u00ebl, policia operacion p\u00ebr kapjen e personave t\u00eb p\u00ebrfshir\u00eb","gt_translate_keys":[{"key":"rendered","format":"text"}]},"content":{"rendered":"<div id=\"attachment_480875\" style=\"width: 1290px\" class=\"wp-caption aligncenter\"><a href=\"https:\/\/www.hashtag.al\/wp-content\/uploads\/2021\/10\/nazmicangu.jpg\"><img loading=\"lazy\" decoding=\"async\" aria-describedby=\"caption-attachment-480875\" class=\"size-full wp-image-480875\" src=\"https:\/\/www.hashtag.al\/wp-content\/uploads\/2021\/10\/nazmicangu.jpg\" alt=\"\" width=\"1280\" height=\"720\" srcset=\"https:\/\/www.hashtag.al\/wp-content\/uploads\/2021\/10\/nazmicangu.jpg 1280w, https:\/\/www.hashtag.al\/wp-content\/uploads\/2021\/10\/nazmicangu-300x169.jpg 300w, https:\/\/www.hashtag.al\/wp-content\/uploads\/2021\/10\/nazmicangu-768x432.jpg 768w, https:\/\/www.hashtag.al\/wp-content\/uploads\/2021\/10\/nazmicangu-1024x576.jpg 1024w\" sizes=\"auto, (max-width: 1280px) 100vw, 1280px\" \/><\/a><p id=\"caption-attachment-480875\" class=\"wp-caption-text\"><span style=\"color: #000000;\"><em>Nazmi \u00c7angu<\/em><\/span><\/p><\/div>\n<p><span style=\"color: #000000;\">Policia e Shtetit ka nd\u00ebrmarr\u00eb m\u00ebngjesin e sot\u00ebm nj\u00eb aksion p\u00ebr v\u00ebnien n\u00eb pranga t\u00eb autor\u00ebve t\u00eb grabitjes dhe dhunimit t\u00eb biznesmenit Nazmi \u00c7angu.<\/span><\/p>\n<p><span style=\"color: #000000;\">Operacioni ka nisur prej or\u00ebs 4 t\u00eb m\u00ebngjesit, teksa \u00ebsht\u00eb arrestuar nj\u00eb person, \u00ebsht\u00eb shpallur n\u00eb k\u00ebrkim nj\u00eb tjet\u00ebr dhe jan\u00eb shoq\u00ebruar disa t\u00eb tjer\u00eb.<\/span><\/p>\n<p><span style=\"color: #000000;\">Operacioni erdhi pas urdh\u00ebr-arresteve t\u00eb l\u00ebshuara nga Gjykata e Kruj\u00ebs me k\u00ebrkes\u00eb t\u00eb Prokuroris\u00eb. M\u00ebsohet se kan\u00eb qen\u00eb gjurm\u00ebt e l\u00ebna n\u00eb vil\u00ebn e biznesmenit \u00c7angu nga autor\u00ebt q\u00eb kan\u00eb \u00e7uar n\u00eb identifikimin e tyre, teksa nga kontrolli n\u00eb nj\u00eb banes\u00eb jan\u00eb zbuluar dhe sende t\u00eb kundraligjshme. N\u00eb pranga ka p\u00ebrfunduar Saimir Ku\u00e7i, nd\u00ebrsa \u00ebsht\u00eb shpallur n\u00eb k\u00ebrkim Artan Kurti Lleshi, t\u00eb dy t\u00eb skeduar nga policia.<\/span><\/p>\n<p><span style=\"color: #000000;\">Sipas \u201cBalkanweb\u201d, Ku\u00e7i \u00ebsht\u00eb arrestuar si pjes\u00ebtar i band\u00ebs q\u00eb dhunoi brenda banes\u00ebs biznesmenin \u00c7angu.<\/span><\/p>\n<p><span style=\"color: #000000;\">Nd\u00ebrsa Artan Kurti Lleshi dyshohet se \u00ebsht\u00eb kreu i grupit kriminal dhe rezulton t\u00eb jet\u00eb i skeduar n\u00eb fush\u00ebn e grabitjeve. Ai nuk \u00ebsht\u00eb gjetur gjat\u00eb kontrolleve nga policia n\u00eb banes\u00ebn e tij dhe \u00ebsht\u00eb shpallur n\u00eb k\u00ebrkim.<\/span><\/p>\n<p><span style=\"color: #000000;\">Kujtojm\u00eb se m\u00eb 24 tetor pak pas mesnate n\u00eb Nik\u00ebl t\u00eb Fush\u00eb Kruj\u00ebs, persona t\u00eb maskuar jan\u00eb futur brenda banes\u00ebs s\u00eb biznesmenit Nazmi \u00c7angu p\u00ebr t\u00eb grabitur \u00a0ku kan\u00eb dhunuar at\u00eb dhe kan\u00eb terrorizuar familjen e tij. Pas dhun\u00ebs s\u00eb ushtruar autor\u00ebt kan\u00eb vjedhur para kesh dhe sende me vler\u00eb q\u00eb kapin shifr\u00ebn e mbi 100 mij\u00eb eurove.<\/span><\/p>\n","protected":false,"gt_translate_keys":[{"key":"rendered","format":"html"}]},"excerpt":{"rendered":"<p>Policia e Shtetit ka nd\u00ebrmarr\u00eb m\u00ebngjesin e sot\u00ebm nj\u00eb aksion p\u00ebr v\u00ebnien n\u00eb pranga t\u00eb autor\u00ebve t\u00eb grabitjes dhe dhunimit t\u00eb biznesmenit Nazmi \u00c7angu. Operacioni ka nisur prej or\u00ebs 4 t\u00eb m\u00ebngjesit, teksa \u00ebsht\u00eb arrestuar nj\u00eb person, \u00ebsht\u00eb shpallur n\u00eb k\u00ebrkim nj\u00eb tjet\u00ebr dhe jan\u00eb shoq\u00ebruar disa t\u00eb tjer\u00eb. Operacioni erdhi pas urdh\u00ebr-arresteve t\u00eb l\u00ebshuara [&hellip;]<\/p>\n","protected":false,"gt_translate_keys":[{"key":"rendered","format":"html"}]},"author":30,"featured_media":480875,"comment_status":"closed","ping_status":"closed","sticky":false,"template":"","format":"standard","meta":{"footnotes":""},"categories":[22,65,13],"tags":[],"class_list":["post-483058","post","type-post","status-publish","format-standard","has-post-thumbnail","hentry","category-ballina","category-lajme","category-te-fundit"],"gt_translate_keys":[{"key":"link","format":"url"}],"_links":{"self":[{"href":"https:\/\/www.hashtag.al\/index.php\/wp-json\/wp\/v2\/posts\/483058","targetHints":{"allow":["GET"]}}],"collection":[{"href":"https:\/\/www.hashtag.al\/index.php\/wp-json\/wp\/v2\/posts"}],"about":[{"href":"https:\/\/www.hashtag.al\/index.php\/wp-json\/wp\/v2\/types\/post"}],"author":[{"embeddable":true,"href":"https:\/\/www.hashtag.al\/index.php\/wp-json\/wp\/v2\/users\/30"}],"replies":[{"embeddable":true,"href":"https:\/\/www.hashtag.al\/index.php\/wp-json\/wp\/v2\/comments?post=483058"}],"version-history":[{"count":0,"href":"https:\/\/www.hashtag.al\/index.php\/wp-json\/wp\/v2\/posts\/483058\/revisions"}],"wp:featuredmedia":[{"embeddable":true,"href":"https:\/\/www.hashtag.al\/index.php\/wp-json\/wp\/v2\/media\/480875"}],"wp:attachment":[{"href":"https:\/\/www.hashtag.al\/index.php\/wp-json\/wp\/v2\/media?parent=483058"}],"wp:term":[{"taxonomy":"category","embeddable":true,"href":"https:\/\/www.hashtag.al\/index.php\/wp-json\/wp\/v2\/categories?post=483058"},{"taxonomy":"post_tag","embeddable":true,"href":"https:\/\/www.hashtag.al\/index.php\/wp-json\/wp\/v2\/tags?post=483058"}],"curies":[{"name":"wp","href":"https:\/\/api.w.org\/{rel}","templated":true}]}}