{"id":483005,"date":"2021-11-05T22:02:35","date_gmt":"2021-11-05T21:02:35","guid":{"rendered":"https:\/\/www.hashtag.al\/?p=483005"},"modified":"2021-11-05T22:13:54","modified_gmt":"2021-11-05T21:13:54","slug":"hollesi-te-reja-nga-zhdukja-e-biznesmenit-prej-dy-javesh-ne-tirane-cdeklaroi-ne-polici-personi-i-fundit-qe-e-takoi-ne-kafe","status":"publish","type":"post","link":"https:\/\/www.hashtag.al\/index.php\/2021\/11\/05\/hollesi-te-reja-nga-zhdukja-e-biznesmenit-prej-dy-javesh-ne-tirane-cdeklaroi-ne-polici-personi-i-fundit-qe-e-takoi-ne-kafe\/","title":{"rendered":"Holl\u00ebsi t\u00eb reja nga zhdukja e biznesmenit prej dy jav\u00ebsh n\u00eb Tiran\u00eb, (\u00c7&#8217;deklaroi n\u00eb polici personi i fundit q\u00eb e takoi n\u00eb kafe)","gt_translate_keys":[{"key":"rendered","format":"text"}]},"content":{"rendered":"<p><span style=\"color: #000000;\"><img loading=\"lazy\" decoding=\"async\" class=\"aligncenter size-full wp-image-483006\" src=\"https:\/\/www.hashtag.al\/wp-content\/uploads\/2021\/11\/ruzhdihoxha.jpg\" alt=\"\" width=\"640\" height=\"320\" srcset=\"https:\/\/www.hashtag.al\/wp-content\/uploads\/2021\/11\/ruzhdihoxha.jpg 640w, https:\/\/www.hashtag.al\/wp-content\/uploads\/2021\/11\/ruzhdihoxha-300x150.jpg 300w\" sizes=\"auto, (max-width: 640px) 100vw, 640px\" \/><\/span><\/p>\n<p><span style=\"color: #000000;\">T\u00eb tjera holl\u00ebsi kan\u00eb dal\u00eb n\u00eb drit\u00eb lidhur me zhdukjen prej dy jav\u00ebsh t\u00eb biznesmenit Ruzhdi Hoxha i cili ka n\u00eb pron\u00ebsi nj\u00eb fabrik\u00eb intertesh n\u00eb Kam\u00ebz. Sipas policis\u00eb, personi i fundit q\u00eb \u00ebsht\u00eb takuar me Hoxh\u00ebn \u00ebsht\u00eb shoku i tij, Ferdinand Rrushi. <\/span><\/p>\n<p><span style=\"color: #000000;\">Ai \u00ebsht\u00eb marr\u00eb n\u00eb pyetje pas shoq\u00ebrimit n\u00eb Komisariatin 5 ku ka deklaruar se bashk\u00eb me 43-vje\u00e7arin e zhdukur dhe nj\u00eb shok tjet\u00ebr kan\u00eb konsumuar nj\u00eb kafe n\u00eb lokal n\u00eb Kam\u00ebz. <\/span><\/p>\n<p><span style=\"color: #000000;\">M\u00eb pas, ka shtuar ai, Hoxha i ka k\u00ebrkuar q\u00eb ta shoq\u00ebroj\u00eb me makin\u00eb deri n\u00eb Fush\u00eb Mez\u00ebz e pasi e ka l\u00ebn\u00eb atje nuk ka pasur m\u00eb asnj\u00eb kontakt me t\u00eb. Hetuesit kan\u00eb k\u00ebqyrur l\u00ebvizjet e makin\u00ebs s\u00eb s\u00eb Ferdinad Rrushit dit\u00ebn e zhdukjes s\u00eb Ruzhdi Hoxh\u00ebs. <\/span><\/p>\n<p><span style=\"color: #000000;\">Ai \u00ebsht\u00eb fiksuar nga kamerat n\u00eb zon\u00ebn e Zallherit. Ky i fundit ka qen\u00eb n\u00eb k\u00ebrkim nga drejt\u00ebsia italiane pasi \u00ebsht\u00eb d\u00ebnuar p\u00ebr trafik droge n\u00eb Xhenova dhe \u00ebsht\u00eb ndaluar p\u00ebr t\u2019u ekstraduar drejt vendit fqinj.<\/span><\/p>\n<p><span style=\"color: #000000;\">43-vje\u00e7ari, baba i dy f\u00ebmij\u00ebve ka humbur kontaktet m\u00eb familjar\u00ebt q\u00eb prej 21 tetorit. Ka qen\u00eb djali i tij q\u00eb n\u00eb dat\u00ebn 24 tetor ka b\u00ebr\u00eb denoncimin n\u00eb polici p\u00ebr ngjarjen.<\/span><\/p>\n<p><span style=\"color: #000000;\">Familjar\u00ebt e Ruzhdi Hoxh\u00ebs kan\u00eb pohuar se ai ishte larguar edhe dy her\u00eb t\u00eb tjera nga banesa, por ishte kthyer pas dy dit\u00ebsh. Pista kryesore ku po hetohet \u00ebsht\u00eb ajo e rr\u00ebmbimit dhe zhdukjes p\u00ebr shkak t\u00eb borxheve q\u00eb ka pasur Hoxha, pasi biznesi i tij ka qen\u00eb drejt falimentimit.<\/span><\/p>\n","protected":false,"gt_translate_keys":[{"key":"rendered","format":"html"}]},"excerpt":{"rendered":"<p>T\u00eb tjera holl\u00ebsi kan\u00eb dal\u00eb n\u00eb drit\u00eb lidhur me zhdukjen prej dy jav\u00ebsh t\u00eb biznesmenit Ruzhdi Hoxha i cili ka n\u00eb pron\u00ebsi nj\u00eb fabrik\u00eb intertesh n\u00eb Kam\u00ebz. Sipas policis\u00eb, personi i fundit q\u00eb \u00ebsht\u00eb takuar me Hoxh\u00ebn \u00ebsht\u00eb shoku i tij, Ferdinand Rrushi. Ai \u00ebsht\u00eb marr\u00eb n\u00eb pyetje pas shoq\u00ebrimit n\u00eb Komisariatin 5 ku ka [&hellip;]<\/p>\n","protected":false,"gt_translate_keys":[{"key":"rendered","format":"html"}]},"author":51,"featured_media":483006,"comment_status":"closed","ping_status":"closed","sticky":false,"template":"","format":"standard","meta":{"footnotes":""},"categories":[65,13],"tags":[],"class_list":["post-483005","post","type-post","status-publish","format-standard","has-post-thumbnail","hentry","category-lajme","category-te-fundit"],"gt_translate_keys":[{"key":"link","format":"url"}],"_links":{"self":[{"href":"https:\/\/www.hashtag.al\/index.php\/wp-json\/wp\/v2\/posts\/483005","targetHints":{"allow":["GET"]}}],"collection":[{"href":"https:\/\/www.hashtag.al\/index.php\/wp-json\/wp\/v2\/posts"}],"about":[{"href":"https:\/\/www.hashtag.al\/index.php\/wp-json\/wp\/v2\/types\/post"}],"author":[{"embeddable":true,"href":"https:\/\/www.hashtag.al\/index.php\/wp-json\/wp\/v2\/users\/51"}],"replies":[{"embeddable":true,"href":"https:\/\/www.hashtag.al\/index.php\/wp-json\/wp\/v2\/comments?post=483005"}],"version-history":[{"count":0,"href":"https:\/\/www.hashtag.al\/index.php\/wp-json\/wp\/v2\/posts\/483005\/revisions"}],"wp:featuredmedia":[{"embeddable":true,"href":"https:\/\/www.hashtag.al\/index.php\/wp-json\/wp\/v2\/media\/483006"}],"wp:attachment":[{"href":"https:\/\/www.hashtag.al\/index.php\/wp-json\/wp\/v2\/media?parent=483005"}],"wp:term":[{"taxonomy":"category","embeddable":true,"href":"https:\/\/www.hashtag.al\/index.php\/wp-json\/wp\/v2\/categories?post=483005"},{"taxonomy":"post_tag","embeddable":true,"href":"https:\/\/www.hashtag.al\/index.php\/wp-json\/wp\/v2\/tags?post=483005"}],"curies":[{"name":"wp","href":"https:\/\/api.w.org\/{rel}","templated":true}]}}