{"id":482998,"date":"2021-11-05T21:40:38","date_gmt":"2021-11-05T20:40:38","guid":{"rendered":"https:\/\/www.hashtag.al\/?p=482998"},"modified":"2021-11-05T22:03:45","modified_gmt":"2021-11-05T21:03:45","slug":"kellici-paralajmeron-bashen-se-njohim-procesin-e-zgjedhjeve-per-kreun-e-frpd-seshte-koha-per-te-uzurpuar-institucione","status":"publish","type":"post","link":"https:\/\/www.hashtag.al\/index.php\/2021\/11\/05\/kellici-paralajmeron-bashen-se-njohim-procesin-e-zgjedhjeve-per-kreun-e-frpd-seshte-koha-per-te-uzurpuar-institucione\/","title":{"rendered":"K\u00eblli\u00e7i paralajm\u00ebron Bash\u00ebn: S\u2019e njohim procesin e zgjedhjeve p\u00ebr kreun e FRPD, s\u2019\u00ebsht\u00eb koha p\u00ebr t\u00eb uzurpuar institucione","gt_translate_keys":[{"key":"rendered","format":"text"}]},"content":{"rendered":"<p><span style=\"color: #000000;\"><img loading=\"lazy\" decoding=\"async\" class=\"aligncenter size-full wp-image-482999\" src=\"https:\/\/www.hashtag.al\/wp-content\/uploads\/2021\/11\/belindi2.jpg\" alt=\"\" width=\"1380\" height=\"747\" srcset=\"https:\/\/www.hashtag.al\/wp-content\/uploads\/2021\/11\/belindi2.jpg 1380w, https:\/\/www.hashtag.al\/wp-content\/uploads\/2021\/11\/belindi2-300x162.jpg 300w, https:\/\/www.hashtag.al\/wp-content\/uploads\/2021\/11\/belindi2-768x416.jpg 768w, https:\/\/www.hashtag.al\/wp-content\/uploads\/2021\/11\/belindi2-1024x554.jpg 1024w\" sizes=\"auto, (max-width: 1380px) 100vw, 1380px\" \/><\/span><\/p>\n<p><span style=\"color: #000000;\">Deputeti i PD-s\u00eb, Belind K\u00eblli\u00e7i, ka th\u00ebn\u00eb mbr\u00ebmjen e sotme se kryesia n\u00eb detyr\u00eb e Forumit Rinor t\u00eb PD-s\u00eb nuk e njeh procesin e lajm\u00ebruar nga kreu i PD-s\u00eb Basha p\u00ebr zgjedhje n\u00eb k\u00ebt\u00eb organizat\u00eb.<\/span><\/p>\n<p><span style=\"color: #000000;\"> N\u00eb nj\u00eb deklarat\u00eb pas p\u00ebrfundimit t\u00eb mbledhjes s\u00eb an\u00ebtar\u00ebve t\u00eb kryesis\u00eb s\u00eb forumit, K\u00eblli\u00e7i theksoi se PD \u00ebsht\u00eb n\u00eb kriz\u00eb t\u00eb brendshme dhe nuk \u00ebsht\u00eb koha p\u00ebr t\u00eb uzurpuar institucione t\u00eb tjera. <\/span><\/p>\n<p><span style=\"color: #000000;\">Po k\u00ebshtu ai tha se FRDP nuk e njeh procesin dhe vet\u00ebm pasi t\u00eb piqen kushtet p\u00ebr gar\u00eb t\u00eb v\u00ebrtet\u00eb, do angazhohen n\u00eb proces.<\/span><\/p>\n<p><span style=\"color: #000000;\"><em>\u201cQ\u00eb nga data 10 shtator Partia Demokratike \u00ebsht\u00eb n\u00eb gjendje t\u00eb r\u00ebnd\u00eb dhe ndodhet n\u00eb nj\u00eb kriz\u00eb t\u00eb brendshme q\u00eb n\u00eb gjykojm\u00eb q\u00eb duhet t\u00eb marr\u00eb zgjidhje p\u00ebrmes institucioneve dhe p\u00ebrmes vot\u00ebs dhe p\u00ebrmes s\u00eb v\u00ebrtet\u00ebs se ka ardhur momenti t\u2019i themi disa t\u00eb v\u00ebrteta, ne nuk kemi vepruar. Dhe nuk \u00ebsht\u00eb ky momenti p\u00ebr t\u00eb uzurpuar institucione, as p\u00ebr uzurpuar FRDP-n\u00eb e as p\u00ebr t\u00eb krijuar p\u00ebr\u00e7arje m\u00eb t\u00eb thella brenda strukturave t\u00eb PD-s\u00eb. Q\u00eb nga dita e par\u00eb q\u00eb un\u00eb kam shkelur k\u00ebmb\u00eb n\u00eb PD kam patur nj\u00eb qasje p\u00ebr t\u00eb mos humbur as edhe nj\u00eb an\u00ebtar. Jo m\u00eb sot ta fusim nj\u00eb organizat\u00eb t\u00eb t\u00ebr\u00eb partnere t\u00eb PD-s\u00eb n\u00eb nj\u00eb konflikt t\u00eb brendsh\u00ebm. Q\u00ebndrimi yn\u00eb unanim q\u00eb do u b\u00ebhet me dije or\u00ebt n\u00eb vijim ka qen\u00eb i prer\u00eb q\u00eb ne k\u00ebt\u00eb proces nuk e njohim dhe n\u00eb momentin kur do piqen kushtet n\u00eb PD p\u00ebr t\u00eb patur nj\u00eb proces t\u00eb v\u00ebrtet\u00eb dhe real pa diskutim ne kemi detyrim statutor t\u00eb b\u00ebjm\u00eb m\u00eb t\u00eb mir\u00ebn ton\u00eb p\u00ebr nj\u00eb trup\u00eb t\u00eb re drejtuese t\u00eb FRPD-s\u00eb. Jam krenar q\u00eb n\u00eb k\u00ebto 6 vite kam\u00eb drejtuar struktur\u00ebn m\u00eb vitale t\u00eb PD-s\u00eb. \u00c7do sht\u00ebpi ka themelet e saj dhe themelet e PD-s\u00eb jan\u00eb t\u00eb FRPD-ja. Edhe kur ka p\u00ebrplasje, vendimet n\u00eb FRPD merren me vot\u00eb.\u201c<\/em> &#8211; tha K\u00eblli\u00e7i.<\/span><\/p>\n<p>&nbsp;<\/p>\n","protected":false,"gt_translate_keys":[{"key":"rendered","format":"html"}]},"excerpt":{"rendered":"<p>Deputeti i PD-s\u00eb, Belind K\u00eblli\u00e7i, ka th\u00ebn\u00eb mbr\u00ebmjen e sotme se kryesia n\u00eb detyr\u00eb e Forumit Rinor t\u00eb PD-s\u00eb nuk e njeh procesin e lajm\u00ebruar nga kreu i PD-s\u00eb Basha p\u00ebr zgjedhje n\u00eb k\u00ebt\u00eb organizat\u00eb. N\u00eb nj\u00eb deklarat\u00eb pas p\u00ebrfundimit t\u00eb mbledhjes s\u00eb an\u00ebtar\u00ebve t\u00eb kryesis\u00eb s\u00eb forumit, K\u00eblli\u00e7i theksoi se PD \u00ebsht\u00eb n\u00eb kriz\u00eb [&hellip;]<\/p>\n","protected":false,"gt_translate_keys":[{"key":"rendered","format":"html"}]},"author":51,"featured_media":482999,"comment_status":"closed","ping_status":"closed","sticky":false,"template":"","format":"standard","meta":{"footnotes":""},"categories":[22,65,13],"tags":[],"class_list":["post-482998","post","type-post","status-publish","format-standard","has-post-thumbnail","hentry","category-ballina","category-lajme","category-te-fundit"],"gt_translate_keys":[{"key":"link","format":"url"}],"_links":{"self":[{"href":"https:\/\/www.hashtag.al\/index.php\/wp-json\/wp\/v2\/posts\/482998","targetHints":{"allow":["GET"]}}],"collection":[{"href":"https:\/\/www.hashtag.al\/index.php\/wp-json\/wp\/v2\/posts"}],"about":[{"href":"https:\/\/www.hashtag.al\/index.php\/wp-json\/wp\/v2\/types\/post"}],"author":[{"embeddable":true,"href":"https:\/\/www.hashtag.al\/index.php\/wp-json\/wp\/v2\/users\/51"}],"replies":[{"embeddable":true,"href":"https:\/\/www.hashtag.al\/index.php\/wp-json\/wp\/v2\/comments?post=482998"}],"version-history":[{"count":0,"href":"https:\/\/www.hashtag.al\/index.php\/wp-json\/wp\/v2\/posts\/482998\/revisions"}],"wp:featuredmedia":[{"embeddable":true,"href":"https:\/\/www.hashtag.al\/index.php\/wp-json\/wp\/v2\/media\/482999"}],"wp:attachment":[{"href":"https:\/\/www.hashtag.al\/index.php\/wp-json\/wp\/v2\/media?parent=482998"}],"wp:term":[{"taxonomy":"category","embeddable":true,"href":"https:\/\/www.hashtag.al\/index.php\/wp-json\/wp\/v2\/categories?post=482998"},{"taxonomy":"post_tag","embeddable":true,"href":"https:\/\/www.hashtag.al\/index.php\/wp-json\/wp\/v2\/tags?post=482998"}],"curies":[{"name":"wp","href":"https:\/\/api.w.org\/{rel}","templated":true}]}}