{"id":482606,"date":"2021-11-03T20:28:57","date_gmt":"2021-11-03T19:28:57","guid":{"rendered":"https:\/\/www.hashtag.al\/?p=482606"},"modified":"2021-11-03T20:28:57","modified_gmt":"2021-11-03T19:28:57","slug":"kpa-ja-rikthen-ne-detyre-prokurorin-ndini-tavani-u-shkarkua-ne-2019-nga-kpk-ja","status":"publish","type":"post","link":"https:\/\/www.hashtag.al\/index.php\/2021\/11\/03\/kpa-ja-rikthen-ne-detyre-prokurorin-ndini-tavani-u-shkarkua-ne-2019-nga-kpk-ja\/","title":{"rendered":"KPA-ja rikthen n\u00eb detyr\u00eb prokurorin Ndini Tavani, u shkarkua n\u00eb 2019 nga KPK-ja","gt_translate_keys":[{"key":"rendered","format":"text"}]},"content":{"rendered":"<p><span style=\"color: #000000;\"><img loading=\"lazy\" decoding=\"async\" class=\"size-full wp-image-482607\" src=\"https:\/\/www.hashtag.al\/wp-content\/uploads\/2021\/11\/Ndini-Tavani-ne-KPK.jpg\" alt=\"\" width=\"2048\" height=\"1570\" srcset=\"https:\/\/www.hashtag.al\/wp-content\/uploads\/2021\/11\/Ndini-Tavani-ne-KPK.jpg 2048w, https:\/\/www.hashtag.al\/wp-content\/uploads\/2021\/11\/Ndini-Tavani-ne-KPK-300x230.jpg 300w, https:\/\/www.hashtag.al\/wp-content\/uploads\/2021\/11\/Ndini-Tavani-ne-KPK-768x589.jpg 768w, https:\/\/www.hashtag.al\/wp-content\/uploads\/2021\/11\/Ndini-Tavani-ne-KPK-1024x785.jpg 1024w\" sizes=\"auto, (max-width: 2048px) 100vw, 2048px\" \/><\/span><\/p>\n<p><span style=\"color: #000000;\">Kolegji i Posa\u00e7\u00ebm i Apelimit ka rikthyer n\u00eb detyr\u00eb prokurorin e Prokuroris\u00eb s\u00eb Tiran\u00ebs Ndini Tavani.<\/span><\/p>\n<p><span style=\"color: #000000;\">Trupi gjykues i Kolegjit t\u00eb Posa\u00e7\u00ebm t\u00eb Apelimit, i p\u00ebrb\u00ebr\u00eb nga Ina Rama kryesuese, Albana Shtylla relatore, Ardian Hajdari, Natasha Mulaj, Sokol \u00c7omo an\u00ebtar\u00eb, shpalli vendimin p\u00ebr \u00e7\u00ebshtjen (JR) nr.2\/2020, dat\u00eb 09.01.2020, q\u00eb lidhet me ankimin e subjektit t\u00eb rivler\u00ebsimit Ndini Tavani kund\u00ebr vendimit t\u00eb Komisionit t\u00eb Pavarur t\u00eb Kualifikimit nr. 199, dat\u00eb 11.10.2019.<\/span><\/p>\n<p><span style=\"color: #000000;\">N\u00eb p\u00ebrfundim t\u00eb gjykimit n\u00eb dhom\u00eb k\u00ebshillimi, trupi gjykues, bazuar n\u00eb nenin 66, pika 1, shkronja \u201cb\u201d e ligjit nr.84\/2016, \u201cP\u00ebr rivler\u00ebsimin kalimtar t\u00eb gjyqtar\u00ebve dhe prokuror\u00ebve n\u00eb Republik\u00ebn e Shqip\u00ebris\u00eb\u201d, n\u00eb m\u00ebnyr\u00eb unanime, vendosi:<\/span><br \/>\n<span style=\"color: #000000;\">1. Ndryshimin e vendimit t\u00eb Komisionit t\u00eb Pavarur t\u00eb Kualifikimit nr. 199, dat\u00eb 11.10.2019, q\u00eb i p\u00ebrket subjektit t\u00eb rivler\u00ebsimit Ndini Tavani dhe konfirmimin e tij n\u00eb detyr\u00ebn e prokurorit n\u00eb Prokurorin\u00eb pran\u00eb Gjykat\u00ebs s\u00eb Rrethit Gjyq\u00ebsor Tiran\u00eb.<\/span><\/p>\n<p><span style=\"color: #000000;\">Ky vendim \u00ebsht\u00eb p\u00ebrfundimtar dhe ka efekt t\u00eb menj\u00ebhersh\u00ebm.<\/span><\/p>\n<p>&nbsp;<\/p>\n","protected":false,"gt_translate_keys":[{"key":"rendered","format":"html"}]},"excerpt":{"rendered":"<p>Kolegji i Posa\u00e7\u00ebm i Apelimit ka rikthyer n\u00eb detyr\u00eb prokurorin e Prokuroris\u00eb s\u00eb Tiran\u00ebs Ndini Tavani. Trupi gjykues i Kolegjit t\u00eb Posa\u00e7\u00ebm t\u00eb Apelimit, i p\u00ebrb\u00ebr\u00eb nga Ina Rama kryesuese, Albana Shtylla relatore, Ardian Hajdari, Natasha Mulaj, Sokol \u00c7omo an\u00ebtar\u00eb, shpalli vendimin p\u00ebr \u00e7\u00ebshtjen (JR) nr.2\/2020, dat\u00eb 09.01.2020, q\u00eb lidhet me ankimin e subjektit t\u00eb [&hellip;]<\/p>\n","protected":false,"gt_translate_keys":[{"key":"rendered","format":"html"}]},"author":32,"featured_media":482607,"comment_status":"closed","ping_status":"closed","sticky":false,"template":"","format":"standard","meta":{"footnotes":""},"categories":[65,13],"tags":[],"class_list":["post-482606","post","type-post","status-publish","format-standard","has-post-thumbnail","hentry","category-lajme","category-te-fundit"],"gt_translate_keys":[{"key":"link","format":"url"}],"_links":{"self":[{"href":"https:\/\/www.hashtag.al\/index.php\/wp-json\/wp\/v2\/posts\/482606","targetHints":{"allow":["GET"]}}],"collection":[{"href":"https:\/\/www.hashtag.al\/index.php\/wp-json\/wp\/v2\/posts"}],"about":[{"href":"https:\/\/www.hashtag.al\/index.php\/wp-json\/wp\/v2\/types\/post"}],"author":[{"embeddable":true,"href":"https:\/\/www.hashtag.al\/index.php\/wp-json\/wp\/v2\/users\/32"}],"replies":[{"embeddable":true,"href":"https:\/\/www.hashtag.al\/index.php\/wp-json\/wp\/v2\/comments?post=482606"}],"version-history":[{"count":0,"href":"https:\/\/www.hashtag.al\/index.php\/wp-json\/wp\/v2\/posts\/482606\/revisions"}],"wp:featuredmedia":[{"embeddable":true,"href":"https:\/\/www.hashtag.al\/index.php\/wp-json\/wp\/v2\/media\/482607"}],"wp:attachment":[{"href":"https:\/\/www.hashtag.al\/index.php\/wp-json\/wp\/v2\/media?parent=482606"}],"wp:term":[{"taxonomy":"category","embeddable":true,"href":"https:\/\/www.hashtag.al\/index.php\/wp-json\/wp\/v2\/categories?post=482606"},{"taxonomy":"post_tag","embeddable":true,"href":"https:\/\/www.hashtag.al\/index.php\/wp-json\/wp\/v2\/tags?post=482606"}],"curies":[{"name":"wp","href":"https:\/\/api.w.org\/{rel}","templated":true}]}}