{"id":482512,"date":"2021-11-03T15:16:07","date_gmt":"2021-11-03T14:16:07","guid":{"rendered":"https:\/\/www.hashtag.al\/?p=482512"},"modified":"2021-11-03T15:22:15","modified_gmt":"2021-11-03T14:22:15","slug":"veliaj-mesazh-per-rushajn-dhe-gjekmarkajn-bregu-i-lumit-i-hengri-disa-karriera-politikanesh-mos-paci-fatin-e-tyre","status":"publish","type":"post","link":"https:\/\/www.hashtag.al\/index.php\/2021\/11\/03\/veliaj-mesazh-per-rushajn-dhe-gjekmarkajn-bregu-i-lumit-i-hengri-disa-karriera-politikanesh-mos-paci-fatin-e-tyre\/","title":{"rendered":"Veliaj mesazh p\u00ebr Rushajn dhe Gjekmarkajn: Bregu i Lumit i h\u00ebngri disa karriera politikan\u00ebsh, mos pa\u00e7i fatin e tyre","gt_translate_keys":[{"key":"rendered","format":"text"}]},"content":{"rendered":"<p><span style=\"color: #000000;\"><a style=\"color: #000000;\" href=\"https:\/\/www.hashtag.al\/wp-content\/uploads\/2021\/11\/Erion-Veliaj.jpg\"><img loading=\"lazy\" decoding=\"async\" class=\"aligncenter size-full wp-image-482513\" src=\"https:\/\/www.hashtag.al\/wp-content\/uploads\/2021\/11\/Erion-Veliaj.jpg\" alt=\"\" width=\"832\" height=\"421\" srcset=\"https:\/\/www.hashtag.al\/wp-content\/uploads\/2021\/11\/Erion-Veliaj.jpg 832w, https:\/\/www.hashtag.al\/wp-content\/uploads\/2021\/11\/Erion-Veliaj-300x152.jpg 300w, https:\/\/www.hashtag.al\/wp-content\/uploads\/2021\/11\/Erion-Veliaj-768x389.jpg 768w\" sizes=\"auto, (max-width: 832px) 100vw, 832px\" \/><\/a><\/span><\/p>\n<p><span style=\"color: #000000;\">Kryetari i Bashkis\u00eb s\u00eb Tiran\u00ebs, Erion Veliaj duket se u ka dh\u00ebn\u00eb nj\u00eb mesazh t\u00eb koduar dy deputet\u00ebve t\u00eb PD-s\u00eb, Alfred Rrushaj dhe Agron Gjekmarkaj, t\u00eb cil\u00ebt prej disa dit\u00ebsh kan\u00eb qen\u00eb pran\u00eb banor\u00ebve q\u00eb po protestojn\u00eb n\u00eb zon\u00ebn e \u20185 Majit\u2019 kund\u00ebr shembjes s\u00eb banesave t\u00eb tyre, pa marr\u00eb m\u00eb par\u00eb nj\u00eb zgjidhje se ku do t\u00eb vendosen.<\/span><\/p>\n<p><span style=\"color: #000000;\">Veliaj tha se bllokimi i projekteve sjell fundin e karrier\u00ebs politike p\u00ebr politikan\u00ebt duke sjell\u00eb n\u00eb v\u00ebmendje protestat tek \u2018Bregu i Lumit\u2019 apo \u2018Bulevardi i Ri\u2019.<\/span><\/p>\n<p><span style=\"color: #000000;\"><em>\u201cP\u00ebrgjigja ime p\u00ebr t\u00eb gjith\u00eb ata politikan\u00eb q\u00eb shkojn\u00eb dhe nxisin num\u00ebruesit e tyre, komisioner\u00ebt e tyre, tarafin e tyre, p\u00ebr t\u00eb organizuar protesta, dua t\u2019ju kujtoj nj\u00eb gj\u00eb: Ai \u2018Bregu i Lumit\u2019 i ka ngr\u00ebn\u00eb disa karriera politikan\u00ebsh, q\u00eb sot nuk e ekzistojn\u00eb m\u00eb, njer\u00ebzit ua kan\u00eb harruar emrat. <\/em><\/span><\/p>\n<p><span style=\"color: #000000;\"><em>Ai \u2018Astiri\u2019 i h\u00ebngri disa koka politikan\u00ebsh q\u00eb sot nuk jan\u00eb m\u00eb as n\u00eb Parlament, askund! Ai \u2018Bulevardi i Ri\u2019 i h\u00ebngri disa koka politikan\u00ebsh, ai \u2018Liqeni\u2019 i h\u00ebngri disa koka politikan\u00ebsh, ai k\u00ebndi i lodrave, ajo \u2018Kalaja\u2019 apo Pazari i Ri, i h\u00ebngri disa koka politikan\u00ebsh.<\/em><\/span><\/p>\n<p><span style=\"color: #000000;\"><em>Dhe u kam th\u00ebn\u00eb: &#8216;O \u00e7una po ju p\u00ebrdorin mish p\u00ebr top. Shkoni bllokoni nj\u00eb projekt, projekti b\u00ebhet, dilni ju m\u00eb keq. Dhe pastaj vet\u00eb partia juaj ju heq.&#8217;<\/em><\/span><\/p>\n<p><span style=\"color: #000000;\"><em>Po shikoja k\u00ebt\u00eb Rushajn dhe Gjekmarkajn q\u00eb sa kan\u00eb filluar n\u00eb Parlament. Kur i pash\u00eb dhe tek Bregu i Lumit thash\u00eb: &#8216;Po ndiqni t\u00eb nj\u00ebjt\u00ebn karrier\u00eb si ata q\u00eb e nis\u00ebm me sell t\u00eb madh politik\u00ebn, pastaj kthehen tek zanati i vjet\u00ebr q\u00eb p\u00ebrdor \u00e7do gj\u00eb n\u00eb politik\u00eb dhe pastaj e mbyllin me nj\u00eb mandat.&#8217; S&#8217;kan\u00eb karrier\u00eb se njer\u00ebzit nuk jan\u00eb budallenj.<\/em><\/span><\/p>\n<p><span style=\"color: #000000;\"><em>\u00a0Kam vet\u00ebm nj\u00eb paralajm\u00ebrim: \u2018Mos pa\u00e7i fatin e atyre q\u00eb e lan\u00eb karrier\u00ebn te \u2018Bregu i Lumit\u2019. <\/em><\/span><\/p>\n<p><span style=\"color: #000000;\"><em>N\u00ebse do vazhdojm\u00eb t\u00eb p\u00ebrdorim p\u00ebr politik\u00eb projektet e bashkis\u00eb, nuk do t\u2019ju l\u00eb asgj\u00eb mang\u00ebt q\u00eb t\u00eb p\u00ebrfundojn\u00eb n\u00eb koshin e histories, si\u00e7 p\u00ebrfunduan t\u00eb tjer\u00ebt q\u00eb, p\u00ebr t\u00eb penguar bashkin\u00eb, cystin njer\u00ebzit, cystin konflikt social, cystin protesta dhe cystin nj\u00eb histori histerie t\u00eb paqen\u00eb\u2019, tha Veliaj nga Krraba, ku i dor\u00ebzoi \u00e7el\u00ebsat e banes\u00ebs s\u00eb re nj\u00eb prej familjeve t\u00eb prekura nga t\u00ebrmeti i 26 n\u00ebntorit 2019.\u201d-<\/em> deklaroi Veliaj.<\/span><\/p>\n","protected":false,"gt_translate_keys":[{"key":"rendered","format":"html"}]},"excerpt":{"rendered":"<p>Kryetari i Bashkis\u00eb s\u00eb Tiran\u00ebs, Erion Veliaj duket se u ka dh\u00ebn\u00eb nj\u00eb mesazh t\u00eb koduar dy deputet\u00ebve t\u00eb PD-s\u00eb, Alfred Rrushaj dhe Agron Gjekmarkaj, t\u00eb cil\u00ebt prej disa dit\u00ebsh kan\u00eb qen\u00eb pran\u00eb banor\u00ebve q\u00eb po protestojn\u00eb n\u00eb zon\u00ebn e \u20185 Majit\u2019 kund\u00ebr shembjes s\u00eb banesave t\u00eb tyre, pa marr\u00eb m\u00eb par\u00eb nj\u00eb zgjidhje se [&hellip;]<\/p>\n","protected":false,"gt_translate_keys":[{"key":"rendered","format":"html"}]},"author":30,"featured_media":482513,"comment_status":"closed","ping_status":"closed","sticky":false,"template":"","format":"standard","meta":{"footnotes":""},"categories":[65,13],"tags":[],"class_list":["post-482512","post","type-post","status-publish","format-standard","has-post-thumbnail","hentry","category-lajme","category-te-fundit"],"gt_translate_keys":[{"key":"link","format":"url"}],"_links":{"self":[{"href":"https:\/\/www.hashtag.al\/index.php\/wp-json\/wp\/v2\/posts\/482512","targetHints":{"allow":["GET"]}}],"collection":[{"href":"https:\/\/www.hashtag.al\/index.php\/wp-json\/wp\/v2\/posts"}],"about":[{"href":"https:\/\/www.hashtag.al\/index.php\/wp-json\/wp\/v2\/types\/post"}],"author":[{"embeddable":true,"href":"https:\/\/www.hashtag.al\/index.php\/wp-json\/wp\/v2\/users\/30"}],"replies":[{"embeddable":true,"href":"https:\/\/www.hashtag.al\/index.php\/wp-json\/wp\/v2\/comments?post=482512"}],"version-history":[{"count":0,"href":"https:\/\/www.hashtag.al\/index.php\/wp-json\/wp\/v2\/posts\/482512\/revisions"}],"wp:featuredmedia":[{"embeddable":true,"href":"https:\/\/www.hashtag.al\/index.php\/wp-json\/wp\/v2\/media\/482513"}],"wp:attachment":[{"href":"https:\/\/www.hashtag.al\/index.php\/wp-json\/wp\/v2\/media?parent=482512"}],"wp:term":[{"taxonomy":"category","embeddable":true,"href":"https:\/\/www.hashtag.al\/index.php\/wp-json\/wp\/v2\/categories?post=482512"},{"taxonomy":"post_tag","embeddable":true,"href":"https:\/\/www.hashtag.al\/index.php\/wp-json\/wp\/v2\/tags?post=482512"}],"curies":[{"name":"wp","href":"https:\/\/api.w.org\/{rel}","templated":true}]}}