{"id":482485,"date":"2021-11-03T13:28:18","date_gmt":"2021-11-03T12:28:18","guid":{"rendered":"https:\/\/www.hashtag.al\/?p=482485"},"modified":"2021-11-03T13:28:18","modified_gmt":"2021-11-03T12:28:18","slug":"ish-lideri-i-sektorit-te-djathte-dmitry-yarosh-zgjidhet-keshilltar-i-komandantit-te-forcave-te-armatosura-ne-ukraine","status":"publish","type":"post","link":"https:\/\/www.hashtag.al\/index.php\/2021\/11\/03\/ish-lideri-i-sektorit-te-djathte-dmitry-yarosh-zgjidhet-keshilltar-i-komandantit-te-forcave-te-armatosura-ne-ukraine\/","title":{"rendered":"Ish-lideri i &#8220;Sektorit t\u00eb Djatht\u00eb&#8221; Dmitry Yarosh zgjidhet k\u00ebshilltar i Komandantit t\u00eb Forcave t\u00eb Armatosura n\u00eb Ukrain\u00eb","gt_translate_keys":[{"key":"rendered","format":"text"}]},"content":{"rendered":"<p><span style=\"color: #000000;\"><a style=\"color: #000000;\" href=\"https:\/\/www.hashtag.al\/wp-content\/uploads\/2021\/11\/618268bf20302764a87cb797.jpg\"><img loading=\"lazy\" decoding=\"async\" class=\"aligncenter size-full wp-image-482486\" src=\"https:\/\/www.hashtag.al\/wp-content\/uploads\/2021\/11\/618268bf20302764a87cb797.jpg\" alt=\"\" width=\"980\" height=\"551\" srcset=\"https:\/\/www.hashtag.al\/wp-content\/uploads\/2021\/11\/618268bf20302764a87cb797.jpg 980w, https:\/\/www.hashtag.al\/wp-content\/uploads\/2021\/11\/618268bf20302764a87cb797-300x169.jpg 300w, https:\/\/www.hashtag.al\/wp-content\/uploads\/2021\/11\/618268bf20302764a87cb797-768x432.jpg 768w\" sizes=\"auto, (max-width: 980px) 100vw, 980px\" \/><\/a><\/span><\/p>\n<p><span style=\"color: #000000;\">Ish-udh\u00ebheq\u00ebsi i organizat\u00ebs ukrainase &#8220;Sektori i djatht\u00eb&#8221; (i njohur si organizat\u00eb ekstremiste dhe \u00ebsht\u00eb e ndaluarn\u00eb Rusi) Dmitry Yarosh \u00ebsht\u00eb em\u00ebruar si K\u00ebshilltar i Komandantit t\u00eb P\u00ebrgjithsh\u00ebm t\u00eb Forcave t\u00eb Armatosura t\u00eb Ukrain\u00ebs.<\/span><\/p>\n<p><span style=\"color: #000000;\"><em>\u201cMe urdh\u00ebr t\u00eb gjeneral-lejtnant Valeriy Zaluzhny, un\u00eb jam em\u00ebruar k\u00ebshilltar i komandantit t\u00eb p\u00ebrgjithsh\u00ebm t\u00eb Forcave t\u00eb Armatosura t\u00eb Ukrain\u00ebs. Faleminderit p\u00ebr besimin tuaj! S\u00eb bashku do t\u00eb fitojm\u00eb!\u201d-<\/em> e dha vet\u00eb lajmin Yarosh n\u00eb nj\u00eb postim n\u00eb Facebook.<\/span><\/p>\n<p><span style=\"color: #000000;\">N\u00eb mesin e viteve 1990, Yarosh u b\u00eb nj\u00eb nga bashk\u00ebthemeluesit e organizat\u00ebs s\u00eb krahut t\u00eb djatht\u00eb Trident me emrin Stepan Bandera (organizata njihet si ekstremiste n\u00eb Rusi dhe \u00ebshte e ndaluar). N\u00eb baz\u00eb t\u00eb \u201cTrident\u201d n\u00eb vitin 2013 u krijua \u201cSektori i Djatht\u00eb\u201d. Yarosh e drejtoi at\u00eb dhe ishte lider deri n\u00eb n\u00ebntor 2015.<\/span><\/p>\n<p><span style=\"color: #000000;\">&#8220;Sektori i djatht\u00eb&#8221; bashkoi aktivist\u00ebt e krahut t\u00eb djatht\u00eb ukrainas. Ata mor\u00ebn pjes\u00eb aktive n\u00eb protestat n\u00eb Kiev n\u00eb fund t\u00eb vitit 2013 dhe n\u00eb 2014-\u00ebn. An\u00ebtar\u00ebt e organizat\u00ebs mor\u00ebn pjes\u00eb n\u00eb p\u00ebrleshje me trupat e brendshme dhe forcat speciale t\u00eb Ministris\u00eb s\u00eb Pun\u00ebve t\u00eb Brendshme, t\u00eb cil\u00ebt ruanin nd\u00ebrtes\u00ebn e administrat\u00ebs s\u00eb Presidentit t\u00eb at\u00ebhersh\u00ebm Viktor Janukovi\u00e7.<\/span><\/p>\n<p><span style=\"color: #000000;\">Yarosh ka folur vazhdimisht ashp\u00ebr kund\u00ebr separatist\u00ebve t\u00eb mb\u00ebshtetur nga Rusia n\u00eb Donbas. N\u00eb mediat ruse pro-Kremlinit, emri i tij n\u00eb fakt \u00ebsht\u00eb b\u00ebr\u00eb nj\u00eb em\u00ebr i njohur.<\/span><\/p>\n<p><a href=\"https:\/\/www.hashtag.al\/wp-content\/uploads\/2021\/11\/Yarosh.jpg\"><img loading=\"lazy\" decoding=\"async\" class=\"aligncenter size-full wp-image-482487\" src=\"https:\/\/www.hashtag.al\/wp-content\/uploads\/2021\/11\/Yarosh.jpg\" alt=\"\" width=\"800\" height=\"445\" srcset=\"https:\/\/www.hashtag.al\/wp-content\/uploads\/2021\/11\/Yarosh.jpg 800w, https:\/\/www.hashtag.al\/wp-content\/uploads\/2021\/11\/Yarosh-300x167.jpg 300w, https:\/\/www.hashtag.al\/wp-content\/uploads\/2021\/11\/Yarosh-768x427.jpg 768w\" sizes=\"auto, (max-width: 800px) 100vw, 800px\" \/><\/a><\/p>\n","protected":false,"gt_translate_keys":[{"key":"rendered","format":"html"}]},"excerpt":{"rendered":"<p>Ish-udh\u00ebheq\u00ebsi i organizat\u00ebs ukrainase &#8220;Sektori i djatht\u00eb&#8221; (i njohur si organizat\u00eb ekstremiste dhe \u00ebsht\u00eb e ndaluarn\u00eb Rusi) Dmitry Yarosh \u00ebsht\u00eb em\u00ebruar si K\u00ebshilltar i Komandantit t\u00eb P\u00ebrgjithsh\u00ebm t\u00eb Forcave t\u00eb Armatosura t\u00eb Ukrain\u00ebs. \u201cMe urdh\u00ebr t\u00eb gjeneral-lejtnant Valeriy Zaluzhny, un\u00eb jam em\u00ebruar k\u00ebshilltar i komandantit t\u00eb p\u00ebrgjithsh\u00ebm t\u00eb Forcave t\u00eb Armatosura t\u00eb Ukrain\u00ebs. Faleminderit p\u00ebr [&hellip;]<\/p>\n","protected":false,"gt_translate_keys":[{"key":"rendered","format":"html"}]},"author":30,"featured_media":482487,"comment_status":"closed","ping_status":"closed","sticky":false,"template":"","format":"standard","meta":{"footnotes":""},"categories":[6,13],"tags":[],"class_list":["post-482485","post","type-post","status-publish","format-standard","has-post-thumbnail","hentry","category-nderkombetare","category-te-fundit"],"gt_translate_keys":[{"key":"link","format":"url"}],"_links":{"self":[{"href":"https:\/\/www.hashtag.al\/index.php\/wp-json\/wp\/v2\/posts\/482485","targetHints":{"allow":["GET"]}}],"collection":[{"href":"https:\/\/www.hashtag.al\/index.php\/wp-json\/wp\/v2\/posts"}],"about":[{"href":"https:\/\/www.hashtag.al\/index.php\/wp-json\/wp\/v2\/types\/post"}],"author":[{"embeddable":true,"href":"https:\/\/www.hashtag.al\/index.php\/wp-json\/wp\/v2\/users\/30"}],"replies":[{"embeddable":true,"href":"https:\/\/www.hashtag.al\/index.php\/wp-json\/wp\/v2\/comments?post=482485"}],"version-history":[{"count":0,"href":"https:\/\/www.hashtag.al\/index.php\/wp-json\/wp\/v2\/posts\/482485\/revisions"}],"wp:featuredmedia":[{"embeddable":true,"href":"https:\/\/www.hashtag.al\/index.php\/wp-json\/wp\/v2\/media\/482487"}],"wp:attachment":[{"href":"https:\/\/www.hashtag.al\/index.php\/wp-json\/wp\/v2\/media?parent=482485"}],"wp:term":[{"taxonomy":"category","embeddable":true,"href":"https:\/\/www.hashtag.al\/index.php\/wp-json\/wp\/v2\/categories?post=482485"},{"taxonomy":"post_tag","embeddable":true,"href":"https:\/\/www.hashtag.al\/index.php\/wp-json\/wp\/v2\/tags?post=482485"}],"curies":[{"name":"wp","href":"https:\/\/api.w.org\/{rel}","templated":true}]}}