{"id":482418,"date":"2021-11-02T23:40:06","date_gmt":"2021-11-02T22:40:06","guid":{"rendered":"https:\/\/www.hashtag.al\/?p=482418"},"modified":"2021-11-02T23:40:06","modified_gmt":"2021-11-02T22:40:06","slug":"kurti-serbia-do-bosnjezimin-e-kosoves-nuk-e-lejoj-sikur-te-jem-edhe-ne-opozite-dhe-ne-pushtet","status":"publish","type":"post","link":"https:\/\/www.hashtag.al\/index.php\/2021\/11\/02\/kurti-serbia-do-bosnjezimin-e-kosoves-nuk-e-lejoj-sikur-te-jem-edhe-ne-opozite-dhe-ne-pushtet\/","title":{"rendered":"Kurti: Serbia do bosnj\u00ebzimin e Kosov\u00ebs, nuk e lejoj sikur t\u00eb jem edhe n\u00eb opozit\u00eb dhe n\u00eb pushtet","gt_translate_keys":[{"key":"rendered","format":"text"}]},"content":{"rendered":"<p><span style=\"color: #000000;\"><img loading=\"lazy\" decoding=\"async\" class=\"aligncenter size-full wp-image-473538\" src=\"https:\/\/www.hashtag.al\/wp-content\/uploads\/2021\/09\/Kurtialbin.jpg\" alt=\"\" width=\"2048\" height=\"1365\" srcset=\"https:\/\/www.hashtag.al\/wp-content\/uploads\/2021\/09\/Kurtialbin.jpg 2048w, https:\/\/www.hashtag.al\/wp-content\/uploads\/2021\/09\/Kurtialbin-300x200.jpg 300w, https:\/\/www.hashtag.al\/wp-content\/uploads\/2021\/09\/Kurtialbin-768x512.jpg 768w, https:\/\/www.hashtag.al\/wp-content\/uploads\/2021\/09\/Kurtialbin-1024x683.jpg 1024w\" sizes=\"auto, (max-width: 2048px) 100vw, 2048px\" \/><\/span><\/p>\n<p><span style=\"color: #000000;\">Kryeministri Albin Kurti n\u00eb nj\u00eb intervist\u00eb p\u00ebr BBC-n\u00eb ka th\u00ebn\u00eb se Serbia do q\u00eb Kosova do t\u00eb bosnj\u00ebzohet (p\u00ebrmes Asociacionit t\u00eb Komunave Serbe), por ai ka premtuar se nj\u00eb gj\u00eb e till\u00eb nuk do t\u00eb ndodh\u00eb, p\u00ebrkund\u00ebr se SHBA k\u00ebrkon sakt\u00ebsisht t\u00eb kund\u00ebrt\u00ebn.<\/span><\/p>\n<p><span style=\"color: #000000;\">Kurti siguroi se Asociacioni i Komunave Serbe n\u00eb Kosov\u00eb nuk do t\u00eb ndodh\u00eb, qoft\u00eb vet\u00eb n\u00eb qeveri apo opozit\u00eb, sepse sipas tij, kjo \u00ebsht\u00eb arsyeja pse \u00ebsht\u00eb votuar.<\/span><\/p>\n<p><span style=\"color: #000000;\">Tutje, kryeministri tha se kur Asociacioni i Komunave Serbe nuk u implementua, asnj\u00eb serb nuk protestoi, asnj\u00ebher\u00eb.<\/span><\/p>\n<p><span style=\"color: #000000;\">Sipas tij, ishte gjithmon\u00eb Beogradi ai q\u00eb ishte nervoz kur \u201cZajednica\u201d nuk kaloi, sepse Serbia do q\u00eb t\u00eb krijoj\u00eb nj\u00eb shtet tjet\u00ebr brenda Kosov\u00ebs.<\/span><\/p>\n<p><span style=\"color: #000000;\">\u201c<em>Kur Asociacioni i Komunave Serbe nuk u implementua, asnj\u00eb serb nuk protestoi, kurr\u00eb. Ishte gjithmon\u00eb Beogradi q\u00eb ishte nervoz. Ata (Serbia) don\u00eb q\u00eb ta p\u00ebrs\u00ebrisin bosnj\u00ebzimin n\u00eb Kosov\u00eb, ne nuk do ta lejojm\u00eb k\u00ebt\u00eb, qofshim n\u00eb opozit\u00eb apo qeveri. Kjo \u00ebsht\u00eb arsyeja q\u00eb jam votuar: T\u00eb pamund\u00ebsoj\u00eb bosnj\u00ebzimin e Kosov\u00ebs. Un\u00eb jam i sigurt q\u00eb me programin ton\u00eb, ne do t\u2019i ndihmojm\u00eb serb\u00ebt po aq sa shqiptar\u00ebt. N\u00ebse ne pyesim serb\u00ebt cilat jan\u00eb ankesat tuaja, ata do t\u00eb thon\u00eb \u201cvendet e pun\u00ebs dhe drejt\u00ebsia\u201d, por Beogradi do t\u00eb ket\u00eb nj\u00eb shtet brenda nj\u00eb shteti, nj\u00eb shtet t\u00eb Serbis\u00eb brenda pavar\u00ebsis\u00eb s\u00eb Kosov\u00ebs<\/em>\u201d, ka th\u00ebn\u00eb Kurti p\u00ebr BBC.<\/span><\/p>\n","protected":false,"gt_translate_keys":[{"key":"rendered","format":"html"}]},"excerpt":{"rendered":"<p>Kryeministri Albin Kurti n\u00eb nj\u00eb intervist\u00eb p\u00ebr BBC-n\u00eb ka th\u00ebn\u00eb se Serbia do q\u00eb Kosova do t\u00eb bosnj\u00ebzohet (p\u00ebrmes Asociacionit t\u00eb Komunave Serbe), por ai ka premtuar se nj\u00eb gj\u00eb e till\u00eb nuk do t\u00eb ndodh\u00eb, p\u00ebrkund\u00ebr se SHBA k\u00ebrkon sakt\u00ebsisht t\u00eb kund\u00ebrt\u00ebn. Kurti siguroi se Asociacioni i Komunave Serbe n\u00eb Kosov\u00eb nuk do t\u00eb [&hellip;]<\/p>\n","protected":false,"gt_translate_keys":[{"key":"rendered","format":"html"}]},"author":32,"featured_media":440188,"comment_status":"closed","ping_status":"closed","sticky":false,"template":"","format":"standard","meta":{"footnotes":""},"categories":[149,13],"tags":[],"class_list":["post-482418","post","type-post","status-publish","format-standard","has-post-thumbnail","hentry","category-kosoverajon","category-te-fundit"],"gt_translate_keys":[{"key":"link","format":"url"}],"_links":{"self":[{"href":"https:\/\/www.hashtag.al\/index.php\/wp-json\/wp\/v2\/posts\/482418","targetHints":{"allow":["GET"]}}],"collection":[{"href":"https:\/\/www.hashtag.al\/index.php\/wp-json\/wp\/v2\/posts"}],"about":[{"href":"https:\/\/www.hashtag.al\/index.php\/wp-json\/wp\/v2\/types\/post"}],"author":[{"embeddable":true,"href":"https:\/\/www.hashtag.al\/index.php\/wp-json\/wp\/v2\/users\/32"}],"replies":[{"embeddable":true,"href":"https:\/\/www.hashtag.al\/index.php\/wp-json\/wp\/v2\/comments?post=482418"}],"version-history":[{"count":0,"href":"https:\/\/www.hashtag.al\/index.php\/wp-json\/wp\/v2\/posts\/482418\/revisions"}],"wp:featuredmedia":[{"embeddable":true,"href":"https:\/\/www.hashtag.al\/index.php\/wp-json\/wp\/v2\/media\/440188"}],"wp:attachment":[{"href":"https:\/\/www.hashtag.al\/index.php\/wp-json\/wp\/v2\/media?parent=482418"}],"wp:term":[{"taxonomy":"category","embeddable":true,"href":"https:\/\/www.hashtag.al\/index.php\/wp-json\/wp\/v2\/categories?post=482418"},{"taxonomy":"post_tag","embeddable":true,"href":"https:\/\/www.hashtag.al\/index.php\/wp-json\/wp\/v2\/tags?post=482418"}],"curies":[{"name":"wp","href":"https:\/\/api.w.org\/{rel}","templated":true}]}}