{"id":481967,"date":"2021-10-31T19:34:05","date_gmt":"2021-10-31T18:34:05","guid":{"rendered":"https:\/\/www.hashtag.al\/?p=481967"},"modified":"2021-10-31T19:35:12","modified_gmt":"2021-10-31T18:35:12","slug":"ndahet-nga-jeta-babai-i-lulzim-bashes","status":"publish","type":"post","link":"https:\/\/www.hashtag.al\/index.php\/2021\/10\/31\/ndahet-nga-jeta-babai-i-lulzim-bashes\/","title":{"rendered":"Ndahet nga jeta babai i Lulzim Bash\u00ebs","gt_translate_keys":[{"key":"rendered","format":"text"}]},"content":{"rendered":"<p><span style=\"color: #000000;\"><img loading=\"lazy\" decoding=\"async\" class=\"aligncenter size-full wp-image-481969\" src=\"https:\/\/www.hashtag.al\/wp-content\/uploads\/2021\/10\/auto_basha1606559899.jpg\" alt=\"\" width=\"900\" height=\"600\" srcset=\"https:\/\/www.hashtag.al\/wp-content\/uploads\/2021\/10\/auto_basha1606559899.jpg 900w, https:\/\/www.hashtag.al\/wp-content\/uploads\/2021\/10\/auto_basha1606559899-300x200.jpg 300w, https:\/\/www.hashtag.al\/wp-content\/uploads\/2021\/10\/auto_basha1606559899-768x512.jpg 768w\" sizes=\"auto, (max-width: 900px) 100vw, 900px\" \/><\/span><\/p>\n<p><span style=\"color: #000000;\">Babai i kreut t\u00eb PD-s\u00eb, Basha, Xhelal Basha, \u00ebsht\u00eb ndar\u00eb nga jeta n\u00eb mosh\u00ebn 85-vje\u00e7are.<\/span><\/p>\n<p><span style=\"color: #000000;\">Ai vuante nga nj\u00eb s\u00ebmundje e r\u00ebnd\u00eb dhe po mjekohej n\u00eb spital prej disa koh\u00ebsh.<\/span><\/p>\n<p><img loading=\"lazy\" decoding=\"async\" class=\"aligncenter size-full wp-image-481970\" src=\"https:\/\/www.hashtag.al\/wp-content\/uploads\/2021\/10\/xhelalbasha.jpg\" alt=\"\" width=\"467\" height=\"350\" srcset=\"https:\/\/www.hashtag.al\/wp-content\/uploads\/2021\/10\/xhelalbasha.jpg 467w, https:\/\/www.hashtag.al\/wp-content\/uploads\/2021\/10\/xhelalbasha-300x225.jpg 300w\" sizes=\"auto, (max-width: 467px) 100vw, 467px\" \/><\/p>\n","protected":false,"gt_translate_keys":[{"key":"rendered","format":"html"}]},"excerpt":{"rendered":"<p>Babai i kreut t\u00eb PD-s\u00eb, Basha, Xhelal Basha, \u00ebsht\u00eb ndar\u00eb nga jeta n\u00eb mosh\u00ebn 85-vje\u00e7are. Ai vuante nga nj\u00eb s\u00ebmundje e r\u00ebnd\u00eb dhe po mjekohej n\u00eb spital prej disa koh\u00ebsh.<\/p>\n","protected":false,"gt_translate_keys":[{"key":"rendered","format":"html"}]},"author":51,"featured_media":481969,"comment_status":"closed","ping_status":"closed","sticky":false,"template":"","format":"standard","meta":{"footnotes":""},"categories":[65,13],"tags":[],"class_list":["post-481967","post","type-post","status-publish","format-standard","has-post-thumbnail","hentry","category-lajme","category-te-fundit"],"gt_translate_keys":[{"key":"link","format":"url"}],"_links":{"self":[{"href":"https:\/\/www.hashtag.al\/index.php\/wp-json\/wp\/v2\/posts\/481967","targetHints":{"allow":["GET"]}}],"collection":[{"href":"https:\/\/www.hashtag.al\/index.php\/wp-json\/wp\/v2\/posts"}],"about":[{"href":"https:\/\/www.hashtag.al\/index.php\/wp-json\/wp\/v2\/types\/post"}],"author":[{"embeddable":true,"href":"https:\/\/www.hashtag.al\/index.php\/wp-json\/wp\/v2\/users\/51"}],"replies":[{"embeddable":true,"href":"https:\/\/www.hashtag.al\/index.php\/wp-json\/wp\/v2\/comments?post=481967"}],"version-history":[{"count":0,"href":"https:\/\/www.hashtag.al\/index.php\/wp-json\/wp\/v2\/posts\/481967\/revisions"}],"wp:featuredmedia":[{"embeddable":true,"href":"https:\/\/www.hashtag.al\/index.php\/wp-json\/wp\/v2\/media\/481969"}],"wp:attachment":[{"href":"https:\/\/www.hashtag.al\/index.php\/wp-json\/wp\/v2\/media?parent=481967"}],"wp:term":[{"taxonomy":"category","embeddable":true,"href":"https:\/\/www.hashtag.al\/index.php\/wp-json\/wp\/v2\/categories?post=481967"},{"taxonomy":"post_tag","embeddable":true,"href":"https:\/\/www.hashtag.al\/index.php\/wp-json\/wp\/v2\/tags?post=481967"}],"curies":[{"name":"wp","href":"https:\/\/api.w.org\/{rel}","templated":true}]}}