{"id":481590,"date":"2021-10-29T21:52:33","date_gmt":"2021-10-29T19:52:33","guid":{"rendered":"https:\/\/www.hashtag.al\/?p=481590"},"modified":"2021-10-29T21:52:33","modified_gmt":"2021-10-29T19:52:33","slug":"protestuesit-pro-lbgt-demonstrata-ne-itali-kundershtojne-vendimin-e-senatit-pas-rrezimit-te-ligjit-pro-komunitetit-video","status":"publish","type":"post","link":"https:\/\/www.hashtag.al\/index.php\/2021\/10\/29\/protestuesit-pro-lbgt-demonstrata-ne-itali-kundershtojne-vendimin-e-senatit-pas-rrezimit-te-ligjit-pro-komunitetit-video\/","title":{"rendered":"Protestuesit pro LBGT demonstrata n\u00eb Itali, kund\u00ebrshtojn\u00eb vendimin e Senatit pas rr\u00ebzimit t\u00eb ligjit pro komunitetit (Video)","gt_translate_keys":[{"key":"rendered","format":"text"}]},"content":{"rendered":"<div style=\"width: 854px;\" class=\"wp-video\"><video class=\"wp-video-shortcode\" id=\"video-481590-1\" width=\"854\" height=\"480\" preload=\"metadata\" controls=\"controls\"><source type=\"video\/mp4\" src=\"https:\/\/www.hashtag.al\/wp-content\/uploads\/2021\/10\/files_2021.10_617bcebc85f5407be56081af.mp4?_=1\" \/><a href=\"https:\/\/www.hashtag.al\/wp-content\/uploads\/2021\/10\/files_2021.10_617bcebc85f5407be56081af.mp4\">https:\/\/www.hashtag.al\/wp-content\/uploads\/2021\/10\/files_2021.10_617bcebc85f5407be56081af.mp4<\/a><\/video><\/div>\n<p><span style=\"color: #000000;\">Demonstruesit dol\u00ebn n\u00eb rrug\u00eb n\u00eb Rom\u00eb dhe Milano, pas votimit t\u00eb Senatit t\u00eb Italis\u00eb p\u00ebr nj\u00eb projektligj kund\u00ebr homofobis\u00eb. Ai propozoi t\u00eb barazohej diskriminimi anti-LGBT me racizmin dhe t\u00eb ngrihej orientimi seksual dhe temat gjinore n\u00eb shkolla.<\/span><\/p>\n<p><span style=\"color: #000000;\">Dokumenti polemizues, i njohur si &#8216;ligji i Zanit&#8217; sipas emrit t\u00eb nism\u00ebtarit t\u00eb tij, deputetit t\u00eb qendr\u00ebs s\u00eb majt\u00eb t\u00eb Italis\u00eb dhe aktivistit t\u00eb t\u00eb drejtave LGBT Alessandro Zan, u refuzua me 154 vota n\u00eb Senat t\u00eb m\u00ebrkur\u00ebn, nd\u00ebrsa 131 an\u00ebtar\u00eb votuan pro. <\/span><\/p>\n<p><span style=\"color: #000000;\">I prezantuar p\u00ebr her\u00eb t\u00eb par\u00eb n\u00eb dhom\u00ebn e ul\u00ebt t\u00eb parlamentit n\u00eb maj 2018, ai kaloi Dhom\u00ebn e P\u00ebrfaq\u00ebsuesve vitin e kaluar n\u00eb n\u00ebntor, por u p\u00ebrball me sfida n\u00eb Senat. Parlamenti tani nuk do t\u00eb jet\u00eb n\u00eb gjendje t\u00eb rihap\u00eb diskutimet mbi ligjin e propozuar p\u00ebr gjasht\u00eb muajt e ardhsh\u00ebm, gj\u00eb q\u00eb l\u00eb pak koh\u00eb q\u00eb ai t\u00eb miratohet fare p\u00ebrpara se t\u00eb skadoj\u00eb legjislacioni. \u2018Ligji ka vdekur\u2019, tha senatori Dario Parrini p\u00ebr Reuters.<\/span><\/p>\n<p><span style=\"color: #000000;\">Me faktin se ligji ka ndezur debate t\u00eb ashpra midis liberal\u00ebve dhe konservator\u00ebve, kund\u00ebrshtar\u00ebt e tij sugjeruan ndryshime n\u00eb dokumentin fillestar. Udh\u00ebheq\u00ebsi i Lega Nord t\u00eb Italis\u00eb dhe ish-ministri i Brendsh\u00ebm Matteo Salvini tha se refuzimi i politikan\u00ebve pro ligjit p\u00ebr dialog e ktheu legjislacionin n\u00eb \u2018vite diskutimesh t\u00eb padobishme\u2019. Ministri i Jasht\u00ebm i Italis\u00eb, Luigi Di Maio, dhe ministri i Pun\u00ebs, Andrea Orlando e quajt\u00ebn vendimin e Senatit nj\u00eb \u2018turp\u2019.<\/span><\/p>\n<p><span style=\"color: #000000;\"><em>\u201cE kuptuam q\u00eb kishte nj\u00eb mashtrim.\u201d &#8211; <\/em>tha nj\u00eb protestuese n\u00eb kryeqytetin italian p\u00ebr RT, duke shtuar se ajo dhe shoq\u00ebruesit e saj do t\u00eb \u2018luftojn\u00eb p\u00ebr t\u00eb arritur t\u00eb drejtat\u2019.<\/span><\/p>\n<p><span style=\"color: #000000;\">N\u00ebse miratohej, projektligji do t\u00eb kishte shtuar kategori t\u00eb reja n\u00eb seksionin e kodit penal t\u00eb Italis\u00eb q\u00eb n\u00eb m\u00ebnyr\u00eb specifike i nxjerr jasht\u00eb ligjit krimet e urrejtjes dhe diskriminimin. Projektligji i ri do t\u00eb kishte shtuar aktet e diskriminimit dhe dhun\u00ebs bazuar n\u00eb orientimin seksual, identitetin gjinor, seksin dhe aft\u00ebsin\u00eb e kufizuar n\u00eb list\u00ebn e veprave t\u00eb d\u00ebnueshme ligj\u00ebrisht me d\u00ebnime me burg dhe gjob\u00eb.<\/span><\/p>\n","protected":false,"gt_translate_keys":[{"key":"rendered","format":"html"}]},"excerpt":{"rendered":"<p>Demonstruesit dol\u00ebn n\u00eb rrug\u00eb n\u00eb Rom\u00eb dhe Milano, pas votimit t\u00eb Senatit t\u00eb Italis\u00eb p\u00ebr nj\u00eb projektligj kund\u00ebr homofobis\u00eb. Ai propozoi t\u00eb barazohej diskriminimi anti-LGBT me racizmin dhe t\u00eb ngrihej orientimi seksual dhe temat gjinore n\u00eb shkolla. Dokumenti polemizues, i njohur si &#8216;ligji i Zanit&#8217; sipas emrit t\u00eb nism\u00ebtarit t\u00eb tij, deputetit t\u00eb qendr\u00ebs s\u00eb [&hellip;]<\/p>\n","protected":false,"gt_translate_keys":[{"key":"rendered","format":"html"}]},"author":51,"featured_media":481592,"comment_status":"closed","ping_status":"closed","sticky":false,"template":"","format":"standard","meta":{"footnotes":""},"categories":[53],"tags":[],"class_list":["post-481590","post","type-post","status-publish","format-standard","has-post-thumbnail","hentry","category-fast-foodi"],"gt_translate_keys":[{"key":"link","format":"url"}],"_links":{"self":[{"href":"https:\/\/www.hashtag.al\/index.php\/wp-json\/wp\/v2\/posts\/481590","targetHints":{"allow":["GET"]}}],"collection":[{"href":"https:\/\/www.hashtag.al\/index.php\/wp-json\/wp\/v2\/posts"}],"about":[{"href":"https:\/\/www.hashtag.al\/index.php\/wp-json\/wp\/v2\/types\/post"}],"author":[{"embeddable":true,"href":"https:\/\/www.hashtag.al\/index.php\/wp-json\/wp\/v2\/users\/51"}],"replies":[{"embeddable":true,"href":"https:\/\/www.hashtag.al\/index.php\/wp-json\/wp\/v2\/comments?post=481590"}],"version-history":[{"count":0,"href":"https:\/\/www.hashtag.al\/index.php\/wp-json\/wp\/v2\/posts\/481590\/revisions"}],"wp:featuredmedia":[{"embeddable":true,"href":"https:\/\/www.hashtag.al\/index.php\/wp-json\/wp\/v2\/media\/481592"}],"wp:attachment":[{"href":"https:\/\/www.hashtag.al\/index.php\/wp-json\/wp\/v2\/media?parent=481590"}],"wp:term":[{"taxonomy":"category","embeddable":true,"href":"https:\/\/www.hashtag.al\/index.php\/wp-json\/wp\/v2\/categories?post=481590"},{"taxonomy":"post_tag","embeddable":true,"href":"https:\/\/www.hashtag.al\/index.php\/wp-json\/wp\/v2\/tags?post=481590"}],"curies":[{"name":"wp","href":"https:\/\/api.w.org\/{rel}","templated":true}]}}