{"id":481575,"date":"2021-10-30T08:30:28","date_gmt":"2021-10-30T06:30:28","guid":{"rendered":"https:\/\/www.hashtag.al\/?p=481575"},"modified":"2021-10-29T21:15:12","modified_gmt":"2021-10-29T19:15:12","slug":"mjeket-e-keshillojne-mbretereshen-elisabeth-te-pushoje-edhe-per-2-jave-te-tjera","status":"publish","type":"post","link":"https:\/\/www.hashtag.al\/index.php\/2021\/10\/30\/mjeket-e-keshillojne-mbretereshen-elisabeth-te-pushoje-edhe-per-2-jave-te-tjera\/","title":{"rendered":"Mjek\u00ebt e k\u00ebshillojn\u00eb Mbret\u00ebresh\u00ebn Elisabeth t\u00eb pushoj\u00eb edhe p\u00ebr 2 jav\u00eb t\u00eb tjera","gt_translate_keys":[{"key":"rendered","format":"text"}]},"content":{"rendered":"<p><span style=\"color: #000000;\"><a href=\"https:\/\/www.hashtag.al\/wp-content\/uploads\/2021\/10\/mbreteresha.jpg\"><img loading=\"lazy\" decoding=\"async\" class=\"aligncenter size-full wp-image-481577\" src=\"https:\/\/www.hashtag.al\/wp-content\/uploads\/2021\/10\/mbreteresha.jpg\" alt=\"\" width=\"976\" height=\"549\" srcset=\"https:\/\/www.hashtag.al\/wp-content\/uploads\/2021\/10\/mbreteresha.jpg 976w, https:\/\/www.hashtag.al\/wp-content\/uploads\/2021\/10\/mbreteresha-300x169.jpg 300w, https:\/\/www.hashtag.al\/wp-content\/uploads\/2021\/10\/mbreteresha-768x432.jpg 768w\" sizes=\"auto, (max-width: 976px) 100vw, 976px\" \/><\/a><\/span><\/p>\n<p><span style=\"color: #000000;\">Mbret\u00ebresha \u00ebsht\u00eb k\u00ebshilluar nga mjek\u00ebt t\u00eb pushoj\u00eb edhe p\u00ebr dy jav\u00eb t\u00eb tjera dhe nuk do t\u00eb kryej\u00eb vizita zyrtare gjat\u00eb k\u00ebsaj kohe, tha Buckingham Palace.<\/span><\/p>\n<p><span style=\"color: #000000;\">Si\u00e7 shkruan <span style=\"color: #0000ff;\"><a style=\"color: #0000ff;\" href=\"https:\/\/www.bbc.com\/news\/uk-59097106\">BBC<\/a><\/span>, pallati tha se monarkja 95-vje\u00e7are, mund t\u00eb nd\u00ebrmarr\u00eb disa detyra t\u00eb lehta gjat\u00eb k\u00ebsaj kohe, duke p\u00ebrfshir\u00eb audienc\u00ebn virtuale.<\/span><\/p>\n<p><span style=\"color: #000000;\">Zyrtar\u00ebt than\u00eb se ishte <em>&#8220;q\u00ebllimi i saj i fort\u00eb&#8221;<\/em> p\u00ebr t\u00eb marr\u00eb pjes\u00eb n\u00eb ngjarjet e s\u00eb Diel\u00ebs s\u00eb P\u00ebrkujtimit m\u00eb 14 n\u00ebntor.<\/span><\/p>\n<p><span style=\"color: #000000;\">Mbret\u00ebresha iu n\u00ebnshtrua kontrolleve paraprake mjek\u00ebsore n\u00eb spital m\u00eb 20 tetor, pasi anuloi nj\u00eb vizit\u00eb n\u00eb Irland\u00ebn e Veriut.<\/span><\/p>\n<p><span style=\"color: #000000;\">Ajo rifilloi angazhimet publike t\u00eb mart\u00ebn e k\u00ebsaj jave duke takuar ambasador\u00ebt p\u00ebrmes nj\u00eb lidhjeje me video nga K\u00ebshtjella e Windsor.<\/span><\/p>\n<p><span style=\"color: #000000;\">Por u njoftua se ajo nuk do t\u00eb marr\u00eb pjes\u00eb n\u00eb samitin e ndryshimeve klimatike COP26 n\u00eb Glasgow. Pallati tha se ajo do t&#8217;ua dor\u00ebzonte fjalimin e saj delegat\u00ebve duke p\u00ebrdorur nj\u00eb mesazh me video t\u00eb regjistruar. Ajo e regjistroi fjalimin t\u00eb premten pasdite.<\/span><\/p>\n<p><span style=\"color: #000000;\">N\u00eb nj\u00eb deklarat\u00eb, Buckingham Palace tha: <em>\u201cMjek\u00ebt kan\u00eb k\u00ebshilluar q\u00eb Madh\u00ebria e Saj mund t\u00eb vazhdoj\u00eb t\u00eb kryej\u00eb detyra t\u00eb lehta, t\u00eb bazuara n\u00eb tavolin\u00eb gjat\u00eb k\u00ebsaj kohe, duke p\u00ebrfshir\u00eb disa audienca virtuale, por jo t\u00eb nd\u00ebrmarr\u00eb ndonj\u00eb vizit\u00eb zyrtare. Madh\u00ebshtis\u00eb s\u00eb saj i vjen keq q\u00eb kjo do t\u00eb thot\u00eb se ajo nuk do t\u00eb jet\u00eb n\u00eb gjendje t\u00eb marr\u00eb pjes\u00eb n\u00eb Festivalin e Kujtes\u00ebs t\u00eb shtun\u00ebn, m\u00eb 13 n\u00ebntor\u201d.<\/em><\/span><\/p>\n","protected":false,"gt_translate_keys":[{"key":"rendered","format":"html"}]},"excerpt":{"rendered":"<p>Mbret\u00ebresha \u00ebsht\u00eb k\u00ebshilluar nga mjek\u00ebt t\u00eb pushoj\u00eb edhe p\u00ebr dy jav\u00eb t\u00eb tjera dhe nuk do t\u00eb kryej\u00eb vizita zyrtare gjat\u00eb k\u00ebsaj kohe, tha Buckingham Palace. Si\u00e7 shkruan BBC, pallati tha se monarkja 95-vje\u00e7are, mund t\u00eb nd\u00ebrmarr\u00eb disa detyra t\u00eb lehta gjat\u00eb k\u00ebsaj kohe, duke p\u00ebrfshir\u00eb audienc\u00ebn virtuale. Zyrtar\u00ebt than\u00eb se ishte &#8220;q\u00ebllimi i saj [&hellip;]<\/p>\n","protected":false,"gt_translate_keys":[{"key":"rendered","format":"html"}]},"author":30,"featured_media":481577,"comment_status":"closed","ping_status":"closed","sticky":false,"template":"","format":"standard","meta":{"footnotes":""},"categories":[53,6],"tags":[],"class_list":["post-481575","post","type-post","status-publish","format-standard","has-post-thumbnail","hentry","category-fast-foodi","category-nderkombetare"],"gt_translate_keys":[{"key":"link","format":"url"}],"_links":{"self":[{"href":"https:\/\/www.hashtag.al\/index.php\/wp-json\/wp\/v2\/posts\/481575","targetHints":{"allow":["GET"]}}],"collection":[{"href":"https:\/\/www.hashtag.al\/index.php\/wp-json\/wp\/v2\/posts"}],"about":[{"href":"https:\/\/www.hashtag.al\/index.php\/wp-json\/wp\/v2\/types\/post"}],"author":[{"embeddable":true,"href":"https:\/\/www.hashtag.al\/index.php\/wp-json\/wp\/v2\/users\/30"}],"replies":[{"embeddable":true,"href":"https:\/\/www.hashtag.al\/index.php\/wp-json\/wp\/v2\/comments?post=481575"}],"version-history":[{"count":0,"href":"https:\/\/www.hashtag.al\/index.php\/wp-json\/wp\/v2\/posts\/481575\/revisions"}],"wp:featuredmedia":[{"embeddable":true,"href":"https:\/\/www.hashtag.al\/index.php\/wp-json\/wp\/v2\/media\/481577"}],"wp:attachment":[{"href":"https:\/\/www.hashtag.al\/index.php\/wp-json\/wp\/v2\/media?parent=481575"}],"wp:term":[{"taxonomy":"category","embeddable":true,"href":"https:\/\/www.hashtag.al\/index.php\/wp-json\/wp\/v2\/categories?post=481575"},{"taxonomy":"post_tag","embeddable":true,"href":"https:\/\/www.hashtag.al\/index.php\/wp-json\/wp\/v2\/tags?post=481575"}],"curies":[{"name":"wp","href":"https:\/\/api.w.org\/{rel}","templated":true}]}}