{"id":481194,"date":"2021-10-28T11:24:27","date_gmt":"2021-10-28T09:24:27","guid":{"rendered":"https:\/\/www.hashtag.al\/?p=481194"},"modified":"2021-10-28T11:24:27","modified_gmt":"2021-10-28T09:24:27","slug":"rama-i-pergjigjet-xhaferajt-per-rindertimin-ne-itali-banoret-ende-ne-rulote-pas-12-vjetesh-ne-na-vonoi-pandemia","status":"publish","type":"post","link":"https:\/\/www.hashtag.al\/index.php\/2021\/10\/28\/rama-i-pergjigjet-xhaferajt-per-rindertimin-ne-itali-banoret-ende-ne-rulote-pas-12-vjetesh-ne-na-vonoi-pandemia\/","title":{"rendered":"Rama i p\u00ebrgjigjet Xhaferajt p\u00ebr rind\u00ebrtimin: N\u00eb Itali banor\u00ebt ende n\u00eb rulot\u00eb pas 12 vjet\u00ebsh, ne na vonoi pandemia","gt_translate_keys":[{"key":"rendered","format":"text"}]},"content":{"rendered":"<p><span style=\"color: #000000;\"><a href=\"https:\/\/www.hashtag.al\/wp-content\/uploads\/2021\/10\/Xhaferraj-Rama.jpg\"><img loading=\"lazy\" decoding=\"async\" class=\"aligncenter size-full wp-image-481195\" src=\"https:\/\/www.hashtag.al\/wp-content\/uploads\/2021\/10\/Xhaferraj-Rama.jpg\" alt=\"\" width=\"1930\" height=\"1000\" srcset=\"https:\/\/www.hashtag.al\/wp-content\/uploads\/2021\/10\/Xhaferraj-Rama.jpg 1930w, https:\/\/www.hashtag.al\/wp-content\/uploads\/2021\/10\/Xhaferraj-Rama-300x155.jpg 300w, https:\/\/www.hashtag.al\/wp-content\/uploads\/2021\/10\/Xhaferraj-Rama-768x398.jpg 768w, https:\/\/www.hashtag.al\/wp-content\/uploads\/2021\/10\/Xhaferraj-Rama-1024x531.jpg 1024w\" sizes=\"auto, (max-width: 1930px) 100vw, 1930px\" \/><\/a>Deputeti i PD-s\u00eb s\u00eb qarkut t\u00eb Durr\u00ebsit, Ferdinand Xhaferraj kishte thirrur sot n\u00eb interpelanc\u00eb ministrin e Shtetit p\u00ebr Rind\u00ebrtimin dhe Programin e Reformave, Arben Ahmetaj.<\/span><\/p>\n<p><span style=\"color: #000000;\">Xhaferraj i k\u00ebrkoi llogari ministrit se p\u00ebrse n\u00eb fund t\u00eb korrikut u anulua vendimi p\u00ebr rikonstruksionin e dy rrug\u00ebve \u2018Miq\u00ebsia\u2019 dhe Azem Hajdari-gjelb\u00ebrimi\u2019, n\u00eb Durr\u00ebs.<\/span><\/p>\n<p><span style=\"color: #000000;\"><em>&#8220;T\u00ebrmeti ekspozoi vet\u00ebm nj\u00eb gj\u00eb,\u00a0q\u00eb ju jeni t\u00eb gatsh\u00ebm t\u00eb p\u00ebrfitoni edhe nga ngjarje t\u00eb tilla! Bab\u00ebzia ju b\u00ebn t\u00eb p\u00ebrfitoni edhe nga fatkeq\u00ebsia.&#8221;<\/em>&#8211; tha Xhaferraj.<\/span><\/p>\n<p><span style=\"color: #000000;\">Ai mori p\u00ebrgjigje nga Ahmetaj se vendimi nuk \u00ebsht\u00eb anuluar, por t\u00eb dyja rrug\u00ebt jan\u00eb futur brenda nj\u00eb plani t\u00eb detyruar vendor m\u00eb t\u00eb gjer\u00eb dhe nuk \u00ebsht\u00eb hequr financimi. Sipas Ahmetaj, procedurat p\u00ebr kontrat\u00ebn e punimeve pritet t\u00eb p\u00ebrfundojn\u00eb n\u00eb fund t\u00eb k\u00ebtij viti.<\/span><\/p>\n<p><span style=\"color: #000000;\">Nd\u00ebrkoh\u00eb Xhaferraj vuri n\u00eb dukje problematikat q\u00eb ka qarku i Durr\u00ebsit ve\u00e7an\u00ebrisht pas d\u00ebmeve t\u00eb shkaktuara nga t\u00ebrmeti.<\/span><\/p>\n<p><span style=\"color: #000000;\">Ai theksoi se shum\u00eb banor\u00eb jan\u00eb ende pa sht\u00ebpi, nd\u00ebrsa akuzoi qeverin\u00eb se ka fshehur p\u00ebrgjegj\u00ebsit e d\u00ebmeve t\u00eb shkaktuara nga t\u00ebrmeti, duke iu referuar cil\u00ebsis\u00eb s\u00eb dob\u00ebt t\u00eb nd\u00ebrtimeve.<\/span><\/p>\n<p><span style=\"color: #000000;\"><em>\u201cBrenda qershorit t\u00eb 2021, kryeministri tha se do t\u00eb kemi mbaruar pun\u00eb me t\u00ebrmetin. Nd\u00ebrsa sot, n\u00eb tetor 2021, qytetar\u00ebt e Durr\u00ebsit akoma nuk kan\u00eb marr\u00eb bonuset e qiras\u00eb. Ka nj\u00eb problem tjet\u00ebr, q\u00eb prek rrug\u00ebn. N\u00eb dhjetor t\u00eb vitit 2020, dy shoqata, jan\u00eb drejtuar komisionerit p\u00ebr mbrojtje nga diskriminimi sepse kishin vite q\u00eb k\u00ebrkonin t\u00eb b\u00ebnin rrug\u00ebn, por punonj\u00ebsit e administrat\u00ebs i quanin \u2018\u00e7e\u00e7en\u00eb\u2019. Kur arrini t\u00eb diskriminoni komisionerin p\u00ebr mbrojtje t\u00eb diskriminimit, \u00e7far\u00eb prisni p\u00ebr t\u00eb tjer\u00ebt. E kuptoni ku jemi? Komisioneri k\u00ebrkon informacion dhe nuk merr, imagjino \u00e7far\u00eb ndodh me qytetar\u00ebt e thjesht\u00eb. I vetmi z\u00eb q\u00eb d\u00ebgjon qeveria juaj \u00ebsht\u00eb z\u00ebri i ryshfetit, oligark\u00ebve. N\u00eb Durr\u00ebs nuk ka vrar\u00eb t\u00ebrmeti, por masakra urbane. Po \u00e7far\u00eb flisni p\u00ebr t\u00ebrmetin sepse rrafshuat 30 sheshe dhe filluat punimet n\u00eb pallatin ku banonte zv.ministrja e Brendshme. Ju jeni t\u00eb gatsh\u00ebm t\u00eb p\u00ebrfitoni nga bab\u00ebzia.\u201d<\/em>&#8211; tha Xhaferraj.<\/span><\/p>\n<p><span style=\"color: #000000;\">Deputeti demokrat i mori p\u00ebrgjigjet nga kryeministri Edi Rama, i cili e ftoi Xhaferrajn t\u00eb jet\u00eb prezent n\u00eb dor\u00ebzimin e k\u00ebtyre banesave nga Durr\u00ebsi n\u00eb La\u00e7 dhe Tiran\u00eb. Rama theksoi se n\u00eb Itali ka ende familje q\u00eb jetojn\u00eb n\u00eb rulot\u00eb edhe 12 vite pas t\u00ebrmetit t\u00eb ndodhur atje.<\/span><\/p>\n<p><em><span style=\"color: #000000;\">\u201cU ndjeva i detyruar t\u00eb nd\u00ebrhyj sepse realisht \u00e7do njeri ka t\u00eb drejt\u00eb t\u00eb gaboj\u00eb, por t\u00eb k\u00ebmb\u00ebngul\u00ebsh n\u00eb gabim \u00ebsht\u00eb djall\u00ebzore. E ngrit\u00ebt me furi nj\u00eb uturi shpifjesh dhe akuzash dhe b\u00ebt\u00eb edhe nj\u00eb gjest digjital k\u00ebtu, me siguri keni qen\u00eb i z\u00ebn\u00eb p\u00ebr t\u00eb p\u00ebrmir\u00ebsuar cil\u00ebsin\u00eb e diellit dhe se keni v\u00ebn\u00eb re q\u00eb mes angazhimeve p\u00ebr t\u00eb pasojat e t\u00ebrmetit dhe afateve t\u00eb t\u00ebrmetit ka ndodhur di\u00e7ka q\u00eb ka tronditur gjith\u00eb bot\u00ebn, zoti Xhaferri, pandemia.\u00a0<\/span><\/em><\/p>\n<p><em><span style=\"color: #000000;\">Ju kujtoj se kan\u00eb qen\u00eb muaj t\u00eb t\u00ebr\u00eb n\u00eb t\u00eb cil\u00ebn kantier\u00ebt jan\u00eb bllokuar edhe afatet do t\u00eb shtyheshin. Ajo q\u00eb m\u00eb shqet\u00ebson m\u00eb shum\u00eb nuk \u00ebsht\u00eb ky aspekt, mbi \u00e7far\u00eb baze i ngrini k\u00ebta akuza dhe flisni p\u00ebr bab\u00ebzi. Keni ndonj\u00eb shif\u00ebr. Shkollat kan\u00eb standarde, kan\u00eb kritere, shkollat kan\u00eb preventiva, jan\u00eb t\u00eb zhvilluara si proces nd\u00ebrtimi me gara.<\/span><\/em><\/p>\n<p><em><span style=\"color: #000000;\">Garat kan\u00eb dosje dhe mbi gjith\u00eb k\u00ebto fakte mund t\u00eb b\u00ebhen edhe hulumtime dhe pastaj mund t\u00eb nxirren konkluzione profesionale jo si mjek popullor, apo si akrobat popullor cirku. Si\u00e7 ju tha dhe zv.kryeministri shkollat jan\u00eb aty krah p\u00ebr krah me shkollat q\u00eb keni nd\u00ebrtuar ju, dhe kontrasti \u00ebsht\u00eb si e sotmja me mesjet\u00ebn kur vjen fjala tek infrastruktura e tyre. Duhen fakte dhe argumente. Po na thua q\u00eb qenka fshehur sheshe p\u00ebr t\u00eb fshehur gjurm\u00ebt. T\u00eb gjitha godinat kan\u00eb historikun e tyre dhe provat i ka prokuroria. Syt\u00eb u jan\u00eb imunizuar prej shum\u00eb vitesh nga plehrat e sh\u00ebmtia. Ndryshe nuk do t\u00eb ishit krenare pa kthim p\u00ebr t\u00eb gjith\u00eb masakr\u00ebn urbane q\u00eb kemi promovuar si mrekulli t\u00eb bot\u00ebs.<\/span><\/em><\/p>\n<p><span style=\"color: #000000;\"><em>N\u00eb koh\u00ebn kur ju qeverisnit duhet t\u00eb dilje me duart n\u00eb hun\u00eb dhe n\u00eb sy p\u00ebr t\u00eb mos par\u00eb dhe p\u00ebr t\u00eb mos marr\u00eb er\u00eb. K\u00ebtu nuk kemi \u00e7far\u00eb diskutojm\u00eb. Kemi nj\u00eb konflikt estetik n\u00eb at\u00eb q\u00eb \u00ebsht\u00eb edhe dallimi i madh mes civilizimesh. Numri i familjeve q\u00eb sot kan\u00eb sht\u00ebpi \u00ebsht\u00eb i madh dhe do t\u00eb rritet n\u00eb jav\u00ebn e fundit. Ju ftoj ju zoti Xhaferri t\u00eb na bashkoheni n\u00eb hapjen e dyerve t\u00eb sht\u00ebpive deri n\u00eb dat\u00ebn 26 n\u00ebntor ku ju do shikoni me syt\u00eb tuaja se si n\u00eb Ish\u00ebm dhe jo shum\u00eb larg Durr\u00ebsit ku \u00ebsht\u00eb edhe Thumana, La\u00e7i, Bubqi. Mund t\u00eb vini me ne edhe n\u00eb Lezh\u00eb. Tiran\u00ebn ja ku e keni shkojm\u00eb bashk\u00eb edhe te 5 Maj k\u00ebtu af\u00ebr. Ka shum\u00eb gj\u00ebra p\u00ebr t\u00eb cilat mund t\u00eb ngrini pretendime por k\u00ebsaj t\u00eb t\u00ebrmetit duhet t\u2019i rrini larg. \u00cbsht\u00eb nj\u00eb nd\u00ebr nd\u00ebrmarrjet m\u00eb t\u00eb m\u00ebdha q\u00eb do mbetet n\u00eb histori. N\u00eb Itali njer\u00ebzit jan\u00eb akoma n\u00eb rulota pas 12 vitesh pas t\u00ebrmeteve. Nd\u00ebrkoh\u00eb q\u00eb k\u00ebtu, nuk kemi luksin t\u2019i l\u00ebm\u00eb njer\u00ebzit t\u00eb presin, t\u00eb gjith\u00eb do marrin at\u00eb q\u00eb i takon.\u201d<\/em>&#8211; tha Rama.\u00a0<\/span><\/p>\n","protected":false,"gt_translate_keys":[{"key":"rendered","format":"html"}]},"excerpt":{"rendered":"<p>Deputeti i PD-s\u00eb s\u00eb qarkut t\u00eb Durr\u00ebsit, Ferdinand Xhaferraj kishte thirrur sot n\u00eb interpelanc\u00eb ministrin e Shtetit p\u00ebr Rind\u00ebrtimin dhe Programin e Reformave, Arben Ahmetaj. Xhaferraj i k\u00ebrkoi llogari ministrit se p\u00ebrse n\u00eb fund t\u00eb korrikut u anulua vendimi p\u00ebr rikonstruksionin e dy rrug\u00ebve \u2018Miq\u00ebsia\u2019 dhe Azem Hajdari-gjelb\u00ebrimi\u2019, n\u00eb Durr\u00ebs. &#8220;T\u00ebrmeti ekspozoi vet\u00ebm nj\u00eb gj\u00eb,\u00a0q\u00eb [&hellip;]<\/p>\n","protected":false,"gt_translate_keys":[{"key":"rendered","format":"html"}]},"author":30,"featured_media":481195,"comment_status":"closed","ping_status":"closed","sticky":false,"template":"","format":"standard","meta":{"footnotes":""},"categories":[65,13],"tags":[],"class_list":["post-481194","post","type-post","status-publish","format-standard","has-post-thumbnail","hentry","category-lajme","category-te-fundit"],"gt_translate_keys":[{"key":"link","format":"url"}],"_links":{"self":[{"href":"https:\/\/www.hashtag.al\/index.php\/wp-json\/wp\/v2\/posts\/481194","targetHints":{"allow":["GET"]}}],"collection":[{"href":"https:\/\/www.hashtag.al\/index.php\/wp-json\/wp\/v2\/posts"}],"about":[{"href":"https:\/\/www.hashtag.al\/index.php\/wp-json\/wp\/v2\/types\/post"}],"author":[{"embeddable":true,"href":"https:\/\/www.hashtag.al\/index.php\/wp-json\/wp\/v2\/users\/30"}],"replies":[{"embeddable":true,"href":"https:\/\/www.hashtag.al\/index.php\/wp-json\/wp\/v2\/comments?post=481194"}],"version-history":[{"count":0,"href":"https:\/\/www.hashtag.al\/index.php\/wp-json\/wp\/v2\/posts\/481194\/revisions"}],"wp:featuredmedia":[{"embeddable":true,"href":"https:\/\/www.hashtag.al\/index.php\/wp-json\/wp\/v2\/media\/481195"}],"wp:attachment":[{"href":"https:\/\/www.hashtag.al\/index.php\/wp-json\/wp\/v2\/media?parent=481194"}],"wp:term":[{"taxonomy":"category","embeddable":true,"href":"https:\/\/www.hashtag.al\/index.php\/wp-json\/wp\/v2\/categories?post=481194"},{"taxonomy":"post_tag","embeddable":true,"href":"https:\/\/www.hashtag.al\/index.php\/wp-json\/wp\/v2\/tags?post=481194"}],"curies":[{"name":"wp","href":"https:\/\/api.w.org\/{rel}","templated":true}]}}