{"id":480706,"date":"2021-10-25T21:47:20","date_gmt":"2021-10-25T19:47:20","guid":{"rendered":"https:\/\/www.hashtag.al\/?p=480706"},"modified":"2021-10-25T21:47:20","modified_gmt":"2021-10-25T19:47:20","slug":"ne-sudan-shpallet-gjendja-e-jashtezakonshme-shperbehet-qeveria-pas-grushtit-te-shtetit-dhe-arrestimit-te-kryeministrit","status":"publish","type":"post","link":"https:\/\/www.hashtag.al\/index.php\/2021\/10\/25\/ne-sudan-shpallet-gjendja-e-jashtezakonshme-shperbehet-qeveria-pas-grushtit-te-shtetit-dhe-arrestimit-te-kryeministrit\/","title":{"rendered":"N\u00eb Sudan shpallet gjendja e jasht\u00ebzakonshme, shp\u00ebrb\u00ebhet qeveria pas Grushtit t\u00eb Shtetit dhe arrestimit t\u00eb kryeministrit","gt_translate_keys":[{"key":"rendered","format":"text"}]},"content":{"rendered":"<p><span style=\"color: #000000;\"><img loading=\"lazy\" decoding=\"async\" class=\"aligncenter size-full wp-image-480707\" src=\"https:\/\/www.hashtag.al\/wp-content\/uploads\/2021\/10\/sudan.jpg\" alt=\"\" width=\"980\" height=\"551\" srcset=\"https:\/\/www.hashtag.al\/wp-content\/uploads\/2021\/10\/sudan.jpg 980w, https:\/\/www.hashtag.al\/wp-content\/uploads\/2021\/10\/sudan-300x169.jpg 300w, https:\/\/www.hashtag.al\/wp-content\/uploads\/2021\/10\/sudan-768x432.jpg 768w\" sizes=\"auto, (max-width: 980px) 100vw, 980px\" \/><\/span><\/p>\n<p><span style=\"color: #000000;\">Kreu i k\u00ebshillit qeveris\u00ebs t\u00eb Sudanit, Abdel Fattah al-Burhan, ka njoftuar shp\u00ebrb\u00ebrjen e k\u00ebshillit tranzitor sovran dhe qeveris\u00eb, duke vendosur nj\u00eb gjendje t\u00eb jasht\u00ebzakonshme n\u00eb mes t\u00eb nj\u00eb grusht shteti ushtarak pas arrestimit t\u00eb kryeministrit.<\/span><\/p>\n<p><span style=\"color: #000000;\">N\u00eb nj\u00eb deklarat\u00eb t\u00eb dh\u00ebn\u00eb t\u00eb h\u00ebn\u00ebn, Abdel Fattah al-Burhan, kreu i nj\u00eb K\u00ebshilli Sovran t\u00eb an\u00ebtar\u00ebve ushtarak\u00eb dhe civil\u00eb q\u00eb drejton vendin, shpalli gjendjen e jasht\u00ebzakonshme dhe shp\u00ebrndau qeverin\u00eb.<\/span><\/p>\n<p><span style=\"color: #000000;\">Pas arrestimit t\u00eb kryeministrit Abdalla Hamdok dhe zyrtar\u00ebve t\u00eb tjer\u00eb nga trupat, Burhan deklaroi se ushtria do t\u00eb mbik\u00ebqyr\u00eb pjes\u00ebn e mbetur t\u00eb tranzicionit t\u00eb Sudanit n\u00eb demokraci dhe do t&#8217;i dor\u00ebzohet nj\u00eb qeverie t\u00eb zgjedhur n\u00eb m\u00ebnyr\u00eb demokratike.<\/span><\/p>\n<p><span style=\"color: #000000;\">Burhan, vet\u00eb nj\u00eb oficer ushtarak, u zotua t\u00eb siguroj\u00eb q\u00eb zgjedhjet t\u00eb mbahen n\u00eb korrik 2023. K\u00ebshilli Sovran ishte ngarkuar me mbik\u00ebqyrjen e nj\u00eb tranzicioni kat\u00ebrvje\u00e7ar n\u00eb demokraci pasi udh\u00ebheq\u00ebsi i vjet\u00ebr Omar al-Bashir u hoq nga pushteti n\u00eb vitin 2019 pas trazirave dhe protestave civile.<\/span><\/p>\n<p><span style=\"color: #000000;\">Udh\u00ebheq\u00ebsi i k\u00ebshillit pretendoi se ai u detyrua t\u00eb vepronte pas disa muajsh luftimesh t\u00eb brendshme midis udh\u00ebheq\u00ebsve ushtarak\u00eb dhe civil\u00eb, nd\u00ebrsa disa thirrje nga politikan\u00ebt p\u00ebrb\u00ebnin nxitje p\u00ebr dhun\u00eb.<\/span><\/p>\n<p><span style=\"color: #000000;\">Burhan pohoi se do t\u00eb krijonte kushtet e duhura q\u00eb partit\u00eb politike t\u00eb arrinin n\u00eb zgjedhje dhe k\u00ebmb\u00ebnguli se ushtria ishte e nevojshme p\u00ebr t\u00eb mbik\u00ebqyrur procesin dhe p\u00ebr t\u00eb garantuar sigurin\u00eb dhe sigurin\u00eb e vendit.<\/span><\/p>\n<p><span style=\"color: #000000;\">Dhjet\u00ebra mij\u00ebra njer\u00ebz kan\u00eb dal\u00eb n\u00eb rrug\u00ebt e Sudanit t\u00eb h\u00ebn\u00ebn pas arrestimit t\u00eb kryeministrit Hamdok. Ministria e Informacionit pretendoi se trupat kishin q\u00eblluar mbi protestuesit n\u00eb kryeqytet dhe qytetin binjak t\u00eb tij, Omdurman.<\/span><\/p>\n","protected":false,"gt_translate_keys":[{"key":"rendered","format":"html"}]},"excerpt":{"rendered":"<p>Kreu i k\u00ebshillit qeveris\u00ebs t\u00eb Sudanit, Abdel Fattah al-Burhan, ka njoftuar shp\u00ebrb\u00ebrjen e k\u00ebshillit tranzitor sovran dhe qeveris\u00eb, duke vendosur nj\u00eb gjendje t\u00eb jasht\u00ebzakonshme n\u00eb mes t\u00eb nj\u00eb grusht shteti ushtarak pas arrestimit t\u00eb kryeministrit. N\u00eb nj\u00eb deklarat\u00eb t\u00eb dh\u00ebn\u00eb t\u00eb h\u00ebn\u00ebn, Abdel Fattah al-Burhan, kreu i nj\u00eb K\u00ebshilli Sovran t\u00eb an\u00ebtar\u00ebve ushtarak\u00eb dhe civil\u00eb [&hellip;]<\/p>\n","protected":false,"gt_translate_keys":[{"key":"rendered","format":"html"}]},"author":51,"featured_media":480707,"comment_status":"closed","ping_status":"closed","sticky":false,"template":"","format":"standard","meta":{"footnotes":""},"categories":[6],"tags":[],"class_list":["post-480706","post","type-post","status-publish","format-standard","has-post-thumbnail","hentry","category-nderkombetare"],"gt_translate_keys":[{"key":"link","format":"url"}],"_links":{"self":[{"href":"https:\/\/www.hashtag.al\/index.php\/wp-json\/wp\/v2\/posts\/480706","targetHints":{"allow":["GET"]}}],"collection":[{"href":"https:\/\/www.hashtag.al\/index.php\/wp-json\/wp\/v2\/posts"}],"about":[{"href":"https:\/\/www.hashtag.al\/index.php\/wp-json\/wp\/v2\/types\/post"}],"author":[{"embeddable":true,"href":"https:\/\/www.hashtag.al\/index.php\/wp-json\/wp\/v2\/users\/51"}],"replies":[{"embeddable":true,"href":"https:\/\/www.hashtag.al\/index.php\/wp-json\/wp\/v2\/comments?post=480706"}],"version-history":[{"count":0,"href":"https:\/\/www.hashtag.al\/index.php\/wp-json\/wp\/v2\/posts\/480706\/revisions"}],"wp:featuredmedia":[{"embeddable":true,"href":"https:\/\/www.hashtag.al\/index.php\/wp-json\/wp\/v2\/media\/480707"}],"wp:attachment":[{"href":"https:\/\/www.hashtag.al\/index.php\/wp-json\/wp\/v2\/media?parent=480706"}],"wp:term":[{"taxonomy":"category","embeddable":true,"href":"https:\/\/www.hashtag.al\/index.php\/wp-json\/wp\/v2\/categories?post=480706"},{"taxonomy":"post_tag","embeddable":true,"href":"https:\/\/www.hashtag.al\/index.php\/wp-json\/wp\/v2\/tags?post=480706"}],"curies":[{"name":"wp","href":"https:\/\/api.w.org\/{rel}","templated":true}]}}