{"id":480595,"date":"2021-10-25T13:29:38","date_gmt":"2021-10-25T11:29:38","guid":{"rendered":"https:\/\/www.hashtag.al\/?p=480595"},"modified":"2021-10-25T13:32:35","modified_gmt":"2021-10-25T11:32:35","slug":"zarfi-me-plumba-u-vjen-ne-shtepi-kercenohen-me-vdekje-kryeministri-slloven-dhe-ministri-i-mbrojtjes","status":"publish","type":"post","link":"https:\/\/www.hashtag.al\/index.php\/2021\/10\/25\/zarfi-me-plumba-u-vjen-ne-shtepi-kercenohen-me-vdekje-kryeministri-slloven-dhe-ministri-i-mbrojtjes\/","title":{"rendered":"Zarfi me plumba u vjen n\u00eb sht\u00ebpi, k\u00ebrc\u00ebnohen me vdekje kryeministri slloven dhe ministri i Mbrojtjes","gt_translate_keys":[{"key":"rendered","format":"text"}]},"content":{"rendered":"<p><span style=\"color: #000000;\"><a href=\"https:\/\/www.hashtag.al\/wp-content\/uploads\/2021\/10\/Jansha.jpg\"><img loading=\"lazy\" decoding=\"async\" class=\"aligncenter size-full wp-image-480596\" src=\"https:\/\/www.hashtag.al\/wp-content\/uploads\/2021\/10\/Jansha.jpg\" alt=\"\" width=\"696\" height=\"392\" srcset=\"https:\/\/www.hashtag.al\/wp-content\/uploads\/2021\/10\/Jansha.jpg 696w, https:\/\/www.hashtag.al\/wp-content\/uploads\/2021\/10\/Jansha-300x169.jpg 300w\" sizes=\"auto, (max-width: 696px) 100vw, 696px\" \/><\/a><\/span><\/p>\n<p><span style=\"color: #000000;\">Kryeministri slloven Janez Jansha ka marr\u00eb nj\u00eb pako p\u00ebrmes s\u00eb cil\u00ebs ai dhe familja e tij jan\u00eb k\u00ebrc\u00ebnuar me jet\u00eb, nd\u00ebrsa nj\u00eb k\u00ebrc\u00ebnim t\u00eb ngjash\u00ebm ka marr\u00eb edhe ministri i Mbrojtjes Matej Tonin.<\/span><\/p>\n<p><span style=\"color: #000000;\">T\u00eb pakt\u00ebn k\u00ebshtu kan\u00eb raportuar <span style=\"color: #0000ff;\"><a style=\"color: #0000ff;\" href=\"https:\/\/www.vecer.press\/%D1%81%D0%BB%D0%BE%D0%B2%D0%B5%D0%BD%D0%B5%D1%87%D0%BA%D0%B8%D0%BE%D1%82-%D0%BF%D1%80%D0%B5%D0%BC%D0%B8%D0%B5%D1%80-%D0%B8-%D0%BC%D0%B8%D0%BD%D0%B8%D1%81%D1%82%D0%B5%D1%80%D0%BE%D1%82-%D0%B7%D0%B0\/\">mediat<\/a> <\/span>sllovene mbr\u00ebmjen e kaluar.<\/span><\/p>\n<p><span style=\"color: #000000;\">Sipas k\u00ebtyre raportimeve, kryeministri Jansha ka marr\u00eb k\u00ebrc\u00ebnime me vdekje n\u00eb nj\u00eb zarf t\u00eb d\u00ebrguar n\u00eb adres\u00ebn e tij private, gj\u00eb q\u00eb \u00ebsht\u00eb konfirmuar edhe nga zyra e kryeministrit.<\/span><\/p>\n<p><span style=\"color: #000000;\">Policia po heton lidhur me rastin.<\/span><\/p>\n<p><span style=\"color: #000000;\">Mediat raportuan se Jansha dhe ministri Tonin mor\u00ebn letra n\u00eb adresat e tyre t\u00eb premten, t\u00eb cilat p\u00ebrmbanin k\u00ebrc\u00ebnime me vdekje dhe p\u00ebrmbanin <em>&#8220;municione t\u00eb kalibrit m\u00eb t\u00eb madh&#8221;.<\/em> K\u00ebrc\u00ebnimet ishin edhe p\u00ebr an\u00ebtar\u00ebt e familjes s\u00eb Jansh\u00ebs.<\/span><\/p>\n<p><span style=\"color: #000000;\">Thuhet se kjo nuk \u00ebsht\u00eb hera e par\u00eb q\u00eb kryeministri slloven k\u00ebrc\u00ebnohet n\u00eb k\u00ebt\u00eb m\u00ebnyr\u00eb. Vet\u00eb Jansha postoi fotografi t\u00eb zarfit me plumb brenda n\u00eb rrjetet sociale.<\/span><\/p>\n<p><span style=\"color: #000000;\"><em>&#8220;A e njeh ndokush k\u00ebt\u00eb stil k\u00ebrc\u00ebnimi?&#8221;<\/em>&#8211; shkruan ai.<\/span><\/p>\n<p><iframe loading=\"lazy\" style=\"border: none; overflow: hidden;\" src=\"https:\/\/www.facebook.com\/plugins\/post.php?href=https%3A%2F%2Fwww.facebook.com%2FjanezjansaSDS%2Fposts%2F10161229422338572&amp;show_text=true&amp;width=500\" width=\"500\" height=\"645\" frameborder=\"0\" scrolling=\"no\" allowfullscreen=\"allowfullscreen\"><\/iframe><\/p>\n","protected":false,"gt_translate_keys":[{"key":"rendered","format":"html"}]},"excerpt":{"rendered":"<p>Kryeministri slloven Janez Jansha ka marr\u00eb nj\u00eb pako p\u00ebrmes s\u00eb cil\u00ebs ai dhe familja e tij jan\u00eb k\u00ebrc\u00ebnuar me jet\u00eb, nd\u00ebrsa nj\u00eb k\u00ebrc\u00ebnim t\u00eb ngjash\u00ebm ka marr\u00eb edhe ministri i Mbrojtjes Matej Tonin. T\u00eb pakt\u00ebn k\u00ebshtu kan\u00eb raportuar mediat sllovene mbr\u00ebmjen e kaluar. Sipas k\u00ebtyre raportimeve, kryeministri Jansha ka marr\u00eb k\u00ebrc\u00ebnime me vdekje n\u00eb nj\u00eb [&hellip;]<\/p>\n","protected":false,"gt_translate_keys":[{"key":"rendered","format":"html"}]},"author":30,"featured_media":480596,"comment_status":"closed","ping_status":"closed","sticky":false,"template":"","format":"standard","meta":{"footnotes":""},"categories":[6,13],"tags":[],"class_list":["post-480595","post","type-post","status-publish","format-standard","has-post-thumbnail","hentry","category-nderkombetare","category-te-fundit"],"gt_translate_keys":[{"key":"link","format":"url"}],"_links":{"self":[{"href":"https:\/\/www.hashtag.al\/index.php\/wp-json\/wp\/v2\/posts\/480595","targetHints":{"allow":["GET"]}}],"collection":[{"href":"https:\/\/www.hashtag.al\/index.php\/wp-json\/wp\/v2\/posts"}],"about":[{"href":"https:\/\/www.hashtag.al\/index.php\/wp-json\/wp\/v2\/types\/post"}],"author":[{"embeddable":true,"href":"https:\/\/www.hashtag.al\/index.php\/wp-json\/wp\/v2\/users\/30"}],"replies":[{"embeddable":true,"href":"https:\/\/www.hashtag.al\/index.php\/wp-json\/wp\/v2\/comments?post=480595"}],"version-history":[{"count":0,"href":"https:\/\/www.hashtag.al\/index.php\/wp-json\/wp\/v2\/posts\/480595\/revisions"}],"wp:featuredmedia":[{"embeddable":true,"href":"https:\/\/www.hashtag.al\/index.php\/wp-json\/wp\/v2\/media\/480596"}],"wp:attachment":[{"href":"https:\/\/www.hashtag.al\/index.php\/wp-json\/wp\/v2\/media?parent=480595"}],"wp:term":[{"taxonomy":"category","embeddable":true,"href":"https:\/\/www.hashtag.al\/index.php\/wp-json\/wp\/v2\/categories?post=480595"},{"taxonomy":"post_tag","embeddable":true,"href":"https:\/\/www.hashtag.al\/index.php\/wp-json\/wp\/v2\/tags?post=480595"}],"curies":[{"name":"wp","href":"https:\/\/api.w.org\/{rel}","templated":true}]}}